{"id":1696,"date":"2022-01-18T12:34:18","date_gmt":"2022-01-18T11:34:18","guid":{"rendered":"https:\/\/www.firstcisl.it\/umbria\/?p=1696"},"modified":"2022-01-18T12:41:12","modified_gmt":"2022-01-18T11:41:12","slug":"celebrato-il-congresso-di-first-cisl-umbria-francesco-marini-rieletto-allunanimita","status":"publish","type":"post","link":"https:\/\/www.firstcisl.it\/umbria\/2022\/01\/18\/celebrato-il-congresso-di-first-cisl-umbria-francesco-marini-rieletto-allunanimita\/","title":{"rendered":"Celebrato il Congresso di First Cisl Umbria, Francesco Marini rieletto all&#8217;unanimit\u00e0"},"content":{"rendered":"<p>Francesco Marini \u00e8 stato rieletto all&#8217;unanimit\u00e0 segretario generale di First Cisl Umbria. Si \u00e8 tenuto venerd\u00ec 14 gennaio 2022, alla Domus Pacis di Assisi, il secondo Congresso regionale di First Cisl Umbria, in cui sono stati rinnovati gli organi che guideranno per i prossimi quattro anni la pi\u00f9 rappresentativa sigla sindacale della categoria dei bancari.<\/p>\n<p>Al congresso, oltre ai delegati in rappresentanza dei principali istituti di credito del territorio, hanno partecipato numerosi esponenti della Cisl Umbria, fra cui il segretario generale regionale Angelo Manzotti, la segreteria generale della Fistel Simona Garofalo, il presidente dell&#8217;Adiconsum Giancarlo Monsignori e il segretario dell&#8217;Fnp Cisl Luigi Fabiani.<\/p>\n<p><a href=\"https:\/\/www.firstcisl.it\/umbria\/wp-content\/uploads\/sites\/59\/2022\/01\/FirstCisl_Umbria_segreteria_20220114.jpg\" target=\"_blank\" rel=\"noopener noreferrer\"><img loading=\"lazy\" decoding=\"async\" class=\"alignright wp-image-1699\" src=\"https:\/\/www.firstcisl.it\/umbria\/wp-content\/uploads\/sites\/59\/2022\/01\/FirstCisl_Umbria_segreteria_20220114-300x168.jpg\" alt=\"\" width=\"320\" height=\"179\" srcset=\"https:\/\/www.firstcisl.it\/umbria\/wp-content\/uploads\/sites\/59\/2022\/01\/FirstCisl_Umbria_segreteria_20220114-300x168.jpg 300w, https:\/\/www.firstcisl.it\/umbria\/wp-content\/uploads\/sites\/59\/2022\/01\/FirstCisl_Umbria_segreteria_20220114-1024x574.jpg 1024w, https:\/\/www.firstcisl.it\/umbria\/wp-content\/uploads\/sites\/59\/2022\/01\/FirstCisl_Umbria_segreteria_20220114-768x430.jpg 768w, https:\/\/www.firstcisl.it\/umbria\/wp-content\/uploads\/sites\/59\/2022\/01\/FirstCisl_Umbria_segreteria_20220114-1536x860.jpg 1536w, https:\/\/www.firstcisl.it\/umbria\/wp-content\/uploads\/sites\/59\/2022\/01\/FirstCisl_Umbria_segreteria_20220114.jpg 2048w\" sizes=\"auto, (max-width: 320px) 100vw, 320px\" \/><\/a>Dopo il saluto della sindaca di Assisi, Stefania Proietti, che ha fatto gli onori di casa, il congresso si \u00e8 aperto con un ampio apprezzamento dell&#8217;assemblea al segretario uscente Marini, al quale \u00e8 stato riconosciuto l&#8217;importante lavoro svolto nel \u00a0corso del mandato, segnato da equilibrio, passione e competenza. Piena condivisione anche sulla relazione con la quale Marini ha tracciato le linee di indirizzo per il nuovo corso di First Cisl Umbria: difesa e valorizzazione del lavoro e delle professionalit\u00e0, sfida per le nuove forme contrattuali, lotta alle pressioni commerciali e alla chiusura degli sportelli sul territorio e, infine, sempre maggiore collaborazione confederale con tutte le categorie. Queste le sfide che il neo eletto segretario ha condiviso con il nuovo Consiglio generale e che hanno visto la piena condivisione dei vertici regionali della Cisl. Al termine di una lunga mattinata di lavori e stata infine eletta anche la segreteria regionale e i delegati per il congresso nazionale e regionale.<\/p>\n<p>&nbsp;<\/p>\n<div class=\"gsp_post_data\" \r\n\t            data-post_type=\"post\" \r\n\t            data-cat=\"in-primo-piano\" \r\n\t            data-modified=\"120\"\r\n\t            data-created=\"1642509258\"\r\n\t            data-title=\"Celebrato il Congresso di First Cisl Umbria, Francesco Marini rieletto all&#8217;unanimit\u00e0\" \r\n\t            data-home=\"https:\/\/www.firstcisl.it\/umbria\"><\/div>","protected":false},"excerpt":{"rendered":"<p>Francesco Marini \u00e8 stato rieletto all&#8217;unanimit\u00e0 segretario generale di First Cisl Umbria. Si \u00e8 tenuto venerd\u00ec 14 gennaio 2022, alla Domus Pacis di Assisi, il secondo Congresso regionale di First Cisl Umbria, in cui sono stati rinnovati gli organi che guideranno per i prossimi quattro anni la pi\u00f9 rappresentativa sigla sindacale della categoria dei bancari. [&hellip;]<\/p>\n","protected":false},"author":87,"featured_media":1698,"comment_status":"closed","ping_status":"closed","sticky":false,"template":"","format":"standard","meta":{"footnotes":""},"categories":[4],"tags":[30,27,35,11,34,28,32,24,31,33,29,36],"class_list":["post-1696","post","type-post","status-publish","format-standard","has-post-thumbnail","hentry","category-in-primo-piano","tag-adiconsum","tag-angelo-manzotti","tag-assisi","tag-congresso","tag-first-cisl-umbria","tag-fistel","tag-fnp-cisl","tag-francesco-marini","tag-giancarlo-monsignori","tag-luigi-fabiani","tag-simona-garofalo","tag-stefania-proietti"],"_links":{"self":[{"href":"https:\/\/www.firstcisl.it\/umbria\/wp-json\/wp\/v2\/posts\/1696","targetHints":{"allow":["GET"]}}],"collection":[{"href":"https:\/\/www.firstcisl.it\/umbria\/wp-json\/wp\/v2\/posts"}],"about":[{"href":"https:\/\/www.firstcisl.it\/umbria\/wp-json\/wp\/v2\/types\/post"}],"author":[{"embeddable":true,"href":"https:\/\/www.firstcisl.it\/umbria\/wp-json\/wp\/v2\/users\/87"}],"replies":[{"embeddable":true,"href":"https:\/\/www.firstcisl.it\/umbria\/wp-json\/wp\/v2\/comments?post=1696"}],"version-history":[{"count":6,"href":"https:\/\/www.firstcisl.it\/umbria\/wp-json\/wp\/v2\/posts\/1696\/revisions"}],"predecessor-version":[{"id":1704,"href":"https:\/\/www.firstcisl.it\/umbria\/wp-json\/wp\/v2\/posts\/1696\/revisions\/1704"}],"wp:featuredmedia":[{"embeddable":true,"href":"https:\/\/www.firstcisl.it\/umbria\/wp-json\/wp\/v2\/media\/1698"}],"wp:attachment":[{"href":"https:\/\/www.firstcisl.it\/umbria\/wp-json\/wp\/v2\/media?parent=1696"}],"wp:term":[{"taxonomy":"category","embeddable":true,"href":"https:\/\/www.firstcisl.it\/umbria\/wp-json\/wp\/v2\/categories?post=1696"},{"taxonomy":"post_tag","embeddable":true,"href":"https:\/\/www.firstcisl.it\/umbria\/wp-json\/wp\/v2\/tags?post=1696"}],"curies":[{"name":"wp","href":"https:\/\/api.w.org\/{rel}","templated":true}]}}