{"id":3006,"date":"2026-04-25T08:00:28","date_gmt":"2026-04-25T06:00:28","guid":{"rendered":"https:\/\/www.firstcisl.it\/romagna\/?p=3006"},"modified":"2026-04-17T10:54:12","modified_gmt":"2026-04-17T08:54:12","slug":"25-aprile-2026-la-liberta-e-una-luce-che-non-si-spegne-mai","status":"publish","type":"post","link":"https:\/\/www.firstcisl.it\/romagna\/2026\/04\/25\/25-aprile-2026-la-liberta-e-una-luce-che-non-si-spegne-mai\/","title":{"rendered":"25 aprile 2026 &#8211; La libert\u00e0 \u00e8 una luce che non si spegne mai"},"content":{"rendered":"<p>La Festa della Liberazione ci richiama a una responsabilit\u00e0 semplice ma importante: non dare mai per scontata la libert\u00e0 conquistata.<\/p>\n<p>La nostra storia \u00e8 fatta di scelte difficili, di coraggio e di dignit\u00e0 ed \u00e8 una memoria che continua a riguardarci da vicino. Sta anche a noi, ogni giorno, darle senso con comportamenti che guardano al futuro.<\/p>\n<p>&nbsp;<\/p>\n<div class=\"gsp_post_data\" \r\n\t            data-post_type=\"post\" \r\n\t            data-cat=\"25-aprile\" \r\n\t            data-modified=\"120\"\r\n\t            data-created=\"1777104028\"\r\n\t            data-title=\"25 aprile 2026 &#8211; La libert\u00e0 \u00e8 una luce che non si spegne mai\" \r\n\t            data-home=\"https:\/\/www.firstcisl.it\/romagna\"><\/div>","protected":false},"excerpt":{"rendered":"<p>La Festa della Liberazione ci richiama a una responsabilit\u00e0 semplice ma importante: non dare mai per scontata la libert\u00e0 conquistata. La nostra storia \u00e8 fatta di scelte difficili, di coraggio e di dignit\u00e0 ed \u00e8 una memoria che continua a riguardarci da vicino. Sta anche a noi, ogni giorno, darle senso con comportamenti che guardano [&hellip;]<\/p>\n","protected":false},"author":55,"featured_media":3007,"comment_status":"closed","ping_status":"closed","sticky":false,"template":"","format":"standard","meta":{"footnotes":""},"categories":[17],"tags":[],"class_list":["post-3006","post","type-post","status-publish","format-standard","has-post-thumbnail","hentry","category-25-aprile"],"_links":{"self":[{"href":"https:\/\/www.firstcisl.it\/romagna\/wp-json\/wp\/v2\/posts\/3006","targetHints":{"allow":["GET"]}}],"collection":[{"href":"https:\/\/www.firstcisl.it\/romagna\/wp-json\/wp\/v2\/posts"}],"about":[{"href":"https:\/\/www.firstcisl.it\/romagna\/wp-json\/wp\/v2\/types\/post"}],"author":[{"embeddable":true,"href":"https:\/\/www.firstcisl.it\/romagna\/wp-json\/wp\/v2\/users\/55"}],"replies":[{"embeddable":true,"href":"https:\/\/www.firstcisl.it\/romagna\/wp-json\/wp\/v2\/comments?post=3006"}],"version-history":[{"count":1,"href":"https:\/\/www.firstcisl.it\/romagna\/wp-json\/wp\/v2\/posts\/3006\/revisions"}],"predecessor-version":[{"id":3008,"href":"https:\/\/www.firstcisl.it\/romagna\/wp-json\/wp\/v2\/posts\/3006\/revisions\/3008"}],"wp:featuredmedia":[{"embeddable":true,"href":"https:\/\/www.firstcisl.it\/romagna\/wp-json\/wp\/v2\/media\/3007"}],"wp:attachment":[{"href":"https:\/\/www.firstcisl.it\/romagna\/wp-json\/wp\/v2\/media?parent=3006"}],"wp:term":[{"taxonomy":"category","embeddable":true,"href":"https:\/\/www.firstcisl.it\/romagna\/wp-json\/wp\/v2\/categories?post=3006"},{"taxonomy":"post_tag","embeddable":true,"href":"https:\/\/www.firstcisl.it\/romagna\/wp-json\/wp\/v2\/tags?post=3006"}],"curies":[{"name":"wp","href":"https:\/\/api.w.org\/{rel}","templated":true}]}}