{"id":2677,"date":"2025-02-28T17:45:25","date_gmt":"2025-02-28T16:45:25","guid":{"rendered":"https:\/\/www.firstcisl.it\/puglia\/?p=2677"},"modified":"2025-02-28T17:49:31","modified_gmt":"2025-02-28T16:49:31","slug":"una-pugliese-ai-vertici-sindacali-di-intesa-san-paolo-lucia-schiraldi-eletta-segretaria-responsabile-della-sas-di-complesso-first-cisl","status":"publish","type":"post","link":"https:\/\/www.firstcisl.it\/puglia\/2025\/02\/28\/una-pugliese-ai-vertici-sindacali-di-intesa-san-paolo-lucia-schiraldi-eletta-segretaria-responsabile-della-sas-di-complesso-first-cisl\/","title":{"rendered":"Una pugliese ai vertici sindacali di Intesa San Paolo: Lucia Schiraldi eletta Segretaria Responsabile della SAS di Complesso First Cisl"},"content":{"rendered":"<p>Originaria del capoluogo dauno, <strong>Lucia Schiraldi<\/strong> vanta una lunga e solida esperienza sindacale, avviata nel 1990 con il suo ingresso nell\u2019allora Istituto Sanpaolo di Torino. Fin dai primi anni ha affiancato l\u2019attivit\u00e0 professionale, a un impegno sindacale costante: inizialmente come semplice militante, poi come Rsa, ha dedicato energie e determinazione alla tutela delle lavoratrici e dei lavoratori, prima con la Fiba e successivamente con la First Cisl, assumendo ruoli di crescente responsabilit\u00e0.<\/p>\n<p>Grazie al suo impegno e ai valori umani che da sempre contraddistinguono il suo operato, ha maturato una profonda conoscenza del settore e delle dinamiche sindacali, fino a ricoprire, da Segretaria\/Coordinatrice responsabile del territorio di Foggia, il ruolo di segretaria organizzativa della regione Puglia e poi della SAS di Complesso ISP, oltre che di componente della segreteria di Gruppo e della delegazione trattante aziendale.<\/p>\n<p>Da ieri \u00e8 stata eletta dal nuovo Direttivo, Segretaria responsabile della SAS di Complesso di Intesa Sanpaolo, nel corso del <a href=\"https:\/\/www.firstcisl.it\/gruppointesa\/2025\/02\/27\/a-riccione-il-congresso-della-sas-complesso-first-cisl-isp-elegge-lucia-schiraldi-segretaria-responsabile\/\" target=\"_blank\" rel=\"noopener\">3\u00b0 Congresso della First Cisl di ISP<\/a>, tenutosi a Riccione il 26 e 27 febbraio.<\/p>\n<p>\u201c<em>Sono onorata per la fiducia ricevuta da colleghi e amici<\/em>\u201d \u2013 ha dichiarato <strong>Schiraldi<\/strong>, visibilmente emozionata davanti alla platea di delegate e delegati \u2013 \u201c<em>Ora ci attende la responsabilit\u00e0 di guidare la SAS di Complesso pi\u00f9 grande d\u2019Italia. Sar\u00e0 un compito impegnativo, ma mai <\/em>avere paura della paura<em>. Continueremo con serenit\u00e0 nel solco di chi ci ha preceduto, forti di una nuova Segreteria e di un mandato fondato su tre pilastri, come lo slogan del nostro congresso: Partecipazione, Rappresentanza, Proselitismo<\/em>.\u201d<\/p>\n<p>L\u2019elezione di Lucia Schiraldi rappresenta un motivo di orgoglio per la First Cisl di Puglia, come ha sottolineato <strong>Pasquale Berloco<\/strong>, segretario generale regionale: \u201c<em>\u00c8 il riconoscimento di un percorso sindacale costruito con grande impegno, profondendo passione e competenza, e contribuendo a valorizzare le Persone<\/em>\u201d.<\/p>\n<p>\u201c<em>Lucia ha dimostrato un\u2019attenzione particolare alla tutela di chi affronta maggiori difficolt\u00e0 sul posto di lavoro, ha lavorato per garantire pari opportunit\u00e0 a tutte e tutti, con particolare attenzione alle donne, alle persone con disabilit\u00e0 e alle tante esodate e tanti esodati fuoriusciti dalle aziende di un settore che specialmente nella provincia dauna vede ogni anno la chiusura di sportelli e agenzie, un fenomeno che la nostra Lucia ha sempre denunciato con decisione<\/em>\u201d.<\/p>\n<p>\u201c<em>A Lucia Schiraldi vanno le nostre congratulazioni per questo importante traguardo a nome di tutta la First Cisl della Puglia e gli auguri di buon lavoro nel nuovo, importante ruolo\u201d <\/em>\u2013 ha concluso Berloco \u2013<em> \u201cSiamo certi che continuer\u00e0 a contribuire alla crescita della nostra Organizzazione, rafforzando la presenza del sindacato nella tutela di iscritte e iscritti<\/em>.\u201d<\/p>\n<p><a href=\"https:\/\/www.firstcisl.it\/puglia\/wp-content\/uploads\/sites\/23\/2025\/02\/IMG_2998.jpg\"><img loading=\"lazy\" decoding=\"async\" class=\"alignleft size-medium wp-image-2681\" src=\"https:\/\/www.firstcisl.it\/puglia\/wp-content\/uploads\/sites\/23\/2025\/02\/IMG_2998-300x206.jpg\" alt=\"\" width=\"300\" height=\"206\" srcset=\"https:\/\/www.firstcisl.it\/puglia\/wp-content\/uploads\/sites\/23\/2025\/02\/IMG_2998-300x206.jpg 300w, https:\/\/www.firstcisl.it\/puglia\/wp-content\/uploads\/sites\/23\/2025\/02\/IMG_2998-1024x702.jpg 1024w, https:\/\/www.firstcisl.it\/puglia\/wp-content\/uploads\/sites\/23\/2025\/02\/IMG_2998-768x527.jpg 768w, https:\/\/www.firstcisl.it\/puglia\/wp-content\/uploads\/sites\/23\/2025\/02\/IMG_2998-1536x1053.jpg 1536w, https:\/\/www.firstcisl.it\/puglia\/wp-content\/uploads\/sites\/23\/2025\/02\/IMG_2998.jpg 2048w\" sizes=\"auto, (max-width: 300px) 100vw, 300px\" \/><\/a><a href=\"https:\/\/www.firstcisl.it\/puglia\/wp-content\/uploads\/sites\/23\/2025\/02\/IMG_3002.jpg\"><img loading=\"lazy\" decoding=\"async\" class=\"alignleft size-medium wp-image-2682\" src=\"https:\/\/www.firstcisl.it\/puglia\/wp-content\/uploads\/sites\/23\/2025\/02\/IMG_3002-300x190.jpg\" alt=\"\" width=\"300\" height=\"190\" srcset=\"https:\/\/www.firstcisl.it\/puglia\/wp-content\/uploads\/sites\/23\/2025\/02\/IMG_3002-300x190.jpg 300w, https:\/\/www.firstcisl.it\/puglia\/wp-content\/uploads\/sites\/23\/2025\/02\/IMG_3002-1024x647.jpg 1024w, https:\/\/www.firstcisl.it\/puglia\/wp-content\/uploads\/sites\/23\/2025\/02\/IMG_3002-768x485.jpg 768w, https:\/\/www.firstcisl.it\/puglia\/wp-content\/uploads\/sites\/23\/2025\/02\/IMG_3002-1536x971.jpg 1536w, https:\/\/www.firstcisl.it\/puglia\/wp-content\/uploads\/sites\/23\/2025\/02\/IMG_3002.jpg 2048w\" sizes=\"auto, (max-width: 300px) 100vw, 300px\" \/><\/a><a href=\"https:\/\/www.firstcisl.it\/puglia\/wp-content\/uploads\/sites\/23\/2025\/02\/IMG_3010.jpg\"><img loading=\"lazy\" decoding=\"async\" class=\"alignleft size-medium wp-image-2684\" src=\"https:\/\/www.firstcisl.it\/puglia\/wp-content\/uploads\/sites\/23\/2025\/02\/IMG_3010-300x185.jpg\" alt=\"\" width=\"300\" height=\"185\" srcset=\"https:\/\/www.firstcisl.it\/puglia\/wp-content\/uploads\/sites\/23\/2025\/02\/IMG_3010-300x185.jpg 300w, https:\/\/www.firstcisl.it\/puglia\/wp-content\/uploads\/sites\/23\/2025\/02\/IMG_3010-1024x632.jpg 1024w, https:\/\/www.firstcisl.it\/puglia\/wp-content\/uploads\/sites\/23\/2025\/02\/IMG_3010-768x474.jpg 768w, https:\/\/www.firstcisl.it\/puglia\/wp-content\/uploads\/sites\/23\/2025\/02\/IMG_3010-1536x948.jpg 1536w, https:\/\/www.firstcisl.it\/puglia\/wp-content\/uploads\/sites\/23\/2025\/02\/IMG_3010.jpg 2048w\" sizes=\"auto, (max-width: 300px) 100vw, 300px\" \/><\/a><a href=\"https:\/\/www.firstcisl.it\/puglia\/wp-content\/uploads\/sites\/23\/2025\/02\/IMG_3012.jpg\"><img loading=\"lazy\" decoding=\"async\" class=\"alignleft size-medium wp-image-2685\" src=\"https:\/\/www.firstcisl.it\/puglia\/wp-content\/uploads\/sites\/23\/2025\/02\/IMG_3012-300x186.jpg\" alt=\"\" width=\"300\" height=\"186\" srcset=\"https:\/\/www.firstcisl.it\/puglia\/wp-content\/uploads\/sites\/23\/2025\/02\/IMG_3012-300x186.jpg 300w, https:\/\/www.firstcisl.it\/puglia\/wp-content\/uploads\/sites\/23\/2025\/02\/IMG_3012-1024x634.jpg 1024w, https:\/\/www.firstcisl.it\/puglia\/wp-content\/uploads\/sites\/23\/2025\/02\/IMG_3012-768x476.jpg 768w, https:\/\/www.firstcisl.it\/puglia\/wp-content\/uploads\/sites\/23\/2025\/02\/IMG_3012-1536x951.jpg 1536w, https:\/\/www.firstcisl.it\/puglia\/wp-content\/uploads\/sites\/23\/2025\/02\/IMG_3012.jpg 2048w\" sizes=\"auto, (max-width: 300px) 100vw, 300px\" \/><\/a><a href=\"https:\/\/www.firstcisl.it\/puglia\/wp-content\/uploads\/sites\/23\/2025\/02\/LUCIA-2.jpg\"><img loading=\"lazy\" decoding=\"async\" class=\"size-medium wp-image-2686 alignnone\" src=\"https:\/\/www.firstcisl.it\/puglia\/wp-content\/uploads\/sites\/23\/2025\/02\/LUCIA-2-300x235.jpg\" alt=\"\" width=\"300\" height=\"235\" srcset=\"https:\/\/www.firstcisl.it\/puglia\/wp-content\/uploads\/sites\/23\/2025\/02\/LUCIA-2-300x235.jpg 300w, https:\/\/www.firstcisl.it\/puglia\/wp-content\/uploads\/sites\/23\/2025\/02\/LUCIA-2-1024x801.jpg 1024w, https:\/\/www.firstcisl.it\/puglia\/wp-content\/uploads\/sites\/23\/2025\/02\/LUCIA-2-768x600.jpg 768w, https:\/\/www.firstcisl.it\/puglia\/wp-content\/uploads\/sites\/23\/2025\/02\/LUCIA-2-1536x1201.jpg 1536w, https:\/\/www.firstcisl.it\/puglia\/wp-content\/uploads\/sites\/23\/2025\/02\/LUCIA-2.jpg 2048w\" sizes=\"auto, (max-width: 300px) 100vw, 300px\" \/><\/a><a href=\"https:\/\/www.firstcisl.it\/puglia\/wp-content\/uploads\/sites\/23\/2025\/02\/IMG_3005.jpg\"><img loading=\"lazy\" decoding=\"async\" class=\"alignleft wp-image-2691\" src=\"https:\/\/www.firstcisl.it\/puglia\/wp-content\/uploads\/sites\/23\/2025\/02\/IMG_3005-300x222.jpg\" alt=\"\" width=\"245\" height=\"181\" srcset=\"https:\/\/www.firstcisl.it\/puglia\/wp-content\/uploads\/sites\/23\/2025\/02\/IMG_3005-300x222.jpg 300w, https:\/\/www.firstcisl.it\/puglia\/wp-content\/uploads\/sites\/23\/2025\/02\/IMG_3005-1024x757.jpg 1024w, https:\/\/www.firstcisl.it\/puglia\/wp-content\/uploads\/sites\/23\/2025\/02\/IMG_3005-768x567.jpg 768w, https:\/\/www.firstcisl.it\/puglia\/wp-content\/uploads\/sites\/23\/2025\/02\/IMG_3005-1536x1135.jpg 1536w, https:\/\/www.firstcisl.it\/puglia\/wp-content\/uploads\/sites\/23\/2025\/02\/IMG_3005-120x90.jpg 120w, https:\/\/www.firstcisl.it\/puglia\/wp-content\/uploads\/sites\/23\/2025\/02\/IMG_3005.jpg 2048w\" sizes=\"auto, (max-width: 245px) 100vw, 245px\" \/><\/a><a href=\"https:\/\/www.firstcisl.it\/puglia\/wp-content\/uploads\/sites\/23\/2025\/02\/PHOTO-2025-02-27-11-28-32.jpg\"><img loading=\"lazy\" decoding=\"async\" class=\"alignleft size-medium wp-image-2687\" src=\"https:\/\/www.firstcisl.it\/puglia\/wp-content\/uploads\/sites\/23\/2025\/02\/PHOTO-2025-02-27-11-28-32-300x212.jpg\" alt=\"\" width=\"300\" height=\"212\" srcset=\"https:\/\/www.firstcisl.it\/puglia\/wp-content\/uploads\/sites\/23\/2025\/02\/PHOTO-2025-02-27-11-28-32-300x212.jpg 300w, https:\/\/www.firstcisl.it\/puglia\/wp-content\/uploads\/sites\/23\/2025\/02\/PHOTO-2025-02-27-11-28-32-1024x723.jpg 1024w, https:\/\/www.firstcisl.it\/puglia\/wp-content\/uploads\/sites\/23\/2025\/02\/PHOTO-2025-02-27-11-28-32-768x542.jpg 768w, https:\/\/www.firstcisl.it\/puglia\/wp-content\/uploads\/sites\/23\/2025\/02\/PHOTO-2025-02-27-11-28-32-1536x1084.jpg 1536w, https:\/\/www.firstcisl.it\/puglia\/wp-content\/uploads\/sites\/23\/2025\/02\/PHOTO-2025-02-27-11-28-32.jpg 1570w\" sizes=\"auto, (max-width: 300px) 100vw, 300px\" \/><\/a><a href=\"https:\/\/www.firstcisl.it\/puglia\/wp-content\/uploads\/sites\/23\/2025\/02\/PHOTO-2025-02-27-13-19-56.jpg\"><img loading=\"lazy\" decoding=\"async\" class=\"alignleft wp-image-2688\" src=\"https:\/\/www.firstcisl.it\/puglia\/wp-content\/uploads\/sites\/23\/2025\/02\/PHOTO-2025-02-27-13-19-56-300x225.jpg\" alt=\"\" width=\"336\" height=\"252\" srcset=\"https:\/\/www.firstcisl.it\/puglia\/wp-content\/uploads\/sites\/23\/2025\/02\/PHOTO-2025-02-27-13-19-56-300x225.jpg 300w, https:\/\/www.firstcisl.it\/puglia\/wp-content\/uploads\/sites\/23\/2025\/02\/PHOTO-2025-02-27-13-19-56-1024x768.jpg 1024w, https:\/\/www.firstcisl.it\/puglia\/wp-content\/uploads\/sites\/23\/2025\/02\/PHOTO-2025-02-27-13-19-56-768x576.jpg 768w, https:\/\/www.firstcisl.it\/puglia\/wp-content\/uploads\/sites\/23\/2025\/02\/PHOTO-2025-02-27-13-19-56-1536x1152.jpg 1536w, https:\/\/www.firstcisl.it\/puglia\/wp-content\/uploads\/sites\/23\/2025\/02\/PHOTO-2025-02-27-13-19-56-120x90.jpg 120w, https:\/\/www.firstcisl.it\/puglia\/wp-content\/uploads\/sites\/23\/2025\/02\/PHOTO-2025-02-27-13-19-56.jpg 2048w\" sizes=\"auto, (max-width: 336px) 100vw, 336px\" \/><\/a><a href=\"https:\/\/www.firstcisl.it\/puglia\/wp-content\/uploads\/sites\/23\/2025\/02\/Segreteria-banca-Intesa.png\"><img loading=\"lazy\" decoding=\"async\" class=\"alignleft size-medium wp-image-2689\" src=\"https:\/\/www.firstcisl.it\/puglia\/wp-content\/uploads\/sites\/23\/2025\/02\/Segreteria-banca-Intesa-300x196.png\" alt=\"\" width=\"300\" height=\"196\" srcset=\"https:\/\/www.firstcisl.it\/puglia\/wp-content\/uploads\/sites\/23\/2025\/02\/Segreteria-banca-Intesa-300x196.png 300w, https:\/\/www.firstcisl.it\/puglia\/wp-content\/uploads\/sites\/23\/2025\/02\/Segreteria-banca-Intesa-1024x668.png 1024w, https:\/\/www.firstcisl.it\/puglia\/wp-content\/uploads\/sites\/23\/2025\/02\/Segreteria-banca-Intesa-768x501.png 768w, https:\/\/www.firstcisl.it\/puglia\/wp-content\/uploads\/sites\/23\/2025\/02\/Segreteria-banca-Intesa.png 1141w\" sizes=\"auto, (max-width: 300px) 100vw, 300px\" \/><\/a><a href=\"https:\/\/www.firstcisl.it\/puglia\/wp-content\/uploads\/sites\/23\/2025\/02\/IMG_2907.jpg\"><img loading=\"lazy\" decoding=\"async\" class=\"alignleft size-medium wp-image-2690\" src=\"https:\/\/www.firstcisl.it\/puglia\/wp-content\/uploads\/sites\/23\/2025\/02\/IMG_2907-300x200.jpg\" alt=\"\" width=\"300\" height=\"200\" srcset=\"https:\/\/www.firstcisl.it\/puglia\/wp-content\/uploads\/sites\/23\/2025\/02\/IMG_2907-300x200.jpg 300w, https:\/\/www.firstcisl.it\/puglia\/wp-content\/uploads\/sites\/23\/2025\/02\/IMG_2907-1024x683.jpg 1024w, https:\/\/www.firstcisl.it\/puglia\/wp-content\/uploads\/sites\/23\/2025\/02\/IMG_2907-768x512.jpg 768w, https:\/\/www.firstcisl.it\/puglia\/wp-content\/uploads\/sites\/23\/2025\/02\/IMG_2907-1536x1024.jpg 1536w, https:\/\/www.firstcisl.it\/puglia\/wp-content\/uploads\/sites\/23\/2025\/02\/IMG_2907.jpg 2048w\" sizes=\"auto, (max-width: 300px) 100vw, 300px\" \/><\/a><\/p>\n<div class=\"gsp_post_data\" \r\n\t            data-post_type=\"post\" \r\n\t            data-cat=\"congresso-2025\" \r\n\t            data-modified=\"120\"\r\n\t            data-created=\"1740764725\"\r\n\t            data-title=\"Una pugliese ai vertici sindacali di Intesa San Paolo: Lucia Schiraldi eletta Segretaria Responsabile della SAS di Complesso First Cisl\" \r\n\t            data-home=\"https:\/\/www.firstcisl.it\/puglia\"><\/div>","protected":false},"excerpt":{"rendered":"<p>Originaria del capoluogo dauno, Lucia Schiraldi vanta una lunga e solida esperienza sindacale, avviata nel 1990 con il suo ingresso nell\u2019allora Istituto Sanpaolo di Torino. Fin dai primi anni ha affiancato l\u2019attivit\u00e0 professionale, a un impegno sindacale costante: inizialmente come semplice militante, poi come Rsa, ha dedicato energie e determinazione alla tutela delle lavoratrici e [&hellip;]<\/p>\n","protected":false},"author":20,"featured_media":2679,"comment_status":"closed","ping_status":"closed","sticky":false,"template":"","format":"standard","meta":{"footnotes":""},"categories":[159],"tags":[162,47,14],"class_list":["post-2677","post","type-post","status-publish","format-standard","has-post-thumbnail","hentry","category-congresso-2025","tag-intesa-sanpaolo","tag-lucia-schiraldi","tag-pasquale-berloco"],"_links":{"self":[{"href":"https:\/\/www.firstcisl.it\/puglia\/wp-json\/wp\/v2\/posts\/2677","targetHints":{"allow":["GET"]}}],"collection":[{"href":"https:\/\/www.firstcisl.it\/puglia\/wp-json\/wp\/v2\/posts"}],"about":[{"href":"https:\/\/www.firstcisl.it\/puglia\/wp-json\/wp\/v2\/types\/post"}],"author":[{"embeddable":true,"href":"https:\/\/www.firstcisl.it\/puglia\/wp-json\/wp\/v2\/users\/20"}],"replies":[{"embeddable":true,"href":"https:\/\/www.firstcisl.it\/puglia\/wp-json\/wp\/v2\/comments?post=2677"}],"version-history":[{"count":7,"href":"https:\/\/www.firstcisl.it\/puglia\/wp-json\/wp\/v2\/posts\/2677\/revisions"}],"predecessor-version":[{"id":2697,"href":"https:\/\/www.firstcisl.it\/puglia\/wp-json\/wp\/v2\/posts\/2677\/revisions\/2697"}],"wp:featuredmedia":[{"embeddable":true,"href":"https:\/\/www.firstcisl.it\/puglia\/wp-json\/wp\/v2\/media\/2679"}],"wp:attachment":[{"href":"https:\/\/www.firstcisl.it\/puglia\/wp-json\/wp\/v2\/media?parent=2677"}],"wp:term":[{"taxonomy":"category","embeddable":true,"href":"https:\/\/www.firstcisl.it\/puglia\/wp-json\/wp\/v2\/categories?post=2677"},{"taxonomy":"post_tag","embeddable":true,"href":"https:\/\/www.firstcisl.it\/puglia\/wp-json\/wp\/v2\/tags?post=2677"}],"curies":[{"name":"wp","href":"https:\/\/api.w.org\/{rel}","templated":true}]}}