{"id":2621,"date":"2025-01-14T12:18:34","date_gmt":"2025-01-14T11:18:34","guid":{"rendered":"https:\/\/www.firstcisl.it\/puglia\/?p=2621"},"modified":"2025-01-14T12:44:33","modified_gmt":"2025-01-14T11:44:33","slug":"la-cisl-di-bari-da-un-anno-impegnata-contro-le-liste-di-attesa-nella-sanita-pubblica-regionale-berloco-first-cisl-battaglia-di-civilta","status":"publish","type":"post","link":"https:\/\/www.firstcisl.it\/puglia\/2025\/01\/14\/la-cisl-di-bari-da-un-anno-impegnata-contro-le-liste-di-attesa-nella-sanita-pubblica-regionale-berloco-first-cisl-battaglia-di-civilta\/","title":{"rendered":"La Cisl di Bari impegnata contro le liste di attesa nella sanit\u00e0 pubblica regionale. Berloco, First Cisl Puglia: battaglia di civilt\u00e0"},"content":{"rendered":"<p>Si \u00e8 tenuta<a href=\"https:\/\/www.cislbari.com\/2025\/01\/07\/visite-urgenti-garantite-solo-a-23-su-100-a-bari-e-provincia-e-a-6-su-100-nella-bat-campagna-di-mobilitazione-contro-le-liste-dattesa-infinite-un-anno-dopo-la-cisl-rilancia-via-ai-r\/\" target=\"_blank\" rel=\"noopener\"> il 7 gennaio, nell\u2019aula consiliare del Comune di Bari, la manifestazione<\/a> promossa dalla Cisl di Bari e dalla Federazione nazionale dei pensionati della Cisl del capoluogo pugliese come occasione di denuncia e bilancio ad un anno dall\u2019avvio della <strong>campagna di mobilitazione pubblica promossa dalla Confederazione<\/strong> sindacale cislina contro le infinite liste di attesa per accedere ai vari servizi delle ASL delle province Bari e Bat e di tutto il territorio regionale.<\/p>\n<p>Un\u2019iniziativa che in un anno ha consentito, come dichiarato alla stampa dal segretario della Cisl di Bari, Giuseppe Boccuzzi, di supportare concretamente e gratuitamente migliaia di cittadine e di cittadini in difficolt\u00e0 nel vedere riconosciuto il diritto a tempi rapidi in occasione della prenotazione dei servizi sanitari, offrendo loro un sostegno burocratico e legale per ottenere quanto stabilito dalla legge e dalla Costituzione.<\/p>\n<p>Un semplice <a href=\"https:\/\/www.cislbari.com\/wp-content\/uploads\/2024\/01\/Vademecum-AGGIORNATO-al-23.01.2024.pdf\">vademecum<\/a> su come comportarsi per avanzare reclami e vedere riconosciuti i propri diritti, edito e curato da CISL Bari e da FNP Bari e distribuito in migliaia di copie alla cittadinanza, <a href=\"https:\/\/www.cislbari.com\/wp-content\/uploads\/2024\/01\/Vademecum-AGGIORNATO-al-23.01.2024.pdf\"><strong>oltre che scaricabile in pdf<\/strong><\/a>, ha consentito a tantissime famiglie, di lavoratori e di pensionati, un pi\u00f9 equo accesso alle cure denunciando, al contempo, l\u2019inefficienza di un sistema sanitario che sempre pi\u00f9 si orienta al privato a discapito del servizio pubblico.<\/p>\n<p>\u201c<em>Nel 2024 ci sono voluti in media 152 giorni per una risonanza magnetica e richieste di visite ritenute urgenti dai medici di base accolte solo nel 23% del casi, nella area metropolitana di Bari, con percentuali ancora inferiori nella Bat e in altre province pugliesi<\/em>\u201d \u00e8 quanto ha denunciato <strong>Giuseppe Boccuzzi<\/strong>, segretario UST CISL Bari, al Sindaco di Bari, Vito Leccese, e ai Consiglieri comunali di maggioranza ed opposizione presenti in aula durante l\u2019evento, con dichiarazioni ampiamente riportate dalla stampa: il <a href=\"https:\/\/www.quotidianodipuglia.it\/bari\/bari_liste_d_attesa_sanita_report_cisl-8579439.html\">Quotidiano di Puglia<\/a>, la Gazzetta del Mezzogiorno<a href=\"https:\/\/bari.repubblica.it\/cronaca\/2025\/01\/07\/news\/bari_prenota_risonanza_l_attesa_e_2_anni_e_mezzo_la_cisl_cosi_si_alimentano_i_privati-423924730\/\">, l\u2019edizione locale di Repubblica<\/a>, e <a href=\"https:\/\/www.cislbari.com\/category\/news\/\" target=\"_blank\" rel=\"noopener\">tante altre testate nazionali e locali<\/a> che da un anno seguono l\u2019iniziativa della CISL di Bari.<\/p>\n<p>Sull\u2019iniziativa si \u00e8 espresso a margine anche il segretario regionale della <strong>First Cisl<\/strong> di Puglia, <strong>Pasquale Berloco<\/strong>: \u201c<em>Quella per l\u2019abbattimento delle liste d\u2019attesa e per favorire l\u2019accesso alle cure \u00e8 una sacrosanta battaglia di civilt\u00e0 in attuazione dei principi della Costituzione e delle leggi vigenti. Anche se come lavoratrici e lavoratori bancari, assicurativi o esattoriali ci viene spesso fornita dal datore di lavoro una copertura assicurativa sanitaria collettiva, non possiamo non lottare anche noi per il concreto riconoscimento del diritto universale alle cure, a tutela delle fasce pi\u00f9 deboli della popolazione<\/em>\u201d.<\/p>\n<p>&nbsp;<\/p>\n<p><a href=\"https:\/\/www.firstcisl.it\/puglia\/wp-content\/uploads\/sites\/23\/2025\/01\/Vademecum-Cisl-Bari-AGGIORNATO-al-23.01.2024.pdf\"><strong>VADEMECUM<\/strong> Visite, analisi, ricoveri: cosa sapere per il rispetto dei tuoi diritti\u00a0 &#8211;\u00a0 Cisl Bari\u00a0<\/a><\/p>\n<p><a href=\"https:\/\/www.firstcisl.it\/puglia\/wp-content\/uploads\/sites\/23\/2025\/01\/aula-consiliare-7-gen-2025.jpg\"><img loading=\"lazy\" decoding=\"async\" class=\"wp-image-2627 aligncenter\" src=\"https:\/\/www.firstcisl.it\/puglia\/wp-content\/uploads\/sites\/23\/2025\/01\/aula-consiliare-7-gen-2025-300x225.jpg\" alt=\"\" width=\"360\" height=\"270\" srcset=\"https:\/\/www.firstcisl.it\/puglia\/wp-content\/uploads\/sites\/23\/2025\/01\/aula-consiliare-7-gen-2025-300x225.jpg 300w, https:\/\/www.firstcisl.it\/puglia\/wp-content\/uploads\/sites\/23\/2025\/01\/aula-consiliare-7-gen-2025-1024x768.jpg 1024w, https:\/\/www.firstcisl.it\/puglia\/wp-content\/uploads\/sites\/23\/2025\/01\/aula-consiliare-7-gen-2025-768x576.jpg 768w, https:\/\/www.firstcisl.it\/puglia\/wp-content\/uploads\/sites\/23\/2025\/01\/aula-consiliare-7-gen-2025-1536x1152.jpg 1536w, https:\/\/www.firstcisl.it\/puglia\/wp-content\/uploads\/sites\/23\/2025\/01\/aula-consiliare-7-gen-2025-120x90.jpg 120w, https:\/\/www.firstcisl.it\/puglia\/wp-content\/uploads\/sites\/23\/2025\/01\/aula-consiliare-7-gen-2025.jpg 1600w\" sizes=\"auto, (max-width: 360px) 100vw, 360px\" \/><\/a><\/p>\n<p>&nbsp;<\/p>\n<div class=\"gsp_post_data\" \r\n\t            data-post_type=\"post\" \r\n\t            data-cat=\"news\" \r\n\t            data-modified=\"120\"\r\n\t            data-created=\"1736857114\"\r\n\t            data-title=\"La Cisl di Bari impegnata contro le liste di attesa nella sanit\u00e0 pubblica regionale. Berloco, First Cisl Puglia: battaglia di civilt\u00e0\" \r\n\t            data-home=\"https:\/\/www.firstcisl.it\/puglia\"><\/div>","protected":false},"excerpt":{"rendered":"<p>Si \u00e8 tenuta il 7 gennaio, nell\u2019aula consiliare del Comune di Bari, la manifestazione promossa dalla Cisl di Bari e dalla Federazione nazionale dei pensionati della Cisl del capoluogo pugliese come occasione di denuncia e bilancio ad un anno dall\u2019avvio della campagna di mobilitazione pubblica promossa dalla Confederazione sindacale cislina contro le infinite liste di [&hellip;]<\/p>\n","protected":false},"author":20,"featured_media":2636,"comment_status":"closed","ping_status":"closed","sticky":false,"template":"","format":"standard","meta":{"footnotes":""},"categories":[5],"tags":[156,157,111,51,155,14,158],"class_list":["post-2621","post","type-post","status-publish","format-standard","has-post-thumbnail","hentry","category-news","tag-asl-bari","tag-asl-bat","tag-cisl-bari","tag-giuseppe-boccuzzi","tag-liste-dattesa-visite-mediche","tag-pasquale-berloco","tag-sanita-puglia"],"_links":{"self":[{"href":"https:\/\/www.firstcisl.it\/puglia\/wp-json\/wp\/v2\/posts\/2621","targetHints":{"allow":["GET"]}}],"collection":[{"href":"https:\/\/www.firstcisl.it\/puglia\/wp-json\/wp\/v2\/posts"}],"about":[{"href":"https:\/\/www.firstcisl.it\/puglia\/wp-json\/wp\/v2\/types\/post"}],"author":[{"embeddable":true,"href":"https:\/\/www.firstcisl.it\/puglia\/wp-json\/wp\/v2\/users\/20"}],"replies":[{"embeddable":true,"href":"https:\/\/www.firstcisl.it\/puglia\/wp-json\/wp\/v2\/comments?post=2621"}],"version-history":[{"count":15,"href":"https:\/\/www.firstcisl.it\/puglia\/wp-json\/wp\/v2\/posts\/2621\/revisions"}],"predecessor-version":[{"id":2646,"href":"https:\/\/www.firstcisl.it\/puglia\/wp-json\/wp\/v2\/posts\/2621\/revisions\/2646"}],"wp:featuredmedia":[{"embeddable":true,"href":"https:\/\/www.firstcisl.it\/puglia\/wp-json\/wp\/v2\/media\/2636"}],"wp:attachment":[{"href":"https:\/\/www.firstcisl.it\/puglia\/wp-json\/wp\/v2\/media?parent=2621"}],"wp:term":[{"taxonomy":"category","embeddable":true,"href":"https:\/\/www.firstcisl.it\/puglia\/wp-json\/wp\/v2\/categories?post=2621"},{"taxonomy":"post_tag","embeddable":true,"href":"https:\/\/www.firstcisl.it\/puglia\/wp-json\/wp\/v2\/tags?post=2621"}],"curies":[{"name":"wp","href":"https:\/\/api.w.org\/{rel}","templated":true}]}}