{"id":2450,"date":"2026-04-25T08:00:07","date_gmt":"2026-04-25T06:00:07","guid":{"rendered":"https:\/\/www.firstcisl.it\/parmaepiacenza\/?p=2450"},"modified":"2026-04-17T11:57:57","modified_gmt":"2026-04-17T09:57:57","slug":"25-aprile-che-la-liberta-sia-un-sentimento-capace-di-attraversare-e-unire-il-mondo-intero","status":"publish","type":"post","link":"https:\/\/www.firstcisl.it\/parmaepiacenza\/2026\/04\/25\/25-aprile-che-la-liberta-sia-un-sentimento-capace-di-attraversare-e-unire-il-mondo-intero\/","title":{"rendered":"25 aprile, che la libert\u00e0 sia un sentimento capace di attraversare e unire il mondo intero"},"content":{"rendered":"<p>Due bambini si stringono, volgendo lo sguardo a un medesimo orizzonte, oltre muri e distanze che paiono separarli.<\/p>\n<p>In quel gesto essenziale si rivela il senso pi\u00f9 autentico del 25 aprile: la libert\u00e0 non \u00e8 soltanto memoria, ma un sentimento vivo, capace di attraversare e unire il mondo intero.<\/p>\n<p>La libert\u00e0 \u00e8 la facolt\u00e0 di riconoscersi nell\u2019altro, di edificare ponti l\u00e0 dove sorgono confini, di scegliere il futuro con coraggio e consapevolezza.<\/p>\n<p>Perch\u00e9 la libert\u00e0, quando \u00e8 vera, non conosce appartenenze: \u00e8 patrimonio universale.<\/p>\n<div class=\"gsp_post_data\" \r\n\t            data-post_type=\"post\" \r\n\t            data-cat=\"25-aprile\" \r\n\t            data-modified=\"120\"\r\n\t            data-created=\"1777104007\"\r\n\t            data-title=\"25 aprile, che la libert\u00e0 sia un sentimento capace di attraversare e unire il mondo intero\" \r\n\t            data-home=\"https:\/\/www.firstcisl.it\/parmaepiacenza\"><\/div>","protected":false},"excerpt":{"rendered":"<p>Due bambini si stringono, volgendo lo sguardo a un medesimo orizzonte, oltre muri e distanze che paiono separarli. In quel gesto essenziale si rivela il senso pi\u00f9 autentico del 25 aprile: la libert\u00e0 non \u00e8 soltanto memoria, ma un sentimento vivo, capace di attraversare e unire il mondo intero. La libert\u00e0 \u00e8 la facolt\u00e0 di [&hellip;]<\/p>\n","protected":false},"author":55,"featured_media":2451,"comment_status":"closed","ping_status":"closed","sticky":false,"template":"","format":"standard","meta":{"footnotes":""},"categories":[25],"tags":[],"class_list":["post-2450","post","type-post","status-publish","format-standard","has-post-thumbnail","hentry","category-25-aprile"],"_links":{"self":[{"href":"https:\/\/www.firstcisl.it\/parmaepiacenza\/wp-json\/wp\/v2\/posts\/2450","targetHints":{"allow":["GET"]}}],"collection":[{"href":"https:\/\/www.firstcisl.it\/parmaepiacenza\/wp-json\/wp\/v2\/posts"}],"about":[{"href":"https:\/\/www.firstcisl.it\/parmaepiacenza\/wp-json\/wp\/v2\/types\/post"}],"author":[{"embeddable":true,"href":"https:\/\/www.firstcisl.it\/parmaepiacenza\/wp-json\/wp\/v2\/users\/55"}],"replies":[{"embeddable":true,"href":"https:\/\/www.firstcisl.it\/parmaepiacenza\/wp-json\/wp\/v2\/comments?post=2450"}],"version-history":[{"count":1,"href":"https:\/\/www.firstcisl.it\/parmaepiacenza\/wp-json\/wp\/v2\/posts\/2450\/revisions"}],"predecessor-version":[{"id":2452,"href":"https:\/\/www.firstcisl.it\/parmaepiacenza\/wp-json\/wp\/v2\/posts\/2450\/revisions\/2452"}],"wp:featuredmedia":[{"embeddable":true,"href":"https:\/\/www.firstcisl.it\/parmaepiacenza\/wp-json\/wp\/v2\/media\/2451"}],"wp:attachment":[{"href":"https:\/\/www.firstcisl.it\/parmaepiacenza\/wp-json\/wp\/v2\/media?parent=2450"}],"wp:term":[{"taxonomy":"category","embeddable":true,"href":"https:\/\/www.firstcisl.it\/parmaepiacenza\/wp-json\/wp\/v2\/categories?post=2450"},{"taxonomy":"post_tag","embeddable":true,"href":"https:\/\/www.firstcisl.it\/parmaepiacenza\/wp-json\/wp\/v2\/tags?post=2450"}],"curies":[{"name":"wp","href":"https:\/\/api.w.org\/{rel}","templated":true}]}}