{"id":470,"date":"2026-04-15T19:34:52","date_gmt":"2026-04-15T17:34:52","guid":{"rendered":"https:\/\/www.firstcisl.it\/napoli\/?p=470"},"modified":"2026-04-15T22:35:32","modified_gmt":"2026-04-15T20:35:32","slug":"la-first-cisl-napoli-ha-partecipato-gli-stati-generali-della-sanita-napoletana","status":"publish","type":"post","link":"https:\/\/www.firstcisl.it\/napoli\/2026\/04\/15\/la-first-cisl-napoli-ha-partecipato-gli-stati-generali-della-sanita-napoletana\/","title":{"rendered":"La First Cisl Napoli ha partecipato agli Stati Generali della sanit\u00e0 napoletana"},"content":{"rendered":"<p>La First Cisl Napoli, con la Segreteria composta da Gianluca D&#8217;Auria, Ciro Linardo e Giovanna Cirillo, ha partecipato oggi agli Stati Generali della sanit\u00e0 napoletana. Presso l\u2019Aula Magna del Complesso Universitario di Scampia a Napoli, l<strong>a CISL Napoli con la relazione della Segreteria Generale di Napoli, Melicia Combierati<\/strong>, interventi autorevoli e la relazione finale del Segretario Nazionale Cisl Mattia Pirulli,<strong> ha denunciato il grave stato di crisi in molti settori della Sanit\u00e0 nel nostro territorio.<\/strong><\/p>\n<p>\u00c8 necessaria un&#8217;interlocuzione con le Istituzioni regionali affinch\u00e9 attraverso formazione e assunzioni si affrontino con risolutezza la carenza dei posti letto, la rinuncia alla cura, il dumping contrattuale nella sanit\u00e0 privata. \u00c8 stata richiesta la nomina dell&#8217;Assessore regionale alla Sanit\u00e0 e l&#8217;abbassamento delle aliquote regionali fiscali, inique per i redditi medio-bassi.<\/p>\n\n        <div class='html5_video_players' style=\"width:100%;\" data-nonce=\"00a153f3b5\" data-attributes=\"{&quot;additionalID&quot;:&quot;&quot;,&quot;options&quot;:{&quot;controls&quot;:[&quot;play-large&quot;,&quot;play&quot;,&quot;progress&quot;,&quot;duration&quot;,&quot;current-time&quot;,&quot;mute&quot;,&quot;volume&quot;,&quot;settings&quot;,&quot;fullscreen&quot;],&quot;tooltips&quot;:{&quot;controls&quot;:true,&quot;seek&quot;:true},&quot;seekTime&quot;:10,&quot;loop&quot;:{&quot;active&quot;:false},&quot;autoplay&quot;:false,&quot;muted&quot;:false,&quot;hideControls&quot;:true,&quot;resetOnEnd&quot;:false,&quot;captions&quot;:{&quot;active&quot;:true,&quot;update&quot;:false,&quot;language&quot;:&quot;auto&quot;},&quot;ratio&quot;:null,&quot;speed&quot;:{&quot;selected&quot;:1,&quot;options&quot;:[0.5,0.75,1,1.25,1.75]},&quot;storage&quot;:{&quot;enabled&quot;:true},&quot;urls&quot;:{&quot;download&quot;:null},&quot;markers&quot;:{&quot;enabled&quot;:false,&quot;points&quot;:[]},&quot;ads&quot;:{&quot;enabled&quot;:false},&quot;repeat&quot;:false,&quot;fullscreen&quot;:{&quot;iosNative&quot;:true},&quot;preload&quot;:&quot;metadata&quot;},&quot;features&quot;:{&quot;overlay&quot;:{&quot;enabled&quot;:false,&quot;items&quot;:[{&quot;color&quot;:&quot;#fff&quot;,&quot;hoverColor&quot;:&quot;#fff&quot;,&quot;fontSize&quot;:&quot;17px&quot;,&quot;link&quot;:&quot;#&quot;,&quot;logo&quot;:false,&quot;position&quot;:&quot;top_right&quot;,&quot;text&quot;:&quot;Overlay Sample Text&quot;,&quot;type&quot;:&quot;text&quot;,&quot;backgroundColor&quot;:&quot;#333&quot;,&quot;opacity&quot;:&quot;0.7&quot;}]},&quot;sticky&quot;:{&quot;enabled&quot;:false,&quot;position&quot;:&quot;top_left&quot;},&quot;chapters&quot;:[],&quot;watermark&quot;:{&quot;enabled&quot;:false},&quot;thumbInPause&quot;:{&quot;enabled&quot;:false,&quot;type&quot;:&quot;default&quot;},&quot;endScreen&quot;:{&quot;enabled&quot;:false,&quot;text&quot;:&quot;&quot;,&quot;btnText&quot;:&quot;Watch Again&quot;,&quot;btnLink&quot;:&quot;#&quot;},&quot;popup&quot;:{&quot;enabled&quot;:false,&quot;selector&quot;:&quot;&quot;,&quot;hasBtn&quot;:false,&quot;type&quot;:&quot;button&quot;,&quot;btnText&quot;:&quot;Watch Video&quot;,&quot;btnStyle&quot;:[]},&quot;hideYoutubeUI&quot;:false,&quot;hideLoadingPlaceholder&quot;:false,&quot;passwordProtected&quot;:{&quot;enabled&quot;:false,&quot;key&quot;:&quot;&quot;}},&quot;propagans&quot;:&quot;&quot;,&quot;customDownloadURL&quot;:&quot;&quot;,&quot;captionEnabled&quot;:false,&quot;disableDownload&quot;:false,&quot;disablePause&quot;:false,&quot;startTime&quot;:0,&quot;autoplayWhenVisible&quot;:false,&quot;saveState&quot;:false,&quot;protected&quot;:false,&quot;captions&quot;:[],&quot;qualities&quot;:[],&quot;source&quot;:&quot;https:\\\/\\\/www.firstcisl.it\\\/napoli\\\/wp-content\\\/uploads\\\/sites\\\/92\\\/2026\\\/04\\\/TG3_Campania.mp4&quot;,&quot;poster&quot;:&quot;&quot;,&quot;hideYoutubeUI&quot;:0,&quot;branding&quot;:{&quot;enabled&quot;:false,&quot;color&quot;:&quot;#fff&quot;},&quot;styles&quot;:{&quot;plyr_wrapper&quot;:{&quot;width&quot;:&quot;100%&quot;}},&quot;type&quot;:&quot;quickPlayer&quot;}\">\n            <div class=\"preload_poster\" style=\"background: url();background-position: 50% 50%;overflow:hidden;aspect-ratio:\">\n                <svg width=\"36px\" height=\"36px\" viewBox=\"0 0 15 15\" fill=\"none\" xmlns=\"http:\/\/www.w3.org\/2000\/svg\">\n                    <path d=\"M4.79062 2.09314C4.63821 1.98427 4.43774 1.96972 4.27121 2.05542C4.10467 2.14112 4 2.31271 4 2.5V12.5C4 12.6873 4.10467 12.8589 4.27121 12.9446C4.43774 13.0303 4.63821 13.0157 4.79062 12.9069L11.7906 7.90687C11.922 7.81301 12 7.66148 12 7.5C12 7.33853 11.922 7.18699 11.7906 7.09314L4.79062 2.09314Z\" fill=\"#fff\" \/>\n                <\/svg>\n            <\/div>\n        <\/div>\n\n<p>&nbsp;<\/p>\n<div class=\"gsp_post_data\" \r\n\t            data-post_type=\"post\" \r\n\t            data-cat=\"approfondimento\" \r\n\t            data-modified=\"120\"\r\n\t            data-created=\"1776281692\"\r\n\t            data-title=\"La First Cisl Napoli ha partecipato agli Stati Generali della sanit\u00e0 napoletana\" \r\n\t            data-home=\"https:\/\/www.firstcisl.it\/napoli\"><\/div>","protected":false},"excerpt":{"rendered":"<p>La First Cisl Napoli, con la Segreteria composta da Gianluca D&#8217;Auria, Ciro Linardo e Giovanna Cirillo, ha partecipato oggi agli Stati Generali della sanit\u00e0 napoletana. Presso l\u2019Aula Magna del Complesso Universitario di Scampia a Napoli, la CISL Napoli con la relazione della Segreteria Generale di Napoli, Melicia Combierati, interventi autorevoli e la relazione finale del [&hellip;]<\/p>\n","protected":false},"author":52,"featured_media":472,"comment_status":"open","ping_status":"open","sticky":false,"template":"","format":"standard","meta":{"footnotes":""},"categories":[8],"tags":[12,14,15,13],"class_list":["post-470","post","type-post","status-publish","format-standard","has-post-thumbnail","hentry","category-approfondimento","tag-cisl","tag-lavoro","tag-occupazione","tag-sanita"],"_links":{"self":[{"href":"https:\/\/www.firstcisl.it\/napoli\/wp-json\/wp\/v2\/posts\/470","targetHints":{"allow":["GET"]}}],"collection":[{"href":"https:\/\/www.firstcisl.it\/napoli\/wp-json\/wp\/v2\/posts"}],"about":[{"href":"https:\/\/www.firstcisl.it\/napoli\/wp-json\/wp\/v2\/types\/post"}],"author":[{"embeddable":true,"href":"https:\/\/www.firstcisl.it\/napoli\/wp-json\/wp\/v2\/users\/52"}],"replies":[{"embeddable":true,"href":"https:\/\/www.firstcisl.it\/napoli\/wp-json\/wp\/v2\/comments?post=470"}],"version-history":[{"count":4,"href":"https:\/\/www.firstcisl.it\/napoli\/wp-json\/wp\/v2\/posts\/470\/revisions"}],"predecessor-version":[{"id":476,"href":"https:\/\/www.firstcisl.it\/napoli\/wp-json\/wp\/v2\/posts\/470\/revisions\/476"}],"wp:featuredmedia":[{"embeddable":true,"href":"https:\/\/www.firstcisl.it\/napoli\/wp-json\/wp\/v2\/media\/472"}],"wp:attachment":[{"href":"https:\/\/www.firstcisl.it\/napoli\/wp-json\/wp\/v2\/media?parent=470"}],"wp:term":[{"taxonomy":"category","embeddable":true,"href":"https:\/\/www.firstcisl.it\/napoli\/wp-json\/wp\/v2\/categories?post=470"},{"taxonomy":"post_tag","embeddable":true,"href":"https:\/\/www.firstcisl.it\/napoli\/wp-json\/wp\/v2\/tags?post=470"}],"curies":[{"name":"wp","href":"https:\/\/api.w.org\/{rel}","templated":true}]}}