{"id":2791,"date":"2026-04-24T10:42:04","date_gmt":"2026-04-24T08:42:04","guid":{"rendered":"https:\/\/www.firstcisl.it\/mps\/?p=2791"},"modified":"2026-04-24T10:42:04","modified_gmt":"2026-04-24T08:42:04","slug":"incontro-tra-le-segreterie-first-cisl-di-mps-e-mediobanca-valorizziamo-la-collaborazione-mantenendo-un-confronto-costante","status":"publish","type":"post","link":"https:\/\/www.firstcisl.it\/mps\/2026\/04\/24\/incontro-tra-le-segreterie-first-cisl-di-mps-e-mediobanca-valorizziamo-la-collaborazione-mantenendo-un-confronto-costante\/","title":{"rendered":"Incontro tra le Segreterie First Cisl di Mps e Mediobanca: valorizziamo la collaborazione mantenendo un confronto costante"},"content":{"rendered":"<p>Nella giornata di marted\u00ec 21 aprile 2026 si \u00e8 svolto un incontro tra le Segreterie First Cisl del Gruppo Mps e del Gruppo Mediobanca, esteso anche alle rispettive realt\u00e0 di gruppo.<\/p>\n<p>All&#8217;incontro hanno partecipato, per Mps, la Segretaria generale aggiunta con delega, <strong>Sabrina Brezzo<\/strong>, e per Mediobanca il coordinatore nazionale <strong>Alessandro Delfino<\/strong> insieme a <strong>Maria Grazia Barone Zabbara<\/strong>.<\/p>\n<p>Si \u00e8 trattato del primo momento di confronto in presenza tra tutte le Segreterie, dedicato alla conoscenza reciproca delle strutture e delle rispettive composizioni. La giornata di lavoro si \u00e8 svolta in un clima positivo e costruttivo, favorendo un approfondimento sulle realt\u00e0 delle rispettive societ\u00e0 e ponendo le basi per un percorso condiviso.<\/p>\n<p>In assenza, allo stato attuale, di un piano industriale di riferimento, l&#8217;incontro ha rappresentato un passaggio importante per rafforzare il dialogo e consolidare una collaborazione efficace tra le due strutture sindacali.<\/p>\n<p>\u201cIl lavoro che ci aspetta sar\u00e0 lungo e non sempre facile, ma come sempre saremo pronti ad affrontare tutte le sfide che si presenteranno\u201d, hanno dichiarato i Segretari responsabili dei Gruppi Mps e Mediobanca, <strong>Alessia Silvestri<\/strong> e <strong>Luca Mazzanti<\/strong>.<\/p>\n<p>\u201cLo faremo con l&#8217;impegno e la seriet\u00e0 che da sempre contraddistinguono First Cisl\u201d, hanno aggiunto la Segretaria generale aggiunta Sabrina Brezzo e il coordinatore nazionale Alessandro Delfino.<\/p>\n<p data-start=\"1435\" data-end=\"1628\">\n<div class=\"gsp_post_data\" \r\n\t            data-post_type=\"post\" \r\n\t            data-cat=\"news\" \r\n\t            data-modified=\"120\"\r\n\t            data-created=\"1777027324\"\r\n\t            data-title=\"Incontro tra le Segreterie First Cisl di Mps e Mediobanca: valorizziamo la collaborazione mantenendo un confronto costante\" \r\n\t            data-home=\"https:\/\/www.firstcisl.it\/mps\"><\/div>","protected":false},"excerpt":{"rendered":"<p>Nella giornata di marted\u00ec 21 aprile 2026 si \u00e8 svolto un incontro tra le Segreterie First Cisl del Gruppo Mps e del Gruppo Mediobanca, esteso anche alle rispettive realt\u00e0 di gruppo. All&#8217;incontro hanno partecipato, per Mps, la Segretaria generale aggiunta con delega, Sabrina Brezzo, e per Mediobanca il coordinatore nazionale Alessandro Delfino insieme a Maria [&hellip;]<\/p>\n","protected":false},"author":87,"featured_media":2793,"comment_status":"closed","ping_status":"closed","sticky":false,"template":"","format":"standard","meta":{"footnotes":""},"categories":[5],"tags":[203,89,20,202,166,114,29,18],"class_list":["post-2791","post","type-post","status-publish","format-standard","has-post-thumbnail","hentry","category-news","tag-alessandro-delfino","tag-alessia-silvestri","tag-banca-monte-dei-paschi-di-siena","tag-luca-mazzanti","tag-maria-grazia-barone-zabbara","tag-mediobanca","tag-mps","tag-sabrina-brezzo"],"_links":{"self":[{"href":"https:\/\/www.firstcisl.it\/mps\/wp-json\/wp\/v2\/posts\/2791","targetHints":{"allow":["GET"]}}],"collection":[{"href":"https:\/\/www.firstcisl.it\/mps\/wp-json\/wp\/v2\/posts"}],"about":[{"href":"https:\/\/www.firstcisl.it\/mps\/wp-json\/wp\/v2\/types\/post"}],"author":[{"embeddable":true,"href":"https:\/\/www.firstcisl.it\/mps\/wp-json\/wp\/v2\/users\/87"}],"replies":[{"embeddable":true,"href":"https:\/\/www.firstcisl.it\/mps\/wp-json\/wp\/v2\/comments?post=2791"}],"version-history":[{"count":1,"href":"https:\/\/www.firstcisl.it\/mps\/wp-json\/wp\/v2\/posts\/2791\/revisions"}],"predecessor-version":[{"id":2792,"href":"https:\/\/www.firstcisl.it\/mps\/wp-json\/wp\/v2\/posts\/2791\/revisions\/2792"}],"wp:featuredmedia":[{"embeddable":true,"href":"https:\/\/www.firstcisl.it\/mps\/wp-json\/wp\/v2\/media\/2793"}],"wp:attachment":[{"href":"https:\/\/www.firstcisl.it\/mps\/wp-json\/wp\/v2\/media?parent=2791"}],"wp:term":[{"taxonomy":"category","embeddable":true,"href":"https:\/\/www.firstcisl.it\/mps\/wp-json\/wp\/v2\/categories?post=2791"},{"taxonomy":"post_tag","embeddable":true,"href":"https:\/\/www.firstcisl.it\/mps\/wp-json\/wp\/v2\/tags?post=2791"}],"curies":[{"name":"wp","href":"https:\/\/api.w.org\/{rel}","templated":true}]}}