{"id":2193,"date":"2026-04-27T15:39:10","date_gmt":"2026-04-27T13:39:10","guid":{"rendered":"https:\/\/www.firstcisl.it\/monzabrianzalecco\/?p=2193"},"modified":"2026-04-27T16:00:54","modified_gmt":"2026-04-27T14:00:54","slug":"1-maggio","status":"publish","type":"post","link":"https:\/\/www.firstcisl.it\/monzabrianzalecco\/2026\/04\/27\/1-maggio\/","title":{"rendered":"1 maggio"},"content":{"rendered":"<p>Il Primo Maggio non \u00e8 solo una ricorrenza, \u00e8 un giorno che ricorda i <strong>diritti sindacali,<\/strong> il valore delle persone che hanno lottato e sacrificato per ottenere <strong>le tutele che abbiamo oggi,<\/strong> il prezzo delle loro fatiche e delle loro speranze.<\/p>\n<p>Dobbiamo continuare a lottare insieme, perch\u00e9 senza lavoro dignitoso non c\u2019\u00e8 futuro, e senza partecipazione non c\u2019\u00e8 vera giustizia.<br \/>\n\u00c8 da qui che ripartiamo ogni giorno, con responsabilit\u00e0 e coraggio, per dare voce al lavoro e costruire insieme un domani pi\u00f9 giusto.<\/p>\n<p>&nbsp;<\/p>\n<p><strong><em>Tiziana La Scala\u00a0<\/em><\/strong><\/p>\n<p><em>Segretario Generale First Cisl Monza Brianza Lecco<\/em><\/p>\n<p>&nbsp;<\/p>\n<blockquote class=\"wp-embedded-content\" data-secret=\"vUZQ7YTgJK\"><p><a href=\"https:\/\/www.monzalecco.lombardia.cisl.it\/?p=18977\">Primo Maggio &#8211; Festa dei Lavoratori<\/a><\/p><\/blockquote>\n<p><iframe loading=\"lazy\" class=\"wp-embedded-content\" sandbox=\"allow-scripts\" security=\"restricted\" style=\"position: absolute; visibility: hidden;\" title=\"&#8220;Primo Maggio &#8211; Festa dei Lavoratori&#8221; &#8212; Cisl Monza Brianza Lecco\" src=\"https:\/\/www.monzalecco.lombardia.cisl.it\/?p=18977&#038;embed=true#?secret=k35pl3rMrs#?secret=vUZQ7YTgJK\" data-secret=\"vUZQ7YTgJK\" width=\"600\" height=\"338\" frameborder=\"0\" marginwidth=\"0\" marginheight=\"0\" scrolling=\"no\"><\/iframe><\/p>\n<p>&nbsp;<\/p>\n<div class=\"gsp_post_data\" \r\n\t            data-post_type=\"post\" \r\n\t            data-cat=\"news\" \r\n\t            data-modified=\"120\"\r\n\t            data-created=\"1777304350\"\r\n\t            data-title=\"1 maggio\" \r\n\t            data-home=\"https:\/\/www.firstcisl.it\/monzabrianzalecco\"><\/div>","protected":false},"excerpt":{"rendered":"<p>Il Primo Maggio non \u00e8 solo una ricorrenza, \u00e8 un giorno che ricorda i diritti sindacali, il valore delle persone che hanno lottato e sacrificato per ottenere le tutele che abbiamo oggi, il prezzo delle loro fatiche e delle loro speranze. Dobbiamo continuare a lottare insieme, perch\u00e9 senza lavoro dignitoso non c\u2019\u00e8 futuro, e senza [&hellip;]<\/p>\n","protected":false},"author":105,"featured_media":2194,"comment_status":"closed","ping_status":"closed","sticky":false,"template":"","format":"standard","meta":{"footnotes":""},"categories":[5],"tags":[],"class_list":["post-2193","post","type-post","status-publish","format-standard","has-post-thumbnail","hentry","category-news"],"_links":{"self":[{"href":"https:\/\/www.firstcisl.it\/monzabrianzalecco\/wp-json\/wp\/v2\/posts\/2193","targetHints":{"allow":["GET"]}}],"collection":[{"href":"https:\/\/www.firstcisl.it\/monzabrianzalecco\/wp-json\/wp\/v2\/posts"}],"about":[{"href":"https:\/\/www.firstcisl.it\/monzabrianzalecco\/wp-json\/wp\/v2\/types\/post"}],"author":[{"embeddable":true,"href":"https:\/\/www.firstcisl.it\/monzabrianzalecco\/wp-json\/wp\/v2\/users\/105"}],"replies":[{"embeddable":true,"href":"https:\/\/www.firstcisl.it\/monzabrianzalecco\/wp-json\/wp\/v2\/comments?post=2193"}],"version-history":[{"count":3,"href":"https:\/\/www.firstcisl.it\/monzabrianzalecco\/wp-json\/wp\/v2\/posts\/2193\/revisions"}],"predecessor-version":[{"id":2199,"href":"https:\/\/www.firstcisl.it\/monzabrianzalecco\/wp-json\/wp\/v2\/posts\/2193\/revisions\/2199"}],"wp:featuredmedia":[{"embeddable":true,"href":"https:\/\/www.firstcisl.it\/monzabrianzalecco\/wp-json\/wp\/v2\/media\/2194"}],"wp:attachment":[{"href":"https:\/\/www.firstcisl.it\/monzabrianzalecco\/wp-json\/wp\/v2\/media?parent=2193"}],"wp:term":[{"taxonomy":"category","embeddable":true,"href":"https:\/\/www.firstcisl.it\/monzabrianzalecco\/wp-json\/wp\/v2\/categories?post=2193"},{"taxonomy":"post_tag","embeddable":true,"href":"https:\/\/www.firstcisl.it\/monzabrianzalecco\/wp-json\/wp\/v2\/tags?post=2193"}],"curies":[{"name":"wp","href":"https:\/\/api.w.org\/{rel}","templated":true}]}}