{"id":5792,"date":"2026-04-30T10:50:46","date_gmt":"2026-04-30T08:50:46","guid":{"rendered":"https:\/\/www.firstcisl.it\/milanometropoli\/?p=5792"},"modified":"2026-04-30T11:44:34","modified_gmt":"2026-04-30T09:44:34","slug":"30-aprile-e-1-maggio-due-date-tra-memoria-e-futuro","status":"publish","type":"post","link":"https:\/\/www.firstcisl.it\/milanometropoli\/2026\/04\/30\/30-aprile-e-1-maggio-due-date-tra-memoria-e-futuro\/","title":{"rendered":"30 aprile e 1\u00b0 Maggio, due date tra memoria e futuro"},"content":{"rendered":"<p>Il 30 aprile, anniversario della nascita della CISL, e il 1\u00b0 Maggio, Festa dei Lavoratori, sono due date indissolubilmente legate, non solo per continuit\u00e0 temporale.<\/p>\n<p>I due eventi, infatti, non costituiscono solo momenti di memoria e celebrazioni, ma occasioni vive per riflettere sul valore del lavoro e sul ruolo delle organizzazioni sindacali nella sua tutela e nel suo rinnovamento.<\/p>\n<p>La CISL nasce nel 1950, come sindacato autonomo e libero, in un momento cruciale della storia repubblicana, con l\u2019obiettivo di dare voce a lavoratrici e lavoratori in un Paese che stava ricostruendo s\u00e9 stesso.<\/p>\n<p>Da allora, \u00e8 stata presente e protagonista delle trasformazioni profonde del sistema produttivo, contribuendo a conquiste fondamentali: diritti, contrattazione collettiva, sicurezza, welfare. Celebrare questo anniversario significa riconoscere un patrimonio di impegno e responsabilit\u00e0 che ha accompagnato generazioni di persone.<\/p>\n<p>Il 1\u00b0 Maggio unisce idealmente lavoratrici e lavoratori di tutto il mondo. \u00c8 la giornata in cui si riafferma che il lavoro non \u00e8 soltanto un mezzo di sostentamento, ma un elemento essenziale di dignit\u00e0, partecipazione e cittadinanza. In un tempo segnato da cambiamenti rapidi e spesso disorientanti, questo messaggio resta, ancora oggi e pi\u00f9 che mai, profondamente attuale.<\/p>\n<p>Il mondo del lavoro italiano, inserito nel difficile contesto globale, si confronta con sfide complesse: la transizione digitale e quella ecologica stanno ridisegnando professioni e competenze, la precarizzazione e discontinuit\u00e0 del lavoro, soprattutto tra i giovani, mette in discussione la stabilit\u00e0 e la progettualit\u00e0 di vita, le disuguaglianze territoriali e di genere restano significative, mentre il tema dei salari e del potere d\u2019acquisto diventa centrale soprattutto in una citt\u00e0 come la nostra, ricca di possibilit\u00e0, ma in cui si fa sempre pi\u00f9 fatica ad arrivare a fine mese anche con un contratto a tempo indeterminato e uno stipendio stabile. A questo si aggiungono le trasformazioni demografiche, l\u2019esigenza di conciliare tempi di vita e di lavoro ed una pi\u00f9 marcata sensibilit\u00e0, soprattutto nelle nuove generazioni, che riguarda il rapporto stesso fra vita e lavoro.<\/p>\n<p>In questo contesto, il ruolo della CISL \u00e8 cruciale; la proposta della nostra organizzazione che da sempre si rinnova ma mantenendo sempre la centralit\u00e0 sulle persone e la partecipazione \u00e8 la risposta alla fatica quotidiana dei lavoratori e delle lavoratrici.<\/p>\n<p>Non si tratta solo di difendere diritti acquisiti, ma di costruirne di nuovi: accompagnare e gestire le transizioni, promuovere la formazione continua, rafforzare la qualit\u00e0 e la sicurezza del lavoro, dare rappresentanza anche a chi non ha voce o fatica a farsi ascoltare. Significa, in altre parole, essere protagonisti di un cambiamento che metta al centro la persona.<\/p>\n<p>Il legame fra 30 aprile e 1\u00b0 Maggio \u00e8 lo stesso che lega memoria e futuro; le conquiste del passato sono il punto di partenza per affrontare le sfide di oggi e di domani per ribadire che il lavoro, per essere davvero motore di sviluppo, deve restare fondato su dignit\u00e0, equit\u00e0 e partecipazione delle persone.<\/p>\n<p>&nbsp;<\/p>\n<p><em><strong>Segreteria First Cisl Milano Metropoli<\/strong><\/em><\/p>\n<hr \/>\n<p>Allegati: editoriale Segreteria &#8220;<a href=\"https:\/\/www.firstcisl.it\/milanometropoli\/wp-content\/uploads\/sites\/19\/2026\/04\/2026_04_30_MI_30aprile_e_1maggio_memoria_e_futuro.pdf\" target=\"_blank\" rel=\"noopener\">30 aprile e 1\u00b0 Maggio, due date tra memoria e futuro<\/a>&#8220;<\/p>\n<div class=\"gsp_post_data\" \r\n\t            data-post_type=\"post\" \r\n\t            data-cat=\"il-valore-delle-idee,in-primo-piano\" \r\n\t            data-modified=\"120\"\r\n\t            data-created=\"1777546246\"\r\n\t            data-title=\"30 aprile e 1\u00b0 Maggio, due date tra memoria e futuro\" \r\n\t            data-home=\"https:\/\/www.firstcisl.it\/milanometropoli\"><\/div>","protected":false},"excerpt":{"rendered":"<p>Il 30 aprile, anniversario della nascita della CISL, e il 1\u00b0 Maggio, Festa dei Lavoratori, sono due date indissolubilmente legate, non solo per continuit\u00e0 temporale. I due eventi, infatti, non costituiscono solo momenti di memoria e celebrazioni, ma occasioni vive per riflettere sul valore del lavoro e sul ruolo delle organizzazioni sindacali nella sua tutela [&hellip;]<\/p>\n","protected":false},"author":12,"featured_media":5797,"comment_status":"closed","ping_status":"closed","sticky":false,"template":"","format":"standard","meta":{"footnotes":""},"categories":[25,4],"tags":[917,916,32,138,756,449,147],"class_list":["post-5792","post","type-post","status-publish","format-standard","has-post-thumbnail","hentry","category-il-valore-delle-idee","category-in-primo-piano","tag-1-maggio","tag-30-aprile","tag-cisl","tag-editoriale","tag-festa-dei-lavoratori","tag-lavoro","tag-maddalena-acquaviti"],"_links":{"self":[{"href":"https:\/\/www.firstcisl.it\/milanometropoli\/wp-json\/wp\/v2\/posts\/5792","targetHints":{"allow":["GET"]}}],"collection":[{"href":"https:\/\/www.firstcisl.it\/milanometropoli\/wp-json\/wp\/v2\/posts"}],"about":[{"href":"https:\/\/www.firstcisl.it\/milanometropoli\/wp-json\/wp\/v2\/types\/post"}],"author":[{"embeddable":true,"href":"https:\/\/www.firstcisl.it\/milanometropoli\/wp-json\/wp\/v2\/users\/12"}],"replies":[{"embeddable":true,"href":"https:\/\/www.firstcisl.it\/milanometropoli\/wp-json\/wp\/v2\/comments?post=5792"}],"version-history":[{"count":6,"href":"https:\/\/www.firstcisl.it\/milanometropoli\/wp-json\/wp\/v2\/posts\/5792\/revisions"}],"predecessor-version":[{"id":5802,"href":"https:\/\/www.firstcisl.it\/milanometropoli\/wp-json\/wp\/v2\/posts\/5792\/revisions\/5802"}],"wp:featuredmedia":[{"embeddable":true,"href":"https:\/\/www.firstcisl.it\/milanometropoli\/wp-json\/wp\/v2\/media\/5797"}],"wp:attachment":[{"href":"https:\/\/www.firstcisl.it\/milanometropoli\/wp-json\/wp\/v2\/media?parent=5792"}],"wp:term":[{"taxonomy":"category","embeddable":true,"href":"https:\/\/www.firstcisl.it\/milanometropoli\/wp-json\/wp\/v2\/categories?post=5792"},{"taxonomy":"post_tag","embeddable":true,"href":"https:\/\/www.firstcisl.it\/milanometropoli\/wp-json\/wp\/v2\/tags?post=5792"}],"curies":[{"name":"wp","href":"https:\/\/api.w.org\/{rel}","templated":true}]}}