{"id":4804,"date":"2024-01-24T16:32:28","date_gmt":"2024-01-24T15:32:28","guid":{"rendered":"https:\/\/www.firstcisl.it\/milanometropoli\/?p=4804"},"modified":"2024-01-25T14:42:11","modified_gmt":"2024-01-25T13:42:11","slug":"certificazione-parita-di-genere-acquaviti-cruciale-il-presidio-sindacale","status":"publish","type":"post","link":"https:\/\/www.firstcisl.it\/milanometropoli\/2024\/01\/24\/certificazione-parita-di-genere-acquaviti-cruciale-il-presidio-sindacale\/","title":{"rendered":"Certificazione Parit\u00e0 di Genere, Acquaviti, cruciale il presidio sindacale"},"content":{"rendered":"<p>L&#8217;editoriale di Maddalena Acquaviti, segretaria First Cisl Milano Metropoli, dal titolo: &#8220;Certificazione della Parit\u00e0 di Genere, cruciale il presidio sindacale&#8221;<\/p>\n<p>&#8220;Con la L. 162\/2021 \u00e8 stata introdotta la Certificazione della Parit\u00e0 di Genere.<\/p>\n<p>La Certificazione viene riconosciuta alle aziende che ne fanno richiesta e che risultano rispondere adeguatamente ad una serie di indicatori nelle aree cultura e strategia, governance, processi HR, opportunit\u00e0 di crescita e inclusione delle donne in azienda, equit\u00e0 remunerativa, tutela della genitorialit\u00e0 e conciliazione vita-lavoro.<\/p>\n<p>Per le aziende che ottengono la Certificazione un doppio vantaggio:\u00a0uno sgravio contributivo del\u20191%, oltre alla possibilit\u00e0 di un miglior punteggio in bandi per finanziamenti e appalti,\u00a0e un ritorno di immagine importante.<\/p>\n<p>Molte aziende anche nei nostri settori, quindi, si stanno attivando per il riconoscimento.<\/p>\n<p>Se questo \u00e8 sicuramente uno sprone a introdurre e attuare politiche pi\u00f9 inclusive che favoriscano la parit\u00e0 di genere e l\u2019empowerment femminile, dall\u2019altro il rischio che le aziende ambiscano solo ai vantaggi senza mettere realmente in discussione l\u2019organizzazione del lavoro \u00e8 molto alta.<\/p>\n<p>Un ambiente lavorativo pi\u00f9 inclusivo, che risponda alle reali esigenze dei lavoratori in termini di crescita professionale in armonia con la vita personale, pu\u00f2 avvantaggiare tutte le lavoratrici e i lavoratori, e non solo coloro che vengono penalizzati maggiormente da politiche pi\u00f9 ostili quali le donne, i disabili e ogni altra categoria svantaggiata.<\/p>\n<p>Ma questo risultato non si pu\u00f2 ottenere solo con interventi di make-up senza una profonda revisione dei modelli organizzativi.<\/p>\n<p>Il ruolo del sindacato diventa cruciale, non solo nel presidiare le tematiche pi\u00f9 strettamente di genere, che sono quelle indagate per il riconoscimento della Certificazione, ma per promuovere un\u2019organizzazione pi\u00f9 inclusiva del lavoro di cui beneficia l\u2019intera popolazione aziendale.&#8221;<\/p>\n<p>Comunicazione First Cisl Milano Metropoli<\/p>\n<p><strong>Allegati:<\/strong><\/p>\n<ul>\n<li>&#8220;<a href=\"https:\/\/www.firstcisl.it\/milanometropoli\/wp-content\/uploads\/sites\/19\/2024\/01\/2024_01_24_MI_editotiale_acquaviti_certificazione_parita_di_genere.pdf\" target=\"_blank\" rel=\"noopener\">Certificazione della Parit\u00e0 di Genere<\/a>, cruciale il presidio sindacale&#8221;<\/li>\n<li>\u00a0 <a href=\"https:\/\/www.firstcisl.it\/milanometropoli\/wp-content\/uploads\/sites\/19\/2024\/01\/certificazione-parita-di-genere.pdf\" target=\"_blank\" rel=\"noopener\">documento<\/a> Coordinamento pari opportunit\u00e0 e politiche di genere<\/li>\n<\/ul>\n<div class=\"gsp_post_data\" \r\n\t            data-post_type=\"post\" \r\n\t            data-cat=\"il-valore-delle-idee\" \r\n\t            data-modified=\"120\"\r\n\t            data-created=\"1706113948\"\r\n\t            data-title=\"Certificazione Parit\u00e0 di Genere, Acquaviti, cruciale il presidio sindacale\" \r\n\t            data-home=\"https:\/\/www.firstcisl.it\/milanometropoli\"><\/div>","protected":false},"excerpt":{"rendered":"<p>L&#8217;editoriale di Maddalena Acquaviti, segretaria First Cisl Milano Metropoli, dal titolo: &#8220;Certificazione della Parit\u00e0 di Genere, cruciale il presidio sindacale&#8221; &#8220;Con la L. 162\/2021 \u00e8 stata introdotta la Certificazione della Parit\u00e0 di Genere. La Certificazione viene riconosciuta alle aziende che ne fanno richiesta e che risultano rispondere adeguatamente ad una serie di indicatori nelle aree [&hellip;]<\/p>\n","protected":false},"author":12,"featured_media":3211,"comment_status":"closed","ping_status":"closed","sticky":false,"template":"","format":"standard","meta":{"footnotes":""},"categories":[25],"tags":[725,138,147,414,27],"class_list":["post-4804","post","type-post","status-publish","format-standard","has-post-thumbnail","hentry","category-il-valore-delle-idee","tag-certificazione","tag-editoriale","tag-maddalena-acquaviti","tag-parita-di-genere","tag-rassegna-stampa"],"_links":{"self":[{"href":"https:\/\/www.firstcisl.it\/milanometropoli\/wp-json\/wp\/v2\/posts\/4804","targetHints":{"allow":["GET"]}}],"collection":[{"href":"https:\/\/www.firstcisl.it\/milanometropoli\/wp-json\/wp\/v2\/posts"}],"about":[{"href":"https:\/\/www.firstcisl.it\/milanometropoli\/wp-json\/wp\/v2\/types\/post"}],"author":[{"embeddable":true,"href":"https:\/\/www.firstcisl.it\/milanometropoli\/wp-json\/wp\/v2\/users\/12"}],"replies":[{"embeddable":true,"href":"https:\/\/www.firstcisl.it\/milanometropoli\/wp-json\/wp\/v2\/comments?post=4804"}],"version-history":[{"count":4,"href":"https:\/\/www.firstcisl.it\/milanometropoli\/wp-json\/wp\/v2\/posts\/4804\/revisions"}],"predecessor-version":[{"id":4811,"href":"https:\/\/www.firstcisl.it\/milanometropoli\/wp-json\/wp\/v2\/posts\/4804\/revisions\/4811"}],"wp:featuredmedia":[{"embeddable":true,"href":"https:\/\/www.firstcisl.it\/milanometropoli\/wp-json\/wp\/v2\/media\/3211"}],"wp:attachment":[{"href":"https:\/\/www.firstcisl.it\/milanometropoli\/wp-json\/wp\/v2\/media?parent=4804"}],"wp:term":[{"taxonomy":"category","embeddable":true,"href":"https:\/\/www.firstcisl.it\/milanometropoli\/wp-json\/wp\/v2\/categories?post=4804"},{"taxonomy":"post_tag","embeddable":true,"href":"https:\/\/www.firstcisl.it\/milanometropoli\/wp-json\/wp\/v2\/tags?post=4804"}],"curies":[{"name":"wp","href":"https:\/\/api.w.org\/{rel}","templated":true}]}}