{"id":2478,"date":"2020-03-28T17:52:46","date_gmt":"2020-03-28T16:52:46","guid":{"rendered":"https:\/\/www.firstcisl.it\/milanometropoli\/?p=2478"},"modified":"2020-03-28T17:53:16","modified_gmt":"2020-03-28T16:53:16","slug":"24-marzo-la-vita-ai-tempi-del-covid-19","status":"publish","type":"post","link":"https:\/\/www.firstcisl.it\/milanometropoli\/2020\/03\/28\/24-marzo-la-vita-ai-tempi-del-covid-19\/","title":{"rendered":"24 marzo. La vita ai tempi del Covid-19"},"content":{"rendered":"<p style=\"font-weight: 400\">Nel diciassettesimo secolo anche Londra fu colpita dalla peste.<\/p>\n<p style=\"font-weight: 400\">In quegli anni viveva nella capitale britannica un giovane studente che, con le sue scoperte, avrebbe segnato per sempre il pensiero scientifico diventando uno dei padri indiscussi della scienza moderna.<\/p>\n<p style=\"font-weight: 400\">Quel giovane era un ventiquattrenne Isaac Newton che, per sfuggire alla peste che aveva aggredito la sua citt\u00e0, si impose una quarantena volontaria in campagna.<\/p>\n<p style=\"font-weight: 400\">Fu proprio fra il 1665 e il 1666 che, in clausura come molti di noi\u00a0oggi, effettu\u00f2 i suoi esperimenti, si dedic\u00f2 allo studio della matematica e della filosofia e svilupp\u00f2 le sue teorie.<\/p>\n<p style=\"font-weight: 400\">A Newton dobbiamo molte scoperte ma quella per cui gli siamo pi\u00f9 riconoscenti e che ha fatto di lui uno dei pi\u00f9 grandi scienziati di ogni tempo \u00e8 la scoperta della legge di gravitazione universale.<\/p>\n<p style=\"font-weight: 400\">La leggenda vuole che, proprio in quella campagna e per merito di una mela caduta in testa mentre riposava sotto un albero, ebbe l\u2019intuizione. Probabilmente non and\u00f2 esattamente cos\u00ec ma a tutti piace crederlo.<\/p>\n<p style=\"font-weight: 400\">Ad ogni modo fu proprio quella distanza forzata dagli altri che gli permise di dedicarsi agli studi sulla legge che, ironia della sorte, regola l\u2019attrazione fra i corpi.<\/p>\n<p style=\"font-weight: 400\">Noi non siamo Newton e non siamo chiamati a fare scoperte rivoluzionarie ma stiamo tutti provando a rendere costruttiva questa quarantena mettendoci a servizio dei nostri colleghi che sicuramente hanno bisogno di contare su di noi\u00a0oggi\u00a0come mai in passato.<\/p>\n<p style=\"font-weight: 400\">La scienza da allora ha fatto passi enormi in ogni campo.<\/p>\n<p style=\"font-weight: 400\">Nel 1840 il medico ungherese\u00a0Semmelweis\u00a0intu\u00ec che lavarsi le mani riduceva il rischio di trasmissione di alcune malattie e\u00a0questa pratica resta ancora\u00a0oggi\u00a0una tra le principali regole sanitarie per evitare il proliferare di virus e batteri. I primi batteri verranno scoperti solo verso al fine del diciannovesimo secolo, duecento anni dopo Newton.<\/p>\n<p style=\"font-weight: 400\">All\u2019epoca nulla si sapeva di virologia ed epidemiologia, due scienze ancora\u00a0oggi\u00a0sconosciute ai non addetti ai lavori ma di cui tanto si parla. L\u2019epidemiologia, in particolare, \u00e8 una scienza complessa che interessa molteplici materie: la medicina, la statistica, la demografia, la sociologia.<\/p>\n<p style=\"font-weight: 400\">Quotidianamente vediamo grafici, ipotesi, curve che tentano di spiegare l\u2019andamento dell\u2019epidemia e possibilmente di prevederne la crescita.<\/p>\n<p style=\"font-weight: 400\">Per noi non sempre sono di facile comprensione ma capiamo perfettamente che in questo momento dobbiamo necessariamente avere un approccio razionale e affidarci alla scienza.<\/p>\n<p style=\"font-weight: 400\">Ci piace farlo soprattutto\u00a0oggi\u00a0che i numeri ci danno l\u2019occasione di una speranza confermando il calo di nuovi contagi gi\u00e0 registrato nel giorno precedente soprattutto nella nostra regione allo stremo.<\/p>\n<p style=\"font-weight: 400\">Stringiamo i denti, abbiamo ancora tanto da fare!<\/p>\n<p style=\"font-weight: 400\">Ricordiamo che sul sito\u00a0<strong><em><a href=\"http:\/\/www.firstcisl.it\/\">www.firstcisl.it<\/a>\u00a0<\/em><\/strong>\u00e8 presente una sezione aggiornata sull\u2019emergenza dove sono disponibili i comunicati della Federazione e della Confederazione oltre alle disposizioni governative:\u00a0<strong><em><a href=\"https:\/\/www.firstcisl.it\/coronavirus\/\">https:\/\/www.firstcisl.it\/coronavirus\/<\/a><\/em><\/strong><\/p>\n<p style=\"font-weight: 400\"><strong>Attenzione!<\/strong>\u00a0Se uscite vi serve il\u00a0<strong>nuovo modulo di autocertificazione<\/strong>:<\/p>\n<p style=\"font-weight: 400\"><a href=\"https:\/\/www.interno.gov.it\/sites\/default\/files\/allegati\/nuovo_modello_autodichiarazione_23.03.2020_compilabile.pdf\"><strong><em>https:\/\/www.interno.gov.it\/sites\/default\/files\/allegati\/nuovo_modello_autodichiarazione_23.03.2020_compilabile.pdf<\/em><\/strong><\/a><\/p>\n<p style=\"font-weight: 400\"><strong><em>\u00a0<\/em><\/strong>Segnaliamo anche quello che si sta facendo in citt\u00e0 per fronteggiare l\u2019emergenza:<\/p>\n<p style=\"font-weight: 400\">&#8211;\u00a0\u00a0\u00a0\u00a0\u00a0\u00a0\u00a0\u00a0\u00a0\u00a0\u00c8 nato il fondo \u201cSan Giuseppe\u201d per dare sostegno a chi perde il lavoro\u00a0<a href=\"https:\/\/www.comune.milano.it\/-\/coronavirus.-nasce-il-fondo-san-giuseppe-per-aiutare-chi-perde-il-lavoro\"><strong><em>https:\/\/www.comune.milano.it\/-\/coronavirus.-nasce-il-fondo-san-giuseppe-per-aiutare-chi-perde-il-lavoro<\/em><\/strong><\/a><\/p>\n<p style=\"font-weight: 400\">&#8211;\u00a0\u00a0\u00a0\u00a0\u00a0\u00a0\u00a0\u00a0\u00a0\u00a0Da luned\u00ec\u00a023 marzo 2020\u00a0\u00e8 iniziata la distribuzione di 5.000 mascherine e sanitizzante a medici di base e pediatri\u00a0<a href=\"https:\/\/www.comune.milano.it\/-\/coronavirus.-da-lunedi-al-via-la-distribuzione-di-5mila-mascherine-e-sanitizzante-a-medici-di-base-e-pediatri-di-libera-scelta\"><strong><em>https:\/\/www.comune.milano.it\/-\/coronavirus.-da-lunedi-al-via-la-distribuzione-di-5mila-mascherine-e-sanitizzante-a-medici-di-base-e-pediatri-di-libera-scelta<\/em><\/strong><\/a><\/p>\n<p style=\"font-weight: 400\">Sperando che i dati odierni confermino il trend in calo, vi ricordiamo che i nostri report quotidiani sono qui:\u00a0<a href=\"https:\/\/www.firstcisl.it\/milanometropoli\/\"><strong><em>https:\/\/www.firstcisl.it\/milanometropoli\/<\/em><\/strong><\/a><\/p>\n<p style=\"font-weight: 400\">La Comunicazione FIRST CISL di Milano metropoli<\/p>\n<p style=\"font-weight: 400\">P.S.\u00a0oggi\u00a0che ci sentiamo un po\u2019 pi\u00f9 positivi dei giorni passati, ci piace l\u2019idea di salutarvi con un quiz matematico da proporre anche in famiglia che sembra non c\u2019entrare niente con l\u2019epidemia e il coronavirus o forse s\u00ec.<\/p>\n<p style=\"font-weight: 400\">Quiz: Al centro di uno stagno si trova una ninfea che cresce e ogni giorno raddoppia la superficie occupata. Se il giorno 20 ha occupato l\u2019intera superficie dello stagno, in quale giorno ne avr\u00e0 occupata la met\u00e0?<\/p>\n<div class=\"gsp_post_data\" \r\n\t            data-post_type=\"post\" \r\n\t            data-cat=\"il-valore-delle-idee\" \r\n\t            data-modified=\"120\"\r\n\t            data-created=\"1585417966\"\r\n\t            data-title=\"24 marzo. La vita ai tempi del Covid-19\" \r\n\t            data-home=\"https:\/\/www.firstcisl.it\/milanometropoli\"><\/div>","protected":false},"excerpt":{"rendered":"<p>Nel diciassettesimo secolo anche Londra fu colpita dalla peste. In quegli anni viveva nella capitale britannica un giovane studente che, con le sue scoperte, avrebbe segnato per sempre il pensiero scientifico diventando uno dei padri indiscussi della scienza moderna. Quel giovane era un ventiquattrenne Isaac Newton che, per sfuggire alla peste che aveva aggredito la [&hellip;]<\/p>\n","protected":false},"author":12,"featured_media":2214,"comment_status":"closed","ping_status":"closed","sticky":false,"template":"","format":"standard","meta":{"footnotes":""},"categories":[25],"tags":[168,174,172,177],"class_list":["post-2478","post","type-post","status-publish","format-standard","has-post-thumbnail","hentry","category-il-valore-delle-idee","tag-coronavirus","tag-covid-19","tag-dpcm","tag-la-vita-ai-tempi-del-covid-19"],"_links":{"self":[{"href":"https:\/\/www.firstcisl.it\/milanometropoli\/wp-json\/wp\/v2\/posts\/2478","targetHints":{"allow":["GET"]}}],"collection":[{"href":"https:\/\/www.firstcisl.it\/milanometropoli\/wp-json\/wp\/v2\/posts"}],"about":[{"href":"https:\/\/www.firstcisl.it\/milanometropoli\/wp-json\/wp\/v2\/types\/post"}],"author":[{"embeddable":true,"href":"https:\/\/www.firstcisl.it\/milanometropoli\/wp-json\/wp\/v2\/users\/12"}],"replies":[{"embeddable":true,"href":"https:\/\/www.firstcisl.it\/milanometropoli\/wp-json\/wp\/v2\/comments?post=2478"}],"version-history":[{"count":2,"href":"https:\/\/www.firstcisl.it\/milanometropoli\/wp-json\/wp\/v2\/posts\/2478\/revisions"}],"predecessor-version":[{"id":2480,"href":"https:\/\/www.firstcisl.it\/milanometropoli\/wp-json\/wp\/v2\/posts\/2478\/revisions\/2480"}],"wp:featuredmedia":[{"embeddable":true,"href":"https:\/\/www.firstcisl.it\/milanometropoli\/wp-json\/wp\/v2\/media\/2214"}],"wp:attachment":[{"href":"https:\/\/www.firstcisl.it\/milanometropoli\/wp-json\/wp\/v2\/media?parent=2478"}],"wp:term":[{"taxonomy":"category","embeddable":true,"href":"https:\/\/www.firstcisl.it\/milanometropoli\/wp-json\/wp\/v2\/categories?post=2478"},{"taxonomy":"post_tag","embeddable":true,"href":"https:\/\/www.firstcisl.it\/milanometropoli\/wp-json\/wp\/v2\/tags?post=2478"}],"curies":[{"name":"wp","href":"https:\/\/api.w.org\/{rel}","templated":true}]}}