{"id":909,"date":"2017-10-09T13:17:35","date_gmt":"2017-10-09T11:17:35","guid":{"rendered":"http:\/\/www.firstcisl.it\/lombardia\/?p=909"},"modified":"2017-10-09T13:17:35","modified_gmt":"2017-10-09T11:17:35","slug":"stress-da-lavoro-ne-soffre-un-lavoratore-su-cinque","status":"publish","type":"post","link":"https:\/\/www.firstcisl.it\/lombardia\/2017\/10\/09\/stress-da-lavoro-ne-soffre-un-lavoratore-su-cinque\/","title":{"rendered":"Stress da lavoro, ne soffre un lavoratore su cinque"},"content":{"rendered":"<p>\u00c8 il dato diffuso dalla Societ\u00e0 Italiana di Psichiatria in occasione della Giornata mondiale della Salute Mentale, prevista per il 10 ottobre a Milano. Dato rafforzato dalle dichiarazioni della presidente della Commissione Sanit\u00e0 del Senato che ha sottolineato come si tratti di una realt\u00e0 affrontata ancora poco in Italia sebbene nel nostro Paese siano 6 milioni di lavoratori su 28 &#8211; uno su cinque appunto \u2013 a soffrire di disturbi legati allo stress da lavoro, con punte pi\u00f9 elevate fra le donne. Diverse le cause rilevate, principalmente legate a forti pressioni lavorative, a barriere culturali, a remunerazioni e a clima aziendale difficile.<br \/>\nI bancari non fanno eccezione. Da un\u2019indagine condotta dal Centro per lo studio del disadattamento lavorativo del dipartimento di Medicina del lavoro di Pisa, elaborata su dati 2015\/2016, \u00e8 emerso che su 100 pazienti affetti da patologia da stress 20 lavorano in banca, secondi solo a chi opera nel settore della grande distribuzione.<br \/>\nUna realt\u00e0 sempre evidenziata dai sindacati, che smentisce di fatto quanto affermano invece i responsabili delle risorse umane nelle banche, ovvero che il bancario non \u00e8 sottoposto a stress perch\u00e9 le condizioni in cui opera non hanno i presupposti per provocare stato di disagio fisico, n\u00e9 psicologico. Sebbene il lavoro del bancario possa apparire poco disagevole e non troppo stressante,\u00a0l\u2019esistenza di alcuni fattori, quali il continuo dichiarare dipendenti in esubero nel settore, con piani industriali sempre pi\u00f9 aspri, nonch\u00e9 le pressioni sulla vendita di taluni prodotti, la contrazione dei livelli occupazionali, l\u2019aumento dei carichi di lavoro, la \u201cnecessit\u00e0\u201d di rivedere in peggio alcuni istituti della contrattazione di secondo livello, l\u2019omologazione dell\u2019organizzazione del lavoro, che non tiene conto di peculiarit\u00e0 ed esigenze di persone e territorio di riferimento, determinano malessere nei lavoratori.<br \/>\nUlteriori ricerche rivelano che oltre l\u201980% dei bancari \u00e8 afflitto da ansia a causa del mancato raggiungimento degli obiettivi aziendali, nel timore di subire ritorsioni quali demansionamento o trasferimento. Allo stress provocato da ansia e disagio, talvolta, si somma il timore di fallire il budget, stabilito unilateralmente dall\u2019azienda, senza considerare le situazioni oggettive di riferimento del mercato sottostante. Il timore, poi, di dover vendere prodotti, sempre pi\u00f9 standardizzati, che possano determinare insoddisfazione o addirittura danno alla clientela. Un \u201cinsieme\u201d \u2013 quello delle famose pressioni commerciali che il bancario subisce quotidianamente \u2013 che, \u00e8 dimostrato, influisce in modo devastante sulla vita di una persona. Ma questo \u00e8 lavorare oggi in banca.<\/p>\n<p>Comunicazione First Cisl Lombardia<\/p>\n<div class=\"gsp_post_data\" \r\n\t            data-post_type=\"post\" \r\n\t            data-cat=\"in-primo-piano\" \r\n\t            data-modified=\"120\"\r\n\t            data-created=\"1507555055\"\r\n\t            data-title=\"Stress da lavoro, ne soffre un lavoratore su cinque\" \r\n\t            data-home=\"https:\/\/www.firstcisl.it\/lombardia\"><\/div>","protected":false},"excerpt":{"rendered":"<p>\u00c8 il dato diffuso dalla Societ\u00e0 Italiana di Psichiatria in occasione della Giornata mondiale della Salute Mentale, prevista per il 10 ottobre a Milano. Dato rafforzato dalle dichiarazioni della presidente della Commissione Sanit\u00e0 del Senato che ha sottolineato come si tratti di una realt\u00e0 affrontata ancora poco in Italia sebbene nel nostro Paese siano 6 [&hellip;]<\/p>\n","protected":false},"author":12,"featured_media":911,"comment_status":"closed","ping_status":"closed","sticky":false,"template":"","format":"standard","meta":{"footnotes":""},"categories":[4],"tags":[29,60,59],"class_list":["post-909","post","type-post","status-publish","format-standard","has-post-thumbnail","hentry","category-in-primo-piano","tag-comunicazione-first-cisl-lombardia","tag-giornata-mondiale-salute-mentale","tag-stress"],"_links":{"self":[{"href":"https:\/\/www.firstcisl.it\/lombardia\/wp-json\/wp\/v2\/posts\/909","targetHints":{"allow":["GET"]}}],"collection":[{"href":"https:\/\/www.firstcisl.it\/lombardia\/wp-json\/wp\/v2\/posts"}],"about":[{"href":"https:\/\/www.firstcisl.it\/lombardia\/wp-json\/wp\/v2\/types\/post"}],"author":[{"embeddable":true,"href":"https:\/\/www.firstcisl.it\/lombardia\/wp-json\/wp\/v2\/users\/12"}],"replies":[{"embeddable":true,"href":"https:\/\/www.firstcisl.it\/lombardia\/wp-json\/wp\/v2\/comments?post=909"}],"version-history":[{"count":1,"href":"https:\/\/www.firstcisl.it\/lombardia\/wp-json\/wp\/v2\/posts\/909\/revisions"}],"predecessor-version":[{"id":910,"href":"https:\/\/www.firstcisl.it\/lombardia\/wp-json\/wp\/v2\/posts\/909\/revisions\/910"}],"wp:featuredmedia":[{"embeddable":true,"href":"https:\/\/www.firstcisl.it\/lombardia\/wp-json\/wp\/v2\/media\/911"}],"wp:attachment":[{"href":"https:\/\/www.firstcisl.it\/lombardia\/wp-json\/wp\/v2\/media?parent=909"}],"wp:term":[{"taxonomy":"category","embeddable":true,"href":"https:\/\/www.firstcisl.it\/lombardia\/wp-json\/wp\/v2\/categories?post=909"},{"taxonomy":"post_tag","embeddable":true,"href":"https:\/\/www.firstcisl.it\/lombardia\/wp-json\/wp\/v2\/tags?post=909"}],"curies":[{"name":"wp","href":"https:\/\/api.w.org\/{rel}","templated":true}]}}