{"id":775,"date":"2017-07-10T13:48:56","date_gmt":"2017-07-10T11:48:56","guid":{"rendered":"http:\/\/www.firstcisl.it\/lombardia\/?p=775"},"modified":"2017-09-20T15:44:43","modified_gmt":"2017-09-20T13:44:43","slug":"first-cisl-istituire-il-reato-di-disastro-bancario","status":"publish","type":"post","link":"https:\/\/www.firstcisl.it\/lombardia\/2017\/07\/10\/first-cisl-istituire-il-reato-di-disastro-bancario\/","title":{"rendered":"First Cisl, istituire il reato di disastro bancario"},"content":{"rendered":"<p>\u201cI manager responsabili della dilapidazione di incommensurabili ricchezze del Paese siano colpiti da azioni di repressione commisurate al danno prodotto: chiediamo al Parlamento di istituire il reato di disastro bancario con specifiche aggravanti previste per i casi di danno al risparmio privato, di danno all\u2019occupazione e di eccesso di retribuzione.\u201d, <a href=\"https:\/\/www.firstcisl.it\/2017\/06\/banche-venete-sollevati-ma-si-istituisca-il-reato-di-disastro-bancario\/\" target=\"_blank\" rel=\"noopener\">queste le parole di Giulio Romani,<\/a> segretario generale First Cisl, dopo il salvataggio delle due banche venete.<\/p>\n<p>Una richiesta condivisa e appoggiata anche da First Cisl Lombardia.<\/p>\n<p>\u201cNon si pu\u00f2 rimanere indifferenti sperando che le cose si possano sistemare da sole. E\u2019 indispensabile \u2013 sottolinea Pier Paolo Merlini a nome di tutta la Segreteria lombarda &#8211; una presa di posizione a difesa della tutela e della dignit\u00e0 dei bancari. Quanto emerge dalle cronache, ma ancor pi\u00f9 dai racconti dei lavoratori, sottoposti a continue e indiscriminate pressioni a vendere, sono il segnale inequivocabile che \u00e8 ormai tempo che ognuno si assuma le proprie responsabilit\u00e0. Non \u00e8 pi\u00f9 sostenibile che a pagare i disastri provocati da manager profumatamente pagati e pure liquidati, anche senza aver ottenuto risultati \u2013 conclude Merlini &#8211; siano sempre e solo coloro che hanno fatto onestamente e con impegno il proprio dovere ovvero i lavoratori e le lavoratrici\u201d.<\/p>\n<p>First Cisl Lombardia chiede alla politica l\u2019onere di assumersi la responsabilit\u00e0 di definire regole e comportamenti adeguati a progettare un\u2019economia al servizio delle persone e non un\u2019economia \u201cspeculativa\u201d che, come ha detto <a href=\"https:\/\/w2.vatican.va\/content\/francesco\/it\/speeches\/2017\/may\/documents\/papa-francesco_20170527_lavoratori-genova.html\" target=\"_blank\" rel=\"noopener\">Papa Francesco nel corso della sua recente visita a Genova<\/a> durante l\u2019incontro con il mondo del lavoro: \u201cQuando passa nelle mani degli speculatori, tutto si rovina. Con lo speculatore, l\u2019economia perde volto e perde i volti. E\u2019 un\u2019economia senza volti. Un\u2019economia astratta. Dietro le decisioni dello speculatore non ci sono persone e quindi non si vedono le persone da licenziare e da tagliare. Quando l\u2019economia perde contatto con i volti delle persone concrete, essa stessa diventa un\u2019economia senza volto e quindi un\u2019economia spietata. Bisogna temere gli speculatori, non gli imprenditori\u2026\u201d.<\/p>\n<p>Comunicazione First Cisl Lombardia<\/p>\n<div class=\"gsp_post_data\" \r\n\t            data-post_type=\"post\" \r\n\t            data-cat=\"in-primo-piano\" \r\n\t            data-modified=\"120\"\r\n\t            data-created=\"1499694536\"\r\n\t            data-title=\"First Cisl, istituire il reato di disastro bancario\" \r\n\t            data-home=\"https:\/\/www.firstcisl.it\/lombardia\"><\/div>","protected":false},"excerpt":{"rendered":"<p>\u201cI manager responsabili della dilapidazione di incommensurabili ricchezze del Paese siano colpiti da azioni di repressione commisurate al danno prodotto: chiediamo al Parlamento di istituire il reato di disastro bancario con specifiche aggravanti previste per i casi di danno al risparmio privato, di danno all\u2019occupazione e di eccesso di retribuzione.\u201d, queste le parole di Giulio [&hellip;]<\/p>\n","protected":false},"author":12,"featured_media":890,"comment_status":"closed","ping_status":"closed","sticky":false,"template":"","format":"standard","meta":{"footnotes":""},"categories":[4],"tags":[],"class_list":["post-775","post","type-post","status-publish","format-standard","has-post-thumbnail","hentry","category-in-primo-piano"],"_links":{"self":[{"href":"https:\/\/www.firstcisl.it\/lombardia\/wp-json\/wp\/v2\/posts\/775","targetHints":{"allow":["GET"]}}],"collection":[{"href":"https:\/\/www.firstcisl.it\/lombardia\/wp-json\/wp\/v2\/posts"}],"about":[{"href":"https:\/\/www.firstcisl.it\/lombardia\/wp-json\/wp\/v2\/types\/post"}],"author":[{"embeddable":true,"href":"https:\/\/www.firstcisl.it\/lombardia\/wp-json\/wp\/v2\/users\/12"}],"replies":[{"embeddable":true,"href":"https:\/\/www.firstcisl.it\/lombardia\/wp-json\/wp\/v2\/comments?post=775"}],"version-history":[{"count":2,"href":"https:\/\/www.firstcisl.it\/lombardia\/wp-json\/wp\/v2\/posts\/775\/revisions"}],"predecessor-version":[{"id":780,"href":"https:\/\/www.firstcisl.it\/lombardia\/wp-json\/wp\/v2\/posts\/775\/revisions\/780"}],"wp:featuredmedia":[{"embeddable":true,"href":"https:\/\/www.firstcisl.it\/lombardia\/wp-json\/wp\/v2\/media\/890"}],"wp:attachment":[{"href":"https:\/\/www.firstcisl.it\/lombardia\/wp-json\/wp\/v2\/media?parent=775"}],"wp:term":[{"taxonomy":"category","embeddable":true,"href":"https:\/\/www.firstcisl.it\/lombardia\/wp-json\/wp\/v2\/categories?post=775"},{"taxonomy":"post_tag","embeddable":true,"href":"https:\/\/www.firstcisl.it\/lombardia\/wp-json\/wp\/v2\/tags?post=775"}],"curies":[{"name":"wp","href":"https:\/\/api.w.org\/{rel}","templated":true}]}}