{"id":6613,"date":"2026-02-05T18:41:57","date_gmt":"2026-02-05T17:41:57","guid":{"rendered":"https:\/\/www.firstcisl.it\/lombardia\/?p=6613"},"modified":"2026-02-05T18:41:57","modified_gmt":"2026-02-05T17:41:57","slug":"first-cisl-dei-laghi-nuovo-corso-di-educazione-finanziarria","status":"publish","type":"post","link":"https:\/\/www.firstcisl.it\/lombardia\/2026\/02\/05\/first-cisl-dei-laghi-nuovo-corso-di-educazione-finanziarria\/","title":{"rendered":"First Cisl dei Laghi, nuovo corso di educazione finanziarria"},"content":{"rendered":"<p>Lo scorso marted\u00ec 3 febbraio si \u00e8 svolta, presso la sede CISL di Como, la prima lezione del ciclo di Educazione Finanziaria organizzata dal <strong>Coordinamento donne e politiche di genere di First Cisl dei Laghi<\/strong>.<\/p>\n<p>L\u2019iniziativa &#8211; sostenuta anche da <strong>First Cisl Lombardia, Cisl Lombardia e Cisl dei Laghi<\/strong> \u2013 \u00e8 destinata ai ragazzi seguiti da IAL Como nell\u2019ambito del progetto provinciale di rete per la disabilit\u00e0.<\/p>\n<p>In aula si \u00e8 presto creata un\u2019atmosfera di grande collaborazione e i ragazzi presenti (Chiara, Denis, Roberto e Marco) hanno partecipato a tutte le attivit\u00e0 e alle conversazioni proposte, mostrando grande generosit\u00e0 e desiderio di imparare. I nostri compagni di aula hanno raccontato le loro esperienze ed espresso le loro curiosit\u00e0, creando un dialogo continuo e costruttivo.<\/p>\n<p>\u00abDa operatori del settore, abbiamo spesso modo di riscontrare una limitata cultura finanziaria nelle persone che si rivolgono alla propria banca per le pi\u00f9 svariate esigenze. Ci\u00f2 che ci proponiamo di fare &#8211; ha evidenziato <strong>Gesy Di Pasquale<\/strong>, coordinatrice Donne e Politiche di Genere di First Cisl dei Laghi &#8211; \u00e8 fornire le nozioni di base che permettano ai clienti, o futuri clienti, di avere un approccio consapevole ad argomenti ormai quotidiani. Quasi tutti abbiamo un conto corrente, la maggior parte di noi ha contratto un prestito almeno una volta nella sua vita, quasi tutti utilizziamo l&#8217;home banking per eseguire operazioni in modo veloce. Vogliamo interpretare in modo virtuoso quello che \u00e8 il ruolo etico e sociale delle banche, trasmettendo informazioni e creando conoscenza, affinch\u00e9 le persone siano nella condizione di operare scelte consapevoli e responsabili\u00bb.<\/p>\n<p>\u201cUn incontro, per me il primo da formatore, che mi ha dato molto \u2013 ha sottolineato <strong>Roberto Forlini<\/strong>.<\/p>\n<p>Momenti impegnativi si sono alternati a momenti pi\u00f9 leggeri, dove si giocava con le parole e si inventavano situazioni di fantasia mantenendo per\u00f2 l\u2019attenzione sugli aspetti concreti delle esigenze quotidiane. \u201cConti correnti, carte bancomat, assegni: argomenti che sono stati anche un aggancio per parlare di consapevolezza, conoscenza e fiducia. Quella fiducia \u2013 ha proseguito <strong>Forlini<\/strong> &#8211; che posso dire di aver visto crescere in questi ragazzi mentre parlavamo, la fiducia che ha permesso di instaurare un bel clima fatto di curiosit\u00e0 e domande anche molto specifiche. Spero tanto di aver restituito almeno una piccola parte di quanto ho ricevuto\u201d.<\/p>\n<p>Presente in aula anche <strong>Fabio Bernasconi<\/strong> che, grazie alla sua pluriennale esperienza come docente di educazione finanziaria nelle scuole delle provincie di Como e Varese con Edufin, ha saputo da subito creare un legame con i corsisti, rendendo familiari e giocosi temi anche complessi. \u201cVederli entrare rispettosi ma timorosi per sentir parlare di un argomento che alcuni percepiscono lontano da loro \u2013 ha commentato <strong>Bernasconi<\/strong> &#8211; e vedere prima le teste che silenziosamente \u2018fanno s\u00ec\u2019 e poi i ragazzi che coinvolti intervengono e fanno domande: ecco, allora pensi \u2018ce la stiamo facendo\u2019, qualcosa gli stiamo lasciando&#8221;.<\/p>\n<p>Andiamo avanti, questa \u00e8 la strada!\u201d.<\/p>\n<p>Questa \u00e8 la strada, proprio cos\u00ec! E la percorreremo insieme, condividendo emozioni e conoscenze, in un circuito virtuoso nel quale ogni voce trova il suo spazio.<\/p>\n<p>Appuntamento dunque a marted\u00ec prossimo.<\/p>\n<p>&nbsp;<\/p>\n<p><em><strong>Nicol Lovazzano<\/strong><\/em><br \/>\n<em><strong>Coordinatrice Donne e Politiche di Parit\u00e0 di Genere\u00a0 First Cisl Lombardia<\/strong><\/em><\/p>\n<p><img loading=\"lazy\" decoding=\"async\" class=\"alignnone size-medium wp-image-6616 alignleft\" src=\"https:\/\/www.firstcisl.it\/lombardia\/wp-content\/uploads\/sites\/6\/2026\/02\/co2-225x300.jpg\" alt=\"\" width=\"225\" height=\"300\" srcset=\"https:\/\/www.firstcisl.it\/lombardia\/wp-content\/uploads\/sites\/6\/2026\/02\/co2-225x300.jpg 225w, https:\/\/www.firstcisl.it\/lombardia\/wp-content\/uploads\/sites\/6\/2026\/02\/co2-768x1024.jpg 768w, https:\/\/www.firstcisl.it\/lombardia\/wp-content\/uploads\/sites\/6\/2026\/02\/co2-1152x1536.jpg 1152w, https:\/\/www.firstcisl.it\/lombardia\/wp-content\/uploads\/sites\/6\/2026\/02\/co2.jpg 1200w\" sizes=\"auto, (max-width: 225px) 100vw, 225px\" \/><img loading=\"lazy\" decoding=\"async\" class=\"alignnone size-medium wp-image-6617\" src=\"https:\/\/www.firstcisl.it\/lombardia\/wp-content\/uploads\/sites\/6\/2026\/02\/co3-225x300.jpg\" alt=\"\" width=\"225\" height=\"300\" srcset=\"https:\/\/www.firstcisl.it\/lombardia\/wp-content\/uploads\/sites\/6\/2026\/02\/co3-225x300.jpg 225w, https:\/\/www.firstcisl.it\/lombardia\/wp-content\/uploads\/sites\/6\/2026\/02\/co3-768x1024.jpg 768w, https:\/\/www.firstcisl.it\/lombardia\/wp-content\/uploads\/sites\/6\/2026\/02\/co3-1152x1536.jpg 1152w, https:\/\/www.firstcisl.it\/lombardia\/wp-content\/uploads\/sites\/6\/2026\/02\/co3.jpg 1200w\" sizes=\"auto, (max-width: 225px) 100vw, 225px\" \/><\/p>\n<div class=\"gsp_post_data\" \r\n\t            data-post_type=\"post\" \r\n\t            data-cat=\"il-valore-delle-idee\" \r\n\t            data-modified=\"120\"\r\n\t            data-created=\"1770316917\"\r\n\t            data-title=\"First Cisl dei Laghi, nuovo corso di educazione finanziarria\" \r\n\t            data-home=\"https:\/\/www.firstcisl.it\/lombardia\"><\/div>","protected":false},"excerpt":{"rendered":"<p>Lo scorso marted\u00ec 3 febbraio si \u00e8 svolta, presso la sede CISL di Como, la prima lezione del ciclo di Educazione Finanziaria organizzata dal Coordinamento donne e politiche di genere di First Cisl dei Laghi. L\u2019iniziativa &#8211; sostenuta anche da First Cisl Lombardia, Cisl Lombardia e Cisl dei Laghi \u2013 \u00e8 destinata ai ragazzi seguiti [&hellip;]<\/p>\n","protected":false},"author":12,"featured_media":6615,"comment_status":"closed","ping_status":"closed","sticky":false,"template":"","format":"standard","meta":{"footnotes":""},"categories":[83],"tags":[146,1194,403,1205,1110,1203,720,1204],"class_list":["post-6613","post","type-post","status-publish","format-standard","has-post-thumbnail","hentry","category-il-valore-delle-idee","tag-cisl","tag-coordinamento-donne-e-politiche-di-parita-di-genere","tag-educazione-finanziaria","tag-fabio-bernasconi","tag-gesy-di-pasquale","tag-ial","tag-nicol-lovazzano","tag-roberto-forlini"],"_links":{"self":[{"href":"https:\/\/www.firstcisl.it\/lombardia\/wp-json\/wp\/v2\/posts\/6613","targetHints":{"allow":["GET"]}}],"collection":[{"href":"https:\/\/www.firstcisl.it\/lombardia\/wp-json\/wp\/v2\/posts"}],"about":[{"href":"https:\/\/www.firstcisl.it\/lombardia\/wp-json\/wp\/v2\/types\/post"}],"author":[{"embeddable":true,"href":"https:\/\/www.firstcisl.it\/lombardia\/wp-json\/wp\/v2\/users\/12"}],"replies":[{"embeddable":true,"href":"https:\/\/www.firstcisl.it\/lombardia\/wp-json\/wp\/v2\/comments?post=6613"}],"version-history":[{"count":2,"href":"https:\/\/www.firstcisl.it\/lombardia\/wp-json\/wp\/v2\/posts\/6613\/revisions"}],"predecessor-version":[{"id":6618,"href":"https:\/\/www.firstcisl.it\/lombardia\/wp-json\/wp\/v2\/posts\/6613\/revisions\/6618"}],"wp:featuredmedia":[{"embeddable":true,"href":"https:\/\/www.firstcisl.it\/lombardia\/wp-json\/wp\/v2\/media\/6615"}],"wp:attachment":[{"href":"https:\/\/www.firstcisl.it\/lombardia\/wp-json\/wp\/v2\/media?parent=6613"}],"wp:term":[{"taxonomy":"category","embeddable":true,"href":"https:\/\/www.firstcisl.it\/lombardia\/wp-json\/wp\/v2\/categories?post=6613"},{"taxonomy":"post_tag","embeddable":true,"href":"https:\/\/www.firstcisl.it\/lombardia\/wp-json\/wp\/v2\/tags?post=6613"}],"curies":[{"name":"wp","href":"https:\/\/api.w.org\/{rel}","templated":true}]}}