{"id":5931,"date":"2024-11-13T13:59:52","date_gmt":"2024-11-13T12:59:52","guid":{"rendered":"https:\/\/www.firstcisl.it\/lombardia\/?p=5931"},"modified":"2024-11-13T14:01:49","modified_gmt":"2024-11-13T13:01:49","slug":"regina-di-denari-a-monza-per-un-progetto-di-condivisione-e-crescita","status":"publish","type":"post","link":"https:\/\/www.firstcisl.it\/lombardia\/2024\/11\/13\/regina-di-denari-a-monza-per-un-progetto-di-condivisione-e-crescita\/","title":{"rendered":"Regina di Denari, a Monza per un progetto di condivisione e crescita"},"content":{"rendered":"<p>Questa mattina abbiamo avuto il piacere di visitare il Centro Donne Islamiche di Monza, dove abbiamo avuto l\u2019opportunit\u00e0 di condividere il nostro progetto Regina di Denari con un gruppo di donne straordinarie.<br \/>\nLe partecipanti si sono mostrate molto curiose, con numerose domande e il desiderio di raccontare le proprie esperienze personali. Sono donne consapevoli dell\u2019importanza di gestire il denaro, di possedere un conto corrente e di utilizzare i mezzi di pagamento moderni. Tra le loro preferenze, spicca l\u2019uso del bancomat, che consente una gestione familiare pi\u00f9 immediata e precisa.<\/p>\n<p>Tuttavia, la principale difficolt\u00e0 che affrontano \u00e8 la comprensione della lingua italiana, aspetto che rende difficile la piena integrazione nella comunit\u00e0 in cui vivono. Sono molto consapevoli che l\u2019integrazione passa attraverso l\u2019apprendimento della lingua e l\u2019acquisizione di informazioni essenziali per la vita quotidiana. Eppure, tutto questo avviene senza mai dimenticare, anzi valorizzando, la propria cultura di origine.<\/p>\n<p>L\u2019incontro \u00e8 stato un\u2019esperienza estremamente arricchente, che ci ha permesso di cogliere negli occhi di queste donne la loro sete di conoscenza e il desiderio di condividere. Un momento di crescita reciproca, che ci ha confermato quanto sia importante supportarsi a vicenda nel percorso di inclusione e empowerment.<\/p>\n<p><em>Nicol Lovazzano<\/em><br \/>\n<em>Coordinamento Donne e Politiche di Parit\u00e0 di Genere First Cisl Lombardia<\/em><\/p>\n<p style=\"text-align: center\"><img loading=\"lazy\" decoding=\"async\" class=\"alignnone  wp-image-5933\" src=\"https:\/\/www.firstcisl.it\/lombardia\/wp-content\/uploads\/sites\/6\/2024\/11\/Monza-1-225x300.jpg\" alt=\"\" width=\"244\" height=\"325\" srcset=\"https:\/\/www.firstcisl.it\/lombardia\/wp-content\/uploads\/sites\/6\/2024\/11\/Monza-1-225x300.jpg 225w, https:\/\/www.firstcisl.it\/lombardia\/wp-content\/uploads\/sites\/6\/2024\/11\/Monza-1-768x1024.jpg 768w, https:\/\/www.firstcisl.it\/lombardia\/wp-content\/uploads\/sites\/6\/2024\/11\/Monza-1-1152x1536.jpg 1152w, https:\/\/www.firstcisl.it\/lombardia\/wp-content\/uploads\/sites\/6\/2024\/11\/Monza-1.jpg 1200w\" sizes=\"auto, (max-width: 244px) 100vw, 244px\" \/>\u00a0 \u00a0 \u00a0<img loading=\"lazy\" decoding=\"async\" class=\"alignnone  wp-image-5935\" src=\"https:\/\/www.firstcisl.it\/lombardia\/wp-content\/uploads\/sites\/6\/2024\/11\/Monza-3-300x169.jpg\" alt=\"\" width=\"334\" height=\"188\" srcset=\"https:\/\/www.firstcisl.it\/lombardia\/wp-content\/uploads\/sites\/6\/2024\/11\/Monza-3-300x169.jpg 300w, https:\/\/www.firstcisl.it\/lombardia\/wp-content\/uploads\/sites\/6\/2024\/11\/Monza-3-1024x577.jpg 1024w, https:\/\/www.firstcisl.it\/lombardia\/wp-content\/uploads\/sites\/6\/2024\/11\/Monza-3-768x433.jpg 768w, https:\/\/www.firstcisl.it\/lombardia\/wp-content\/uploads\/sites\/6\/2024\/11\/Monza-3-1536x866.jpg 1536w, https:\/\/www.firstcisl.it\/lombardia\/wp-content\/uploads\/sites\/6\/2024\/11\/Monza-3-800x450.jpg 800w, https:\/\/www.firstcisl.it\/lombardia\/wp-content\/uploads\/sites\/6\/2024\/11\/Monza-3.jpg 1600w\" sizes=\"auto, (max-width: 334px) 100vw, 334px\" \/>\u00a0 \u00a0 \u00a0<img loading=\"lazy\" decoding=\"async\" class=\"alignnone  wp-image-5934\" src=\"https:\/\/www.firstcisl.it\/lombardia\/wp-content\/uploads\/sites\/6\/2024\/11\/Monza-2-300x225.jpg\" alt=\"\" width=\"333\" height=\"250\" srcset=\"https:\/\/www.firstcisl.it\/lombardia\/wp-content\/uploads\/sites\/6\/2024\/11\/Monza-2-300x225.jpg 300w, https:\/\/www.firstcisl.it\/lombardia\/wp-content\/uploads\/sites\/6\/2024\/11\/Monza-2-1024x768.jpg 1024w, https:\/\/www.firstcisl.it\/lombardia\/wp-content\/uploads\/sites\/6\/2024\/11\/Monza-2-768x576.jpg 768w, https:\/\/www.firstcisl.it\/lombardia\/wp-content\/uploads\/sites\/6\/2024\/11\/Monza-2-1536x1152.jpg 1536w, https:\/\/www.firstcisl.it\/lombardia\/wp-content\/uploads\/sites\/6\/2024\/11\/Monza-2-120x90.jpg 120w, https:\/\/www.firstcisl.it\/lombardia\/wp-content\/uploads\/sites\/6\/2024\/11\/Monza-2.jpg 2048w\" sizes=\"auto, (max-width: 333px) 100vw, 333px\" \/><\/p>\n<div class=\"gsp_post_data\" \r\n\t            data-post_type=\"post\" \r\n\t            data-cat=\"il-valore-delle-idee\" \r\n\t            data-modified=\"120\"\r\n\t            data-created=\"1731506392\"\r\n\t            data-title=\"Regina di Denari, a Monza per un progetto di condivisione e crescita\" \r\n\t            data-home=\"https:\/\/www.firstcisl.it\/lombardia\"><\/div>","protected":false},"excerpt":{"rendered":"<p>Questa mattina abbiamo avuto il piacere di visitare il Centro Donne Islamiche di Monza, dove abbiamo avuto l\u2019opportunit\u00e0 di condividere il nostro progetto Regina di Denari con un gruppo di donne straordinarie. Le partecipanti si sono mostrate molto curiose, con numerose domande e il desiderio di raccontare le proprie esperienze personali. Sono donne consapevoli dell\u2019importanza [&hellip;]<\/p>\n","protected":false},"author":12,"featured_media":5224,"comment_status":"closed","ping_status":"closed","sticky":false,"template":"","format":"standard","meta":{"footnotes":""},"categories":[83],"tags":[1020,271,496,403,770,1019,720,874],"class_list":["post-5931","post","type-post","status-publish","format-standard","has-post-thumbnail","hentry","category-il-valore-delle-idee","tag-centro-donne-islamiche-di-monza","tag-cgil-cisl-uil","tag-coordinamento-donne-e-politiche-di-genere","tag-educazione-finanziaria","tag-mef","tag-monza","tag-nicol-lovazzano","tag-regina-di-denari"],"_links":{"self":[{"href":"https:\/\/www.firstcisl.it\/lombardia\/wp-json\/wp\/v2\/posts\/5931","targetHints":{"allow":["GET"]}}],"collection":[{"href":"https:\/\/www.firstcisl.it\/lombardia\/wp-json\/wp\/v2\/posts"}],"about":[{"href":"https:\/\/www.firstcisl.it\/lombardia\/wp-json\/wp\/v2\/types\/post"}],"author":[{"embeddable":true,"href":"https:\/\/www.firstcisl.it\/lombardia\/wp-json\/wp\/v2\/users\/12"}],"replies":[{"embeddable":true,"href":"https:\/\/www.firstcisl.it\/lombardia\/wp-json\/wp\/v2\/comments?post=5931"}],"version-history":[{"count":4,"href":"https:\/\/www.firstcisl.it\/lombardia\/wp-json\/wp\/v2\/posts\/5931\/revisions"}],"predecessor-version":[{"id":5938,"href":"https:\/\/www.firstcisl.it\/lombardia\/wp-json\/wp\/v2\/posts\/5931\/revisions\/5938"}],"wp:featuredmedia":[{"embeddable":true,"href":"https:\/\/www.firstcisl.it\/lombardia\/wp-json\/wp\/v2\/media\/5224"}],"wp:attachment":[{"href":"https:\/\/www.firstcisl.it\/lombardia\/wp-json\/wp\/v2\/media?parent=5931"}],"wp:term":[{"taxonomy":"category","embeddable":true,"href":"https:\/\/www.firstcisl.it\/lombardia\/wp-json\/wp\/v2\/categories?post=5931"},{"taxonomy":"post_tag","embeddable":true,"href":"https:\/\/www.firstcisl.it\/lombardia\/wp-json\/wp\/v2\/tags?post=5931"}],"curies":[{"name":"wp","href":"https:\/\/api.w.org\/{rel}","templated":true}]}}