{"id":5768,"date":"2024-05-31T07:00:45","date_gmt":"2024-05-31T05:00:45","guid":{"rendered":"https:\/\/www.firstcisl.it\/lombardia\/?p=5768"},"modified":"2024-05-30T20:00:48","modified_gmt":"2024-05-30T18:00:48","slug":"2-giugno-battistini-liberta-uguaglianza-pluralismo-e-solidarieta-i-valori-della-costituzione","status":"publish","type":"post","link":"https:\/\/www.firstcisl.it\/lombardia\/2024\/05\/31\/2-giugno-battistini-liberta-uguaglianza-pluralismo-e-solidarieta-i-valori-della-costituzione\/","title":{"rendered":"2 giugno, Battistini: libert\u00e0, uguaglianza, pluralismo e solidariet\u00e0, i valori della Costituzione"},"content":{"rendered":"<p>Il 2 giugno 1946 si vot\u00f2 per eleggere l\u2019Assemblea Costituente che ebbe il compito di redigere la nostra Carta costituzionale e si svolse il referendum per decidere la forma istituzionale dello Stato.<\/p>\n<p>Una votazione importante che, con la vittoria della Repubblica sulla Monarchia, ha garantito il riconoscimento dei principali valori democratici alla base della nostra societ\u00e0: libert\u00e0, uguaglianza, pluralismo, solidariet\u00e0.<\/p>\n<p>Le elezioni del 2 giugno furono le prime elezioni politiche a suffragio universale e il voto delle donne fu determinante per l\u2019esito referendario.<\/p>\n<p>La \u201cFesta della Repubblica\u201d \u00e8 una ricorrenza importante, in particolare per chi riconosce, sostiene e crede nei valori democratici, nonostante le difficolt\u00e0, i limiti, le distorsioni e, talvolta, le contraddizioni, che caratterizzano il nostro sistema.<\/p>\n<p>Quest\u2019anno oltre la met\u00e0 della popolazione mondiale va al voto, in 76 Paesi, 8 dei quali sono tra i 10 pi\u00f9 popolosi al mondo: una grande sfida per la democrazia nel mondo. Una sfida alimentata dalle tante guerre in corso, dai regimi autoritari, dalle provocazioni, dalle incapacit\u00e0 di trovare soluzioni condivise a problemi globali e dal tentativo di fare prevalere i propri interessi e gli egoismi particolaristici al bene comune.<\/p>\n<p>Un bene che si dovrebbe espandere a cerchi concentrici fino a quello pi\u00f9 esterno per ricomprendere, idealmente, tutta l\u2019umanit\u00e0, e non solo la propria comunit\u00e0 di riferimento (politica, territoriale, etnica, religiosa\u2026).<\/p>\n<p>Secondo il Democracy Index 2023, solo il 7,8% della popolazione mondiale vive in democrazie complete, mentre il 39,4% si trova sotto regimi autoritari, che sono in continuo e preoccupante aumento. Il 37,6% della popolazione, tra cui quella italiana, vive in \u201cdemocrazie imperfette\u201d, ossia democrazie che scontano quei limiti e quelle distorsioni che non le promuovono a \u201cdemocrazie piene\u201d.<\/p>\n<p>La democrazia \u00e8 una forma di governo che si basa sulla sovranit\u00e0 popolare e garantisce a ogni cittadino la partecipazione all\u2019esercizio del potere pubblico.<\/p>\n<p>La sovranit\u00e0 si esercita attraverso i propri rappresentanti, quindi attraverso l\u2019esercizio del diritto\/dovere civico di voto, cos\u00ec come previsto dall\u2019art 48 della Costituzione.<\/p>\n<p>Tra pochi giorni si terranno le elezioni amministrative in 3.717 comuni italiani e in una Regione, in contemporanea alle elezioni europee.<\/p>\n<p>I dati relativi all\u2019astensionismo, negli anni, evidenziano un preoccupante aumento che indebolisce il nostro sistema democratico, gi\u00e0 sotto pressione, mina la coesione sociale e limita l\u2019effettiva partecipazione dei cittadini.<\/p>\n<p>Se, in Italia, nel 1979 il 6,6% degli elettori non si \u00e8 presentato alle urne, alle elezioni politiche del 2022, il dato supera la soglia di allarme, il 36,2%: dal 2013 il \u201cprimo partito\u201d \u00e8 quello del \u201cnon voto\u201d.<\/p>\n<p>Un silenzio rumoroso e assordante.<\/p>\n<p>Quali che siano le ragioni, indifferenza, protesta, ostentazione, sfiducia, \u00e8 necessario invertire la rotta e recuperare la fiducia nelle istituzioni e nella democrazia rappresentativa per rafforzarla e garantire le nostre libert\u00e0 e i diritti che non sono mai scontati e vanno difesi.<\/p>\n<p>Le elezioni, al contrario dell\u2019individualismo, sono una grande occasione di partecipazione collettiva e di cambiamento.<\/p>\n<p>I meccanismi politico\/istituzionali che generano sfiducia e astensionismo si autoconfermano e si rafforzano. L\u2019effetto \u00e8 quello di garantire lo status quo e, di fatto, (auto)escludere chi non si sente rappresentato; allo stato attuale, la vera \u201cmaggioranza\u201d. L\u2019invito a partecipare alle consultazioni del 8-9 giugno \u00e8 tanto evidente, quanto profondamente sentito.<\/p>\n<p>La visione federalista ed europeista di Altiero Spinelli, al confino a Ventotene in quanto oppositore al regime fascista, che travalicava i confini e gli egoismi nazionali, ci ricorda che \u00e8 proprio nei momenti pi\u00f9 bui e difficili che gli uomini e le donne trovano le motivazioni, le energie e il coraggio di invertire la rotta, e progettare le basi per un futuro migliore.<\/p>\n<p>Le grandi sfide che stiamo affrontando e quelle che ci attendono richiedono il coraggio di fare, come nel passato, come il 2 giugno 1946, scelte importanti e decidere da quale parte della storia vogliamo stare.<\/p>\n<p>&nbsp;<\/p>\n<p><strong> Andrea Battistini<\/strong><br \/>\n<em>Segretario generale First Cisl Lombardia<\/em><\/p>\n<hr \/>\n<p><strong>Allegati: <\/strong>\u00a0&#8220;<a href=\"https:\/\/www.firstcisl.it\/lombardia\/wp-content\/uploads\/sites\/6\/2024\/05\/2024_05_31_Battistini_Festa_della_Repubblica.pdf\" target=\"_blank\" rel=\"noopener\">2 giugno Festa della Repubblica<\/a>. I valori alla base della nostra Costituzione: libert\u00e0, uguaglianza, pluralismo e solidariet\u00e0&#8221;<\/p>\n<div class=\"gsp_post_data\" \r\n\t            data-post_type=\"post\" \r\n\t            data-cat=\"editoriale,il-valore-delle-idee\" \r\n\t            data-modified=\"120\"\r\n\t            data-created=\"1717138845\"\r\n\t            data-title=\"2 giugno, Battistini: libert\u00e0, uguaglianza, pluralismo e solidariet\u00e0, i valori della Costituzione\" \r\n\t            data-home=\"https:\/\/www.firstcisl.it\/lombardia\"><\/div>","protected":false},"excerpt":{"rendered":"<p>Il 2 giugno 1946 si vot\u00f2 per eleggere l\u2019Assemblea Costituente che ebbe il compito di redigere la nostra Carta costituzionale e si svolse il referendum per decidere la forma istituzionale dello Stato. Una votazione importante che, con la vittoria della Repubblica sulla Monarchia, ha garantito il riconoscimento dei principali valori democratici alla base della nostra [&hellip;]<\/p>\n","protected":false},"author":12,"featured_media":3816,"comment_status":"closed","ping_status":"closed","sticky":false,"template":"","format":"standard","meta":{"footnotes":""},"categories":[673,83],"tags":[233,761,71,692,208,231,234,93,660,763],"class_list":["post-5768","post","type-post","status-publish","format-standard","has-post-thumbnail","hentry","category-editoriale","category-il-valore-delle-idee","tag-2-giugno","tag-altiero-spinelli","tag-andrea-battistini","tag-costituzione","tag-editoriale","tag-elezioni-europee","tag-festa-della-repubblica","tag-rassegna-stampa","tag-unione-europea","tag-ventotene"],"_links":{"self":[{"href":"https:\/\/www.firstcisl.it\/lombardia\/wp-json\/wp\/v2\/posts\/5768","targetHints":{"allow":["GET"]}}],"collection":[{"href":"https:\/\/www.firstcisl.it\/lombardia\/wp-json\/wp\/v2\/posts"}],"about":[{"href":"https:\/\/www.firstcisl.it\/lombardia\/wp-json\/wp\/v2\/types\/post"}],"author":[{"embeddable":true,"href":"https:\/\/www.firstcisl.it\/lombardia\/wp-json\/wp\/v2\/users\/12"}],"replies":[{"embeddable":true,"href":"https:\/\/www.firstcisl.it\/lombardia\/wp-json\/wp\/v2\/comments?post=5768"}],"version-history":[{"count":3,"href":"https:\/\/www.firstcisl.it\/lombardia\/wp-json\/wp\/v2\/posts\/5768\/revisions"}],"predecessor-version":[{"id":5772,"href":"https:\/\/www.firstcisl.it\/lombardia\/wp-json\/wp\/v2\/posts\/5768\/revisions\/5772"}],"wp:featuredmedia":[{"embeddable":true,"href":"https:\/\/www.firstcisl.it\/lombardia\/wp-json\/wp\/v2\/media\/3816"}],"wp:attachment":[{"href":"https:\/\/www.firstcisl.it\/lombardia\/wp-json\/wp\/v2\/media?parent=5768"}],"wp:term":[{"taxonomy":"category","embeddable":true,"href":"https:\/\/www.firstcisl.it\/lombardia\/wp-json\/wp\/v2\/categories?post=5768"},{"taxonomy":"post_tag","embeddable":true,"href":"https:\/\/www.firstcisl.it\/lombardia\/wp-json\/wp\/v2\/tags?post=5768"}],"curies":[{"name":"wp","href":"https:\/\/api.w.org\/{rel}","templated":true}]}}