{"id":5709,"date":"2024-05-13T18:54:24","date_gmt":"2024-05-13T16:54:24","guid":{"rendered":"https:\/\/www.firstcisl.it\/lombardia\/?p=5709"},"modified":"2024-05-13T19:32:59","modified_gmt":"2024-05-13T17:32:59","slug":"a","status":"publish","type":"post","link":"https:\/\/www.firstcisl.it\/lombardia\/2024\/05\/13\/a\/","title":{"rendered":"Ieri Oggi Domani Noi, iniziativa del Coordinamento Donne e politiche di parit\u00e0 di genere First Cisl Lombardia"},"content":{"rendered":"<p>Nella giornata di oggi, luned\u00ec 13 maggio, si \u00e8 concluso il percorso formativo \u201cIeri Oggi Domani Noi\u201d rivolto alle referenti territoriali del Coordinamento Donne e Politiche di Parit\u00e0 di Genere First Cisl Lombardia.<\/p>\n<p>Nel corso del primo appuntamento dello scorso 18 aprile, il dibattito si \u00e8 sviluppato su alcuni punti principali, tra i quali: la paura che si torni ai recinti culturali dove le donne non pensano pi\u00f9 a emanciparsi ( modello di stereotipo sui social); il part time come strumento che, invece di facilitare\u00a0la conciliazione vita e lavoro, ancora una volta discrimina economicamente le donne; la lontananza delle politiche sociali rivolte alla genitorialit\u00e0 che non facilitano la scelta di continuare a lavorare, ovvero le donne si dimettono perch\u00e9 non hanno alternative per gestire\u00a0 la cura della famiglia, mentre gli uomini si dimettono per cambiare ruolo e per un avanzamento di carriera; il linguaggio di cui si abusa oppure non se ne prende sufficientemente coscienza.<\/p>\n<p>L\u2019incontro odierno, a cui \u00e8 intervenuta la\u00a0Professoressa <strong>Paola Profeta<\/strong>, Pro-Rettrice per la Diversit\u00e0, Inclusione e Sostenibilit\u00e0 e professoressa ordinaria di scienza delle finanze all&#8217;Universit\u00e0 Bocconi e Direttrice dell&#8217;AXA Research Lab sull&#8217;uguaglianza di genere, si \u00e8 incentrato sulle sfide che dovranno essere affrontate per raggiungere una reale parit\u00e0 di genere.<\/p>\n<p>Le donne rappresentano il 50% della popolazione mondiale e, \u201cin un contesto in cui l\u2019inclusione diventa una scelta \u2013 sottolinea <strong>Nicol Lovazzano<\/strong>, coordinatrice Donne e Politiche di Parit\u00e0 di Genere First Cisl Lombardia \u2013 le donne sono \u2018portatrici di inclusione\u2019\u201d.<\/p>\n<p>\u00c8 fondamentale raggiungere una parit\u00e0 di genere, sia come benessere sociale e culturale, sia a livello economico. Lo smart working \u2013 continua Lovazzano &#8211; potrebbe e dovrebbe diventare un ulteriore strumento di organizzazione del lavoro che possa consentire anche agli uomini di condividere con le donne il lavoro di cura, rivolto ai figli e alla famiglia\u201d<\/p>\n<p>La responsabile del Coordinamento Donne e Politiche di Parit\u00e0 di Genere First Cisl Nazionale, <strong>Elisabetta Artusio<\/strong>, ha evidenziato il miglioramento di alcune tematiche sociali raggiunto con il rinnovo del Ccnl 23 novembre 2023: congedo di maternit\u00e0, integrazione al 100% per tutto il periodo di congedo in caso di maternit\u00e0 a rischio e copertura del periodo tra la data presunta del parto e la data del parto effettiva, se successiva; comporto di malattia, aumento del 50% in caso di disabilit\u00e0 riconosciuta ai sensi dell\u2019art. 3, comma 3, Legge 104\/1992 (gravit\u00e0); molestie e violenze di genere sui luoghi di lavoro, inserimento nell\u2019articolato del Ccnl della dichiarazione congiunta in materia; valorizzazione delle tematiche di inclusione e di pari opportunit\u00e0 con esplicito richiamo al lavoro che dovr\u00e0 essere svolto dalle specifiche Commissioni nazionali.<\/p>\n<p><strong>Andrea Battistini<\/strong>, segretario generale First Cisl Lombardia, intervenuto ai lavori, ha condiviso con il coordinamento la \u201cpreoccupazione che la bassa natalit\u00e0 possa in qualche modo essere usata per\u00a0 giustificare alcune scelte politiche regressive e ideologiche che, di fatto, riconducono la donna al ruolo di \u2018madre\u2019, invece di rafforzare i servizi e le politiche di conciliazione e quindi anche la partecipazione\u00a0 femminile al mercato del lavoro\u201d<\/p>\n<p>Comunicazione First Cisl Lombardia<\/p>\n<p><img loading=\"lazy\" decoding=\"async\" class=\"alignnone size-medium wp-image-5720\" src=\"https:\/\/www.firstcisl.it\/lombardia\/wp-content\/uploads\/sites\/6\/2024\/05\/foto-4-300x225.jpg\" alt=\"\" width=\"300\" height=\"225\" srcset=\"https:\/\/www.firstcisl.it\/lombardia\/wp-content\/uploads\/sites\/6\/2024\/05\/foto-4-300x225.jpg 300w, https:\/\/www.firstcisl.it\/lombardia\/wp-content\/uploads\/sites\/6\/2024\/05\/foto-4-1024x768.jpg 1024w, https:\/\/www.firstcisl.it\/lombardia\/wp-content\/uploads\/sites\/6\/2024\/05\/foto-4-768x576.jpg 768w, https:\/\/www.firstcisl.it\/lombardia\/wp-content\/uploads\/sites\/6\/2024\/05\/foto-4-1536x1152.jpg 1536w, https:\/\/www.firstcisl.it\/lombardia\/wp-content\/uploads\/sites\/6\/2024\/05\/foto-4-120x90.jpg 120w, https:\/\/www.firstcisl.it\/lombardia\/wp-content\/uploads\/sites\/6\/2024\/05\/foto-4.jpg 2048w\" sizes=\"auto, (max-width: 300px) 100vw, 300px\" \/><img loading=\"lazy\" decoding=\"async\" class=\"alignnone size-medium wp-image-5718\" src=\"https:\/\/www.firstcisl.it\/lombardia\/wp-content\/uploads\/sites\/6\/2024\/05\/foto-2-300x169.jpg\" alt=\"\" width=\"300\" height=\"169\" srcset=\"https:\/\/www.firstcisl.it\/lombardia\/wp-content\/uploads\/sites\/6\/2024\/05\/foto-2-300x169.jpg 300w, https:\/\/www.firstcisl.it\/lombardia\/wp-content\/uploads\/sites\/6\/2024\/05\/foto-2-1024x577.jpg 1024w, https:\/\/www.firstcisl.it\/lombardia\/wp-content\/uploads\/sites\/6\/2024\/05\/foto-2-768x432.jpg 768w, https:\/\/www.firstcisl.it\/lombardia\/wp-content\/uploads\/sites\/6\/2024\/05\/foto-2-1536x865.jpg 1536w, https:\/\/www.firstcisl.it\/lombardia\/wp-content\/uploads\/sites\/6\/2024\/05\/foto-2-800x450.jpg 800w, https:\/\/www.firstcisl.it\/lombardia\/wp-content\/uploads\/sites\/6\/2024\/05\/foto-2.jpg 1600w\" sizes=\"auto, (max-width: 300px) 100vw, 300px\" \/><img loading=\"lazy\" decoding=\"async\" class=\"alignnone size-medium wp-image-5722\" src=\"https:\/\/www.firstcisl.it\/lombardia\/wp-content\/uploads\/sites\/6\/2024\/05\/foto-6-300x169.jpg\" alt=\"\" width=\"300\" height=\"169\" srcset=\"https:\/\/www.firstcisl.it\/lombardia\/wp-content\/uploads\/sites\/6\/2024\/05\/foto-6-300x169.jpg 300w, https:\/\/www.firstcisl.it\/lombardia\/wp-content\/uploads\/sites\/6\/2024\/05\/foto-6-1024x576.jpg 1024w, https:\/\/www.firstcisl.it\/lombardia\/wp-content\/uploads\/sites\/6\/2024\/05\/foto-6-768x432.jpg 768w, https:\/\/www.firstcisl.it\/lombardia\/wp-content\/uploads\/sites\/6\/2024\/05\/foto-6-1536x864.jpg 1536w, https:\/\/www.firstcisl.it\/lombardia\/wp-content\/uploads\/sites\/6\/2024\/05\/foto-6-800x450.jpg 800w, https:\/\/www.firstcisl.it\/lombardia\/wp-content\/uploads\/sites\/6\/2024\/05\/foto-6.jpg 1600w\" sizes=\"auto, (max-width: 300px) 100vw, 300px\" \/><img loading=\"lazy\" decoding=\"async\" class=\"alignnone size-medium wp-image-5717\" src=\"https:\/\/www.firstcisl.it\/lombardia\/wp-content\/uploads\/sites\/6\/2024\/05\/foto-1-300x135.jpg\" alt=\"\" width=\"300\" height=\"135\" srcset=\"https:\/\/www.firstcisl.it\/lombardia\/wp-content\/uploads\/sites\/6\/2024\/05\/foto-1-300x135.jpg 300w, https:\/\/www.firstcisl.it\/lombardia\/wp-content\/uploads\/sites\/6\/2024\/05\/foto-1-1024x461.jpg 1024w, https:\/\/www.firstcisl.it\/lombardia\/wp-content\/uploads\/sites\/6\/2024\/05\/foto-1-768x346.jpg 768w, https:\/\/www.firstcisl.it\/lombardia\/wp-content\/uploads\/sites\/6\/2024\/05\/foto-1-1536x691.jpg 1536w, https:\/\/www.firstcisl.it\/lombardia\/wp-content\/uploads\/sites\/6\/2024\/05\/foto-1.jpg 1600w\" sizes=\"auto, (max-width: 300px) 100vw, 300px\" \/><img loading=\"lazy\" decoding=\"async\" class=\"alignnone size-medium wp-image-5719\" src=\"https:\/\/www.firstcisl.it\/lombardia\/wp-content\/uploads\/sites\/6\/2024\/05\/foto-3-225x300.jpg\" alt=\"\" width=\"225\" height=\"300\" srcset=\"https:\/\/www.firstcisl.it\/lombardia\/wp-content\/uploads\/sites\/6\/2024\/05\/foto-3-225x300.jpg 225w, https:\/\/www.firstcisl.it\/lombardia\/wp-content\/uploads\/sites\/6\/2024\/05\/foto-3-768x1024.jpg 768w, https:\/\/www.firstcisl.it\/lombardia\/wp-content\/uploads\/sites\/6\/2024\/05\/foto-3-1152x1536.jpg 1152w, https:\/\/www.firstcisl.it\/lombardia\/wp-content\/uploads\/sites\/6\/2024\/05\/foto-3.jpg 1536w\" sizes=\"auto, (max-width: 225px) 100vw, 225px\" \/><\/p>\n<div class=\"gsp_post_data\" \r\n\t            data-post_type=\"post\" \r\n\t            data-cat=\"il-valore-delle-idee\" \r\n\t            data-modified=\"120\"\r\n\t            data-created=\"1715626464\"\r\n\t            data-title=\"Ieri Oggi Domani Noi, iniziativa del Coordinamento Donne e politiche di parit\u00e0 di genere First Cisl Lombardia\" \r\n\t            data-home=\"https:\/\/www.firstcisl.it\/lombardia\"><\/div>","protected":false},"excerpt":{"rendered":"<p>Nella giornata di oggi, luned\u00ec 13 maggio, si \u00e8 concluso il percorso formativo \u201cIeri Oggi Domani Noi\u201d rivolto alle referenti territoriali del Coordinamento Donne e Politiche di Parit\u00e0 di Genere First Cisl Lombardia. Nel corso del primo appuntamento dello scorso 18 aprile, il dibattito si \u00e8 sviluppato su alcuni punti principali, tra i quali: la [&hellip;]<\/p>\n","protected":false},"author":12,"featured_media":5711,"comment_status":"closed","ping_status":"closed","sticky":false,"template":"","format":"standard","meta":{"footnotes":""},"categories":[83],"tags":[71,970,496,651,967,19,968,720,966,565,969],"class_list":["post-5709","post","type-post","status-publish","format-standard","has-post-thumbnail","hentry","category-il-valore-delle-idee","tag-andrea-battistini","tag-axa-research-lab","tag-coordinamento-donne-e-politiche-di-genere","tag-diversita","tag-elisabetta-artusio","tag-formazione","tag-inclusione","tag-nicol-lovazzano","tag-paola-profeta","tag-parita-di-genere","tag-universita-bocconi"],"_links":{"self":[{"href":"https:\/\/www.firstcisl.it\/lombardia\/wp-json\/wp\/v2\/posts\/5709","targetHints":{"allow":["GET"]}}],"collection":[{"href":"https:\/\/www.firstcisl.it\/lombardia\/wp-json\/wp\/v2\/posts"}],"about":[{"href":"https:\/\/www.firstcisl.it\/lombardia\/wp-json\/wp\/v2\/types\/post"}],"author":[{"embeddable":true,"href":"https:\/\/www.firstcisl.it\/lombardia\/wp-json\/wp\/v2\/users\/12"}],"replies":[{"embeddable":true,"href":"https:\/\/www.firstcisl.it\/lombardia\/wp-json\/wp\/v2\/comments?post=5709"}],"version-history":[{"count":8,"href":"https:\/\/www.firstcisl.it\/lombardia\/wp-json\/wp\/v2\/posts\/5709\/revisions"}],"predecessor-version":[{"id":5724,"href":"https:\/\/www.firstcisl.it\/lombardia\/wp-json\/wp\/v2\/posts\/5709\/revisions\/5724"}],"wp:featuredmedia":[{"embeddable":true,"href":"https:\/\/www.firstcisl.it\/lombardia\/wp-json\/wp\/v2\/media\/5711"}],"wp:attachment":[{"href":"https:\/\/www.firstcisl.it\/lombardia\/wp-json\/wp\/v2\/media?parent=5709"}],"wp:term":[{"taxonomy":"category","embeddable":true,"href":"https:\/\/www.firstcisl.it\/lombardia\/wp-json\/wp\/v2\/categories?post=5709"},{"taxonomy":"post_tag","embeddable":true,"href":"https:\/\/www.firstcisl.it\/lombardia\/wp-json\/wp\/v2\/tags?post=5709"}],"curies":[{"name":"wp","href":"https:\/\/api.w.org\/{rel}","templated":true}]}}