{"id":5440,"date":"2024-01-26T11:58:17","date_gmt":"2024-01-26T10:58:17","guid":{"rendered":"https:\/\/www.firstcisl.it\/lombardia\/?p=5440"},"modified":"2024-01-26T11:58:17","modified_gmt":"2024-01-26T10:58:17","slug":"27-gennaio-per-non-dimenticare","status":"publish","type":"post","link":"https:\/\/www.firstcisl.it\/lombardia\/2024\/01\/26\/27-gennaio-per-non-dimenticare\/","title":{"rendered":"27 gennaio, per non dimenticare"},"content":{"rendered":"<p>L&#8217;editoriale di Andrea Battistini, segretario generale First Cisl Lombardia, dal titolo: &#8220;27 gennaio, per non dimenticare&#8221;.<\/p>\n<p>61585, non un numero qualsiasi, ma il numero di matricola assegnato ad Alberto Buoso l\u20198 di aprile 1944 al suo arrivo nel Lager di Mauthausen.<\/p>\n<p>Questa \u00e8 la storia di un uomo deportato e morto tra Auschwitz e Mauthausen, con \u201cl\u2019unica colpa di aver scioperato nel marzo del \u201944 e sospettato di aver avuto contatti con il CLN clandestino in fabbrica\u201d.<\/p>\n<p>\u201cSpesso la verit\u00e0 della stessa cosa pu\u00f2 avere pi\u00f9 aspetti, pi\u00f9 verit\u00e0, dipende da che angolo si guarda\u2026, in questo caso la verit\u00e0 e la cosa giusta sono solo dalla parte di coloro che si sono opposti, in vario modo, all\u2019abominio del nazismo e fascismo, ricordandoci che anche il fascismo \u00e8 stato parte attiva\/protagonista di atrocit\u00e0 che la mente umana sana non riesce a concepire. Non dobbiamo MAI dimenticare che il nazismo e il fascismo sono un reato, non un\u2019opinione\/idea politica. Nei fatti sestesi il tanto vituperato diritto di sciopero, forse oggi sottovalutato, ha nella sua genesi il sacrificio di persone \u2018umili\u2019, che nella loro semplicit\u00e0, per la nostra libert\u00e0, democrazia e pace, hanno sacrificato la vita. Sesto citt\u00e0 operaia, ha pagato un prezzo molto alto, non possiamo permetterci di dimenticare, anzi dobbiamo portarlo alle future generazioni come estremo atto pacifico per la libert\u00e0.\u201d; le parole pronunciate dal nipote di Alberto, sindacalista First Cisl che porta lo stesso nome del nonno, in occasione della posa delle \u201cpietre di inciampo\u201d avvenuta lo scorso 15 gennaio a Sesto San Giovanni.<\/p>\n<p>Una storia come milioni di storie, ma ognuna di esse rappresenta una persona, unica e inimitabile.<\/p>\n<p>Una storia come milioni di storie, che purtroppo il tempo e l\u2019incivile volont\u00e0 degli uomini di dimenticare ci\u00f2 che apparentemente non gli appartiene tende a dimenticare.<\/p>\n<p>Una storia come milioni di storie, che serve a condannare le atrocit\u00e0 determinate dalla colpevole sottovalutazione di alcuni comportamenti.<\/p>\n<p>Una storia come milioni di storie, che serve a capire come la conoscenza di alcuni avvenimenti sia indispensabile a comprendere c\u00ec\u00f2 che non deve mai pi\u00f9 accadere.<\/p>\n<p>Una storia come milioni di storie, che \u00e8 nostro dovere ricordare: per noi, per i nostri giovani e per le generazioni future.<\/p>\n<p style=\"text-align: center\"><img loading=\"lazy\" decoding=\"async\" class=\"alignnone size-medium wp-image-5444\" src=\"https:\/\/www.firstcisl.it\/lombardia\/wp-content\/uploads\/sites\/6\/2024\/01\/alberto-buoso-300x225.jpg\" alt=\"\" width=\"300\" height=\"225\" srcset=\"https:\/\/www.firstcisl.it\/lombardia\/wp-content\/uploads\/sites\/6\/2024\/01\/alberto-buoso-300x225.jpg 300w, https:\/\/www.firstcisl.it\/lombardia\/wp-content\/uploads\/sites\/6\/2024\/01\/alberto-buoso-1024x768.jpg 1024w, https:\/\/www.firstcisl.it\/lombardia\/wp-content\/uploads\/sites\/6\/2024\/01\/alberto-buoso-768x576.jpg 768w, https:\/\/www.firstcisl.it\/lombardia\/wp-content\/uploads\/sites\/6\/2024\/01\/alberto-buoso-1536x1152.jpg 1536w, https:\/\/www.firstcisl.it\/lombardia\/wp-content\/uploads\/sites\/6\/2024\/01\/alberto-buoso-120x90.jpg 120w, https:\/\/www.firstcisl.it\/lombardia\/wp-content\/uploads\/sites\/6\/2024\/01\/alberto-buoso.jpg 1600w\" sizes=\"auto, (max-width: 300px) 100vw, 300px\" \/><\/p>\n<p>Comunicazione First Cisl Lombardia<\/p>\n<p><strong>Allegati:<\/strong><\/p>\n<ul>\n<li><a href=\"https:\/\/www.firstcisl.it\/lombardia\/wp-content\/uploads\/sites\/6\/2024\/01\/2024_01_26_Lombardia_giornata_della_memoria.pdf\" target=\"_blank\" rel=\"noopener\">editoriale<\/a> &#8220;27 gennaio, per non dimenticare&#8221;<\/li>\n<li><a href=\"https:\/\/www.firstcisl.it\/lombardia\/wp-content\/uploads\/sites\/6\/2024\/01\/Trasporto-2-dicembre-1944-BUOSO-1.pdf\" target=\"_blank\" rel=\"noopener\">lista<\/a> trasporto\/deportazione 2 dicembre 1944<\/li>\n<li><a href=\"https:\/\/www.firstcisl.it\/lombardia\/wp-content\/uploads\/sites\/6\/2024\/01\/Pagina-da-lista-ingresso-Mauthausen-8-aprile-44-2-1.pdf\" target=\"_blank\" rel=\"noopener\">lista<\/a> ingresso Mauthausen 8 aprile 1944<\/li>\n<\/ul>\n<div class=\"gsp_post_data\" \r\n\t            data-post_type=\"post\" \r\n\t            data-cat=\"editoriale,il-valore-delle-idee\" \r\n\t            data-modified=\"120\"\r\n\t            data-created=\"1706270297\"\r\n\t            data-title=\"27 gennaio, per non dimenticare\" \r\n\t            data-home=\"https:\/\/www.firstcisl.it\/lombardia\"><\/div>","protected":false},"excerpt":{"rendered":"<p>L&#8217;editoriale di Andrea Battistini, segretario generale First Cisl Lombardia, dal titolo: &#8220;27 gennaio, per non dimenticare&#8221;. 61585, non un numero qualsiasi, ma il numero di matricola assegnato ad Alberto Buoso l\u20198 di aprile 1944 al suo arrivo nel Lager di Mauthausen. Questa \u00e8 la storia di un uomo deportato e morto tra Auschwitz e Mauthausen, [&hellip;]<\/p>\n","protected":false},"author":12,"featured_media":4650,"comment_status":"closed","ping_status":"closed","sticky":false,"template":"","format":"standard","meta":{"footnotes":""},"categories":[673,83],"tags":[645,901,71,208,106,902,903,734],"class_list":["post-5440","post","type-post","status-publish","format-standard","has-post-thumbnail","hentry","category-editoriale","category-il-valore-delle-idee","tag-27-gennaio","tag-alberto-buoso","tag-andrea-battistini","tag-editoriale","tag-giornata-della-memoria","tag-pietre-di-inciampo","tag-sesto-san-giovanni","tag-shoah"],"_links":{"self":[{"href":"https:\/\/www.firstcisl.it\/lombardia\/wp-json\/wp\/v2\/posts\/5440","targetHints":{"allow":["GET"]}}],"collection":[{"href":"https:\/\/www.firstcisl.it\/lombardia\/wp-json\/wp\/v2\/posts"}],"about":[{"href":"https:\/\/www.firstcisl.it\/lombardia\/wp-json\/wp\/v2\/types\/post"}],"author":[{"embeddable":true,"href":"https:\/\/www.firstcisl.it\/lombardia\/wp-json\/wp\/v2\/users\/12"}],"replies":[{"embeddable":true,"href":"https:\/\/www.firstcisl.it\/lombardia\/wp-json\/wp\/v2\/comments?post=5440"}],"version-history":[{"count":6,"href":"https:\/\/www.firstcisl.it\/lombardia\/wp-json\/wp\/v2\/posts\/5440\/revisions"}],"predecessor-version":[{"id":5450,"href":"https:\/\/www.firstcisl.it\/lombardia\/wp-json\/wp\/v2\/posts\/5440\/revisions\/5450"}],"wp:featuredmedia":[{"embeddable":true,"href":"https:\/\/www.firstcisl.it\/lombardia\/wp-json\/wp\/v2\/media\/4650"}],"wp:attachment":[{"href":"https:\/\/www.firstcisl.it\/lombardia\/wp-json\/wp\/v2\/media?parent=5440"}],"wp:term":[{"taxonomy":"category","embeddable":true,"href":"https:\/\/www.firstcisl.it\/lombardia\/wp-json\/wp\/v2\/categories?post=5440"},{"taxonomy":"post_tag","embeddable":true,"href":"https:\/\/www.firstcisl.it\/lombardia\/wp-json\/wp\/v2\/tags?post=5440"}],"curies":[{"name":"wp","href":"https:\/\/api.w.org\/{rel}","templated":true}]}}