{"id":5136,"date":"2023-08-23T12:35:39","date_gmt":"2023-08-23T10:35:39","guid":{"rendered":"https:\/\/www.firstcisl.it\/lombardia\/?p=5136"},"modified":"2023-08-23T12:35:39","modified_gmt":"2023-08-23T10:35:39","slug":"formazione-e-competenza-temi-centrali-per-la-crescita-professionale","status":"publish","type":"post","link":"https:\/\/www.firstcisl.it\/lombardia\/2023\/08\/23\/formazione-e-competenza-temi-centrali-per-la-crescita-professionale\/","title":{"rendered":"Formazione e competenza, temi centrali per la crescita professionale"},"content":{"rendered":"<p>Il recente accordo firmato in Federcasse in tema di profili professionali e classificazione del personale rappresenta un ulteriore passo verso il necessario riconoscimento delle competenze che tutti i bancari, e nel caso specifico quelli del credito cooperativo, esprimono nel loro lavoro quotidiano.<\/p>\n<p>\u201cL\u2019accordo \u2013 sottolinea Andrea Di Noia, coordinatore First Cisl Bcc Lombardia \u2013 \u00e8 il risultato di un lavoro iniziato nel giugno del 2022 con la firma del rinnovo del Ccnl ed \u00e8 rivolto a un assetto organizzativo in piena e continua evoluzione. Riconoscere e valorizzare le peculiarit\u00e0 di coloro che operano all\u2019interno di un sistema essenziale per il sostegno e la crescita del Paese determina un reale salto di qualit\u00e0 che ora dovr\u00e0 essere supportato anche da un adeguato percorso formativo.\u201d<\/p>\n<p>L\u2019intesa, faticosamente raggiunta in Federcasse, crea lo spazio per l\u2019avvio di una nuova stagione contrattuale che, attraverso la stesura e la successiva presentazione della Piattaforma rivendicativa di rinnovo del contratto scaduto lo scorso 31 dicembre, dovr\u00e0 riconoscere in termini economici e normativi l\u2019impegno di tutte le lavoratrici e i lavoratori del credito cooperativo.<\/p>\n<p>Andrea Battistini, segretario generale First Cisl Lombardia, sottolinea come \u201cil rafforzamento delle competenze e la crescita professionale, che vanno riconosciuti con percorsi inquadramentali adeguati, passano attraverso la formazione\u201d.<\/p>\n<p>\u201cIl Segretario Generale della Cisl Luigi Sbarra \u2013 prosegue Battistini &#8211; anche in questi giorni, ha rimarcato come \u2018Il nuovo articolo 18 si chiama diritto soggettivo e universale alla formazione\u2019, proprio per evidenziarne la centralit\u00e0 per la crescita di ciascun lavoratore, per favorirne l\u2019inserimento nel mondo del lavoro, l\u2019occupabilit\u00e0 e lo sviluppo professionale nel corso della vita lavorativa.<\/p>\n<p>Attualmente pi\u00f9 di 11.000 consulenti finanziari iscritti all\u2019albo sono dipendenti bancari, mentre oltre 22.000 sono professionisti che operano per le reti di consulenza finanziaria. Al riguardo, come struttura regionale, anche quest\u2019anno abbiamo organizzato la terza edizione del <a href=\"https:\/\/www.firstcisl.it\/lombardia\/wp-content\/uploads\/sites\/6\/2023\/04\/Brochure-Corso-CF-2023-1.pdf\" target=\"_blank\" rel=\"noopener\">\u2018Corso consulente finanziario\u2019<\/a> (corso di preparazione per l\u2019esame di abilitazione). Un progetto formativo che prender\u00e0 il via nel mese di settembre &#8211; con pochi posti ancora disponibili &#8211; articolato in 60 ore di lezioni in linea, erogate in modalit\u00e0 on line nell\u2019arco di 13 settimane, con alternanza di lezioni e momenti periodici di esercitazione e di valutazione dell\u2019apprendimento. Un sostegno formativo concreto \u2013 conclude Battistini &#8211; a chi opera in ambito finanziario, che negli anni \u00e8 stato molto apprezzato nel settore.\u201d<\/p>\n<p>Comunicazione First Cisl Lombardia<\/p>\n<p><strong>All.:<\/strong> <strong>\u00a0<\/strong><a href=\"https:\/\/www.firstcisl.it\/lombardia\/wp-content\/uploads\/sites\/6\/2023\/04\/Brochure-Corso-CF-2023-1.pdf\" target=\"_blank\" rel=\"noopener\">locandina &#8220;<\/a>Corso consulente finanziario&#8221;<\/p>\n<div class=\"gsp_post_data\" \r\n\t            data-post_type=\"post\" \r\n\t            data-cat=\"il-valore-delle-idee\" \r\n\t            data-modified=\"120\"\r\n\t            data-created=\"1692794139\"\r\n\t            data-title=\"Formazione e competenza, temi centrali per la crescita professionale\" \r\n\t            data-home=\"https:\/\/www.firstcisl.it\/lombardia\"><\/div>","protected":false},"excerpt":{"rendered":"<p>Il recente accordo firmato in Federcasse in tema di profili professionali e classificazione del personale rappresenta un ulteriore passo verso il necessario riconoscimento delle competenze che tutti i bancari, e nel caso specifico quelli del credito cooperativo, esprimono nel loro lavoro quotidiano. \u201cL\u2019accordo \u2013 sottolinea Andrea Di Noia, coordinatore First Cisl Bcc Lombardia \u2013 \u00e8 [&hellip;]<\/p>\n","protected":false},"author":12,"featured_media":5141,"comment_status":"closed","ping_status":"closed","sticky":false,"template":"","format":"standard","meta":{"footnotes":""},"categories":[83],"tags":[71,111,146,482,582,254,19,239,817],"class_list":["post-5136","post","type-post","status-publish","format-standard","has-post-thumbnail","hentry","category-il-valore-delle-idee","tag-andrea-battistini","tag-andrea-di-noia","tag-cisl","tag-comunicati","tag-consulenti-finanziari","tag-federcasse","tag-formazione","tag-luigi-sbarra","tag-profili-professionali"],"_links":{"self":[{"href":"https:\/\/www.firstcisl.it\/lombardia\/wp-json\/wp\/v2\/posts\/5136","targetHints":{"allow":["GET"]}}],"collection":[{"href":"https:\/\/www.firstcisl.it\/lombardia\/wp-json\/wp\/v2\/posts"}],"about":[{"href":"https:\/\/www.firstcisl.it\/lombardia\/wp-json\/wp\/v2\/types\/post"}],"author":[{"embeddable":true,"href":"https:\/\/www.firstcisl.it\/lombardia\/wp-json\/wp\/v2\/users\/12"}],"replies":[{"embeddable":true,"href":"https:\/\/www.firstcisl.it\/lombardia\/wp-json\/wp\/v2\/comments?post=5136"}],"version-history":[{"count":6,"href":"https:\/\/www.firstcisl.it\/lombardia\/wp-json\/wp\/v2\/posts\/5136\/revisions"}],"predecessor-version":[{"id":5143,"href":"https:\/\/www.firstcisl.it\/lombardia\/wp-json\/wp\/v2\/posts\/5136\/revisions\/5143"}],"wp:featuredmedia":[{"embeddable":true,"href":"https:\/\/www.firstcisl.it\/lombardia\/wp-json\/wp\/v2\/media\/5141"}],"wp:attachment":[{"href":"https:\/\/www.firstcisl.it\/lombardia\/wp-json\/wp\/v2\/media?parent=5136"}],"wp:term":[{"taxonomy":"category","embeddable":true,"href":"https:\/\/www.firstcisl.it\/lombardia\/wp-json\/wp\/v2\/categories?post=5136"},{"taxonomy":"post_tag","embeddable":true,"href":"https:\/\/www.firstcisl.it\/lombardia\/wp-json\/wp\/v2\/tags?post=5136"}],"curies":[{"name":"wp","href":"https:\/\/api.w.org\/{rel}","templated":true}]}}