{"id":4989,"date":"2023-05-25T22:17:48","date_gmt":"2023-05-25T20:17:48","guid":{"rendered":"https:\/\/www.firstcisl.it\/lombardia\/?p=4989"},"modified":"2023-05-26T07:48:14","modified_gmt":"2023-05-26T05:48:14","slug":"sondrio-piattaforma-rinnovo-ccnl-approvata-allunanimita","status":"publish","type":"post","link":"https:\/\/www.firstcisl.it\/lombardia\/2023\/05\/25\/sondrio-piattaforma-rinnovo-ccnl-approvata-allunanimita\/","title":{"rendered":"Sondrio, piattaforma rinnovo Ccnl approvata all&#8217;unanimit\u00e0"},"content":{"rendered":"<p>Nella giornata di oggi, gioved\u00ec 25 maggio, a Sondrio si \u00e8 svolta l\u2019assemblea unitaria per la presentazione alle lavoratrici e ai lavoratori dei contenuti della Piattaforma di rinnovo del Contratto collettivo nazionale del lavoro del settore bancario.<\/p>\n<p>Hanno partecipato i Segretari regionali Assunta Bonfanti (First Cisl), Luca Natali (Fisac Cgil) Manuela Frigerio (Uilca), Cesare Moriggi (Unisin), Vincenzo Saporito (Fabi) oltre ai Segretari Territoriali Francesco Della Marianna (First Cisl), Angelo Boehm (Fisac Cgil), Raffaele Scala (Unisin) e Andrea Faldarini (Fabi).<\/p>\n<p><a href=\"https:\/\/youtu.be\/bFtQbdKRrwU\" target=\"_blank\" rel=\"noopener\">Video<\/a><\/p>\n<p>\u201cTanti i lavoratori delle banche di Sondrio che hanno partecipato alla presentazione della Piattaforma di rinnovo del contratto.<\/p>\n<p>Non solo dati analitici \u2013 sottolinea Francesco Della Marianna, segretario generale First Cisl Sondrio &#8211; \u00a0ma tanti importanti spunti di riflessione su quello che sar\u00e0 il prossimo contatto per i lavoratori del settore ABI.<\/p>\n<p>Le proposte sindacali hanno pienamente soddisfatto i 130 presenti che all&#8217;unanimit\u00e0 hanno approvato la piattaforma, sottolineando, oltre a una richiesta economica in linea con i risultati delle banche, anche un forte interesse per la salute dei lavoratori che deve passare attraverso il miglioramento della conciliazione vita\/lavoro e il lavoro agile&#8221;.<\/p>\n<p>Comunicazione First Cisl Lombardia<\/p>\n<p style=\"text-align: center\"><img loading=\"lazy\" decoding=\"async\" class=\"alignnone size-medium wp-image-4992\" src=\"https:\/\/www.firstcisl.it\/lombardia\/wp-content\/uploads\/sites\/6\/2023\/05\/sondrio-3-300x218.jpg\" alt=\"\" width=\"300\" height=\"218\" srcset=\"https:\/\/www.firstcisl.it\/lombardia\/wp-content\/uploads\/sites\/6\/2023\/05\/sondrio-3-300x218.jpg 300w, https:\/\/www.firstcisl.it\/lombardia\/wp-content\/uploads\/sites\/6\/2023\/05\/sondrio-3-1024x744.jpg 1024w, https:\/\/www.firstcisl.it\/lombardia\/wp-content\/uploads\/sites\/6\/2023\/05\/sondrio-3-768x558.jpg 768w, https:\/\/www.firstcisl.it\/lombardia\/wp-content\/uploads\/sites\/6\/2023\/05\/sondrio-3.jpg 1222w\" sizes=\"auto, (max-width: 300px) 100vw, 300px\" \/><\/p>\n<div class=\"gsp_post_data\" \r\n\t            data-post_type=\"post\" \r\n\t            data-cat=\"contrattazione\" \r\n\t            data-modified=\"120\"\r\n\t            data-created=\"1685053068\"\r\n\t            data-title=\"Sondrio, piattaforma rinnovo Ccnl approvata all&#8217;unanimit\u00e0\" \r\n\t            data-home=\"https:\/\/www.firstcisl.it\/lombardia\"><\/div>","protected":false},"excerpt":{"rendered":"<p>Nella giornata di oggi, gioved\u00ec 25 maggio, a Sondrio si \u00e8 svolta l\u2019assemblea unitaria per la presentazione alle lavoratrici e ai lavoratori dei contenuti della Piattaforma di rinnovo del Contratto collettivo nazionale del lavoro del settore bancario. Hanno partecipato i Segretari regionali Assunta Bonfanti (First Cisl), Luca Natali (Fisac Cgil) Manuela Frigerio (Uilca), Cesare Moriggi [&hellip;]<\/p>\n","protected":false},"author":12,"featured_media":4991,"comment_status":"closed","ping_status":"closed","sticky":false,"template":"","format":"standard","meta":{"footnotes":""},"categories":[6],"tags":[174,793,791,789,785,289,787,788,532,766,792,56,786,790],"class_list":["post-4989","post","type-post","status-publish","format-standard","has-post-thumbnail","hentry","category-contrattazione","tag-abi","tag-andrea-faldarini","tag-angelo-boehm","tag-cesare-moriggi","tag-contratto","tag-francesco-della-marianna","tag-luca-natali","tag-manuela-frigerio","tag-maria-assunta-bonfanti","tag-piattaforma-ccnl","tag-raffaele-scala","tag-rinnovo-ccnl","tag-sondrio","tag-vincenzo-saporito"],"_links":{"self":[{"href":"https:\/\/www.firstcisl.it\/lombardia\/wp-json\/wp\/v2\/posts\/4989","targetHints":{"allow":["GET"]}}],"collection":[{"href":"https:\/\/www.firstcisl.it\/lombardia\/wp-json\/wp\/v2\/posts"}],"about":[{"href":"https:\/\/www.firstcisl.it\/lombardia\/wp-json\/wp\/v2\/types\/post"}],"author":[{"embeddable":true,"href":"https:\/\/www.firstcisl.it\/lombardia\/wp-json\/wp\/v2\/users\/12"}],"replies":[{"embeddable":true,"href":"https:\/\/www.firstcisl.it\/lombardia\/wp-json\/wp\/v2\/comments?post=4989"}],"version-history":[{"count":5,"href":"https:\/\/www.firstcisl.it\/lombardia\/wp-json\/wp\/v2\/posts\/4989\/revisions"}],"predecessor-version":[{"id":4997,"href":"https:\/\/www.firstcisl.it\/lombardia\/wp-json\/wp\/v2\/posts\/4989\/revisions\/4997"}],"wp:featuredmedia":[{"embeddable":true,"href":"https:\/\/www.firstcisl.it\/lombardia\/wp-json\/wp\/v2\/media\/4991"}],"wp:attachment":[{"href":"https:\/\/www.firstcisl.it\/lombardia\/wp-json\/wp\/v2\/media?parent=4989"}],"wp:term":[{"taxonomy":"category","embeddable":true,"href":"https:\/\/www.firstcisl.it\/lombardia\/wp-json\/wp\/v2\/categories?post=4989"},{"taxonomy":"post_tag","embeddable":true,"href":"https:\/\/www.firstcisl.it\/lombardia\/wp-json\/wp\/v2\/tags?post=4989"}],"curies":[{"name":"wp","href":"https:\/\/api.w.org\/{rel}","templated":true}]}}