{"id":4965,"date":"2023-05-24T18:05:18","date_gmt":"2023-05-24T16:05:18","guid":{"rendered":"https:\/\/www.firstcisl.it\/lombardia\/?p=4965"},"modified":"2023-05-24T18:08:45","modified_gmt":"2023-05-24T16:08:45","slug":"4965","status":"publish","type":"post","link":"https:\/\/www.firstcisl.it\/lombardia\/2023\/05\/24\/4965\/","title":{"rendered":"Bergamo, al via le assemblee per la presentazione della piattaforma di rinnovo del Ccnl del credito"},"content":{"rendered":"<p>&#8220;Prima assemblea di piazza per la presentazione della Piattaforma di rinnovo del Ccnl dei bancari quella che si \u00e8 svolta oggi, presso il Teatro Conca Verde, a Bergamo.<\/p>\n<p>L\u2019incontro, che ha coinvolto i lavoratori di tutte le banche collocate sul territorio di Bergamo citt\u00e0 e paesi limitrofi &#8211; sottolinea Giovanni Salvoldi, segretario generale First Cisl Bergamo &#8211; ha fatto registrare un\u2019ampia adesione in termini di partecipazione. Questo anche grazie alla possibilit\u00e0 di poter partecipare da remoto, oltre che in presenza.<\/p>\n<p>Dal dibattito che si \u00e8 sviluppato, costruttivo e interessante, \u00e8 emerso con chiarezza la preoccupazione in ordine alle molteplici operazioni di esternalizzazione che purtroppo stanno sempre pi\u00f9 caratterizzando il settore. Inoltre &#8211; conclude Salvoldi\u00a0 &#8211; i lavoratori intervenuti hanno richiesto ulteriori approfondimenti in merito alla componente economica, soprattutto in virt\u00f9 del forte incremento inflattivo ancora persistente nel nostro Paese e sulle proposte avanzate in piattaforma in tema di conciliazione vita e lavoro&#8221;.<\/p>\n<p>Al termine i 565 partecipanti hanno approvato la piattaforma con 563 voti favorevoli, 1 astenuto e 1 contrario.<\/p>\n<h3 style=\"text-align: center\">Comunicato stampa<\/h3>\n<p style=\"text-align: center\">Al via le assemblee per l\u2019approvazione della Piattaforma di Rinnovo del CCNL ABI<\/p>\n<p>Il 24 maggio a Bergamo si \u00e8 tenuta <strong>la prima assemblea &#8220;unitaria di piazza&#8221; in Lombardia<\/strong> per la presentazione alle lavoratrici e ai lavoratori, e la votazione, dei contenuti della piattaforma di rinnovo del Contratto Collettivo del settore bancario.<\/p>\n<p>Hanno partecipato i Segretari Generali regionali Andrea Battistini (First Cisl), Gabriele Poeta Paccati (Fisac Cgil) e Lucia Peveri (Uilca), il Segretario Provinciale Bergamo Paolo Citterio (Fabi) e il Segretario regionale Luca Ravaglia (Unisin).<\/p>\n<p>Questo rinnovo non sar\u00e0 meramente conservativo: in un momento di grandi cambiamenti, accelerati ulteriormente dall\u2019emergenza pandemica e dal conflitto in Ucraina, abbiamo l\u2019obiettivo di contribuire a rilanciare il settore, dandogli un futuro e nuove prospettive.<\/p>\n<p>Come?<\/p>\n<p>Attraverso il <strong>rafforzamento dell\u2019area contrattuale:<\/strong> non solo mettendola al sicuro da ulteriori processi di esternalizzazione, ma allargando le tutele del CCNL ABI a tutte le aziende che operano nel settore bancario e finanziario, e a quelle vigilate.<\/p>\n<p>Attraverso il <strong>rafforzamento<\/strong> <strong>delle procedure di confronto<\/strong> in merito a tutte le riorganizzazioni e ristrutturazioni, non solo a quelle che le aziende ritengono, unilateralmente, rilevanti.<\/p>\n<p>Sul tema del <strong>lavoro agile <\/strong>e del <strong>telelavoro<\/strong>, rafforzando il diritto alla disconnessione, le tutele, e, soprattutto, confermando che il rapporto di lavoro del bancario \u00e8 un\u2019obbligazione di mezzi e non di risultato: no al lavoro a cottimo!<\/p>\n<p>Sull\u2019<strong>orario di lavoro<\/strong>: lavorare un numero inferiore di ore, a parit\u00e0 di retribuzione, \u00e8 un tema che attraversa trasversalmente tutte le categorie, anche a fronte di una crescente produttivit\u00e0 individuale, di nuovi modelli organizzativi e del processo di digitalizzazione.<\/p>\n<p>La <strong>rivendicazione salariale<\/strong> per recuperare l\u2019inflazione e per redistribuire in categoria la produttivit\u00e0 alla quale lavoratrici e lavoratori hanno significativamente contribuito: gli\u00a0<strong>utili delle prime 10 banche italiane<\/strong>\u00a0hanno registrato nel 2022 l\u2019anno record di crescita<strong> con un incremento in media del 60%<\/strong>.<\/p>\n<p>Questa Piattaforma rivendica, per la prima volta, la <strong>partecipazione <\/strong>di lavoratrici e lavoratori alla gestione delle imprese, come prevede anche la nostra Carta Costituzionale (art 46).<\/p>\n<p>Partecipazione gestionale, finanziaria, organizzativa, riferita anche alle modalit\u00e0 operative, per esempio quelle sottese ai <strong>numerosi algoritmi<\/strong> che regolano l\u2019attivit\u00e0 bancaria sia sul versante creditizio (quanto e a chi erogare credito) sia su quello dei processi e delle procedure.<\/p>\n<p><strong>E poi un tema molto sentito in categoria: <\/strong>deve essere<strong> stroncato <\/strong>&#8211; con strumenti che la Piattaforma indica concretamente &#8211; il fenomeno<strong> delle<\/strong> <strong>continue e intollerabili pressioni commerciali<\/strong> che nelle forme pi\u00f9 \u201cfantasiose\u201d e lesive della dignit\u00e0 del lavoro vengono calate su lavoratrici e lavoratori.<\/p>\n<p>Le politiche commerciali <strong>scorrette <\/strong>impattano sulla salute dei lavoratori e delle lavoratrici, mettono a rischio anche personalmente chi lavora in un settore fortemente regolamentato e vigilato, e incrinano il rapporto di fiducia con i risparmiatori, che andrebbe invece custodito e rafforzato.<\/p>\n<p>La <strong>desertificazione bancaria<\/strong>, ossia il progressivo abbandono dei territori che si realizza con la chiusura degli sportelli, indebolisce il ruolo sociale delle banche, ed \u00e8 un problema che non intendiamo sottacere o prendere come un \u201cdato di fatto\u201d. La Lombardia, in relazione alla popolazione, \u00e8 una delle regioni pi\u00f9 colpite: quasi 600.000 persone e 36.000 imprese risiedono in comuni lombardi privi di sportelli bancari.<\/p>\n<p><strong>Questa Piattaforma vuole rappresentare <\/strong>una reale svolta per il settore. Anche le aziende devono essere consapevoli delle sfide e delle grandi trasformazioni che stiamo affrontando, quelle che ci attendono e che non possono essere vinte solo con la logica delle pressioni, del profitto, del risultato \u201cpurch\u00e9 raggiunto\u201d.<\/p>\n<p>Riteniamo <strong>indispensabile che il percorso sia partecipato<\/strong> <strong>da lavoratrici e lavoratori<\/strong>, sia conosciuto e condiviso. Per questo i Segretari Generali della Lombardia, unitariamente e convintamente, si impegnano a sostenere la piattaforma nelle numerose assemblee alle quali prenderanno parte.<\/p>\n<p>Segreteria First Cisl Lombardia &#8211; Segreteria First Cisl Bergamo<\/p>\n<p><strong>Allegati:\u00a0<\/strong> <a href=\"https:\/\/www.firstcisl.it\/lombardia\/wp-content\/uploads\/sites\/6\/2023\/05\/2023_05_24_CS_Lombardia_ccnl_assemblee_Bergamo.pdf\" target=\"_blank\" rel=\"noopener\">comunicato stampa<\/a><\/p>\n<p style=\"text-align: center\"><img loading=\"lazy\" decoding=\"async\" class=\"alignnone size-medium wp-image-4972\" src=\"https:\/\/www.firstcisl.it\/lombardia\/wp-content\/uploads\/sites\/6\/2023\/05\/b2897452-9654-4661-8c71-d92ba9f194b3-300x224.jpeg\" alt=\"\" width=\"300\" height=\"224\" srcset=\"https:\/\/www.firstcisl.it\/lombardia\/wp-content\/uploads\/sites\/6\/2023\/05\/b2897452-9654-4661-8c71-d92ba9f194b3-300x224.jpeg 300w, https:\/\/www.firstcisl.it\/lombardia\/wp-content\/uploads\/sites\/6\/2023\/05\/b2897452-9654-4661-8c71-d92ba9f194b3-768x572.jpeg 768w, https:\/\/www.firstcisl.it\/lombardia\/wp-content\/uploads\/sites\/6\/2023\/05\/b2897452-9654-4661-8c71-d92ba9f194b3-120x90.jpeg 120w, https:\/\/www.firstcisl.it\/lombardia\/wp-content\/uploads\/sites\/6\/2023\/05\/b2897452-9654-4661-8c71-d92ba9f194b3.jpeg 1024w\" sizes=\"auto, (max-width: 300px) 100vw, 300px\" \/><\/p>\n<p style=\"text-align: center\">Battistini Andrea (First Cisl) &#8211; Peveri Lucia (Uilca) &#8211; Gabriele Poeta Paccati (Fisac Cgil)<\/p>\n<div class=\"gsp_post_data\" \r\n\t            data-post_type=\"post\" \r\n\t            data-cat=\"contrattazione\" \r\n\t            data-modified=\"120\"\r\n\t            data-created=\"1684951518\"\r\n\t            data-title=\"Bergamo, al via le assemblee per la presentazione della piattaforma di rinnovo del Ccnl del credito\" \r\n\t            data-home=\"https:\/\/www.firstcisl.it\/lombardia\"><\/div>","protected":false},"excerpt":{"rendered":"<p>&#8220;Prima assemblea di piazza per la presentazione della Piattaforma di rinnovo del Ccnl dei bancari quella che si \u00e8 svolta oggi, presso il Teatro Conca Verde, a Bergamo. L\u2019incontro, che ha coinvolto i lavoratori di tutte le banche collocate sul territorio di Bergamo citt\u00e0 e paesi limitrofi &#8211; sottolinea Giovanni Salvoldi, segretario generale First Cisl [&hellip;]<\/p>\n","protected":false},"author":12,"featured_media":4986,"comment_status":"closed","ping_status":"closed","sticky":false,"template":"","format":"standard","meta":{"footnotes":""},"categories":[6],"tags":[71,328,334,194,642,144,782,210,784,781,783,766],"class_list":["post-4965","post","type-post","status-publish","format-standard","has-post-thumbnail","hentry","category-contrattazione","tag-andrea-battistini","tag-assemblee","tag-banche","tag-ccnl-abi","tag-credito","tag-first-cisl","tag-gabriele-poeta-paccati","tag-giovanni-giacomo-salvoldi","tag-luca-ravaglia","tag-lucia-peveri","tag-paolo-citterio","tag-piattaforma-ccnl"],"_links":{"self":[{"href":"https:\/\/www.firstcisl.it\/lombardia\/wp-json\/wp\/v2\/posts\/4965","targetHints":{"allow":["GET"]}}],"collection":[{"href":"https:\/\/www.firstcisl.it\/lombardia\/wp-json\/wp\/v2\/posts"}],"about":[{"href":"https:\/\/www.firstcisl.it\/lombardia\/wp-json\/wp\/v2\/types\/post"}],"author":[{"embeddable":true,"href":"https:\/\/www.firstcisl.it\/lombardia\/wp-json\/wp\/v2\/users\/12"}],"replies":[{"embeddable":true,"href":"https:\/\/www.firstcisl.it\/lombardia\/wp-json\/wp\/v2\/comments?post=4965"}],"version-history":[{"count":17,"href":"https:\/\/www.firstcisl.it\/lombardia\/wp-json\/wp\/v2\/posts\/4965\/revisions"}],"predecessor-version":[{"id":4988,"href":"https:\/\/www.firstcisl.it\/lombardia\/wp-json\/wp\/v2\/posts\/4965\/revisions\/4988"}],"wp:featuredmedia":[{"embeddable":true,"href":"https:\/\/www.firstcisl.it\/lombardia\/wp-json\/wp\/v2\/media\/4986"}],"wp:attachment":[{"href":"https:\/\/www.firstcisl.it\/lombardia\/wp-json\/wp\/v2\/media?parent=4965"}],"wp:term":[{"taxonomy":"category","embeddable":true,"href":"https:\/\/www.firstcisl.it\/lombardia\/wp-json\/wp\/v2\/categories?post=4965"},{"taxonomy":"post_tag","embeddable":true,"href":"https:\/\/www.firstcisl.it\/lombardia\/wp-json\/wp\/v2\/tags?post=4965"}],"curies":[{"name":"wp","href":"https:\/\/api.w.org\/{rel}","templated":true}]}}