{"id":4887,"date":"2023-05-01T10:41:02","date_gmt":"2023-05-01T08:41:02","guid":{"rendered":"https:\/\/www.firstcisl.it\/lombardia\/?p=4887"},"modified":"2023-05-01T10:41:02","modified_gmt":"2023-05-01T08:41:02","slug":"primo-maggio-sergio-mattarella-il-lavoro-riguarda-le-persone","status":"publish","type":"post","link":"https:\/\/www.firstcisl.it\/lombardia\/2023\/05\/01\/primo-maggio-sergio-mattarella-il-lavoro-riguarda-le-persone\/","title":{"rendered":"Primo Maggio, Sergio Mattarella, il lavoro riguarda le persone"},"content":{"rendered":"<p>Costituzione, giovani, donne e precari. I temi contenuti dell\u2019<a href=\"https:\/\/www.quirinale.it\/elementi\/84358\" target=\"_blank\" rel=\"noopener\">intervento del Presidente della Repubblica<\/a> Sergio Mattarella in occasione della visita a Reggio Emilia per celebrare la &#8220;Festa del Lavoro&#8221;.<\/p>\n<p>Ricordando che la Repubblica \u00e8 fondata sul lavoro, il Presidente ha sottolineato come \u201cil lavoro \u00e8 ci\u00f2 che mette ogni cittadino nella condizione di scegliere il proprio posto nella vita della comunit\u00e0. E il lavoro riguarda le persone\u201d.<\/p>\n<p>\u201cSi affaccia un nuovo mondo del lavoro e si affianca a quello esistente e dobbiamo saper inverare i principi costituzionali nei nuovi modelli produttivi con eguale saldezza.<br \/>\nUn recente rapporto \u2013 ha proseguito Sergio Mattarella ha posto in evidenza come il lavoro minorile sfruttato sia ancora una piaga presente.<br \/>\nLo sfruttamento ai danni dei minori costituisce un grave furto di futuro, sottraendo questi ragazzi alla scuola e spingendoli verso la marginalit\u00e0.<br \/>\n\u00c8 un tema che riguarda anche la condizione di molti lavoratori immigrati.<br \/>\nAltro aspetto da porre in primo piano \u00e8 quello degli infortuni sul lavoro, che distruggono vite, gettano nella disperazione famiglie, provocano danni irreversibili, con costi umani inaccettabili.<br \/>\nSappiamo bene che anche le battaglie del movimento sindacale dei lavoratori hanno contribuito in modo significativo a raggiungere traguardi di progresso sociale evidenti e che l\u2019Italia, nella sua trasformazione, ha compiuto giganteschi passi di crescita e di sviluppo.<br \/>\nMa sappiamo anche che le contraddizioni tendono sovente a riprodursi, come in ogni vicenda umana.<br \/>\nC\u2019\u00e8 amarezza in chi constata che la piena occupazione, specie per i giovani e le donne, \u00e8 di l\u00e0 da venire. Cos\u00ec come nel Mezzogiorno.<br \/>\nPersistono frammentazione e precariet\u00e0, condizioni di lavoro insicure, divari salariali,; si registra un costo della vita in aumento, in funzione anche delle tensioni internazionali in atto.<br \/>\nStagnazione salariale e sicurezza sul lavoro, nonostante i passi compiuti, sono temi in perenne discussione.\u201d<\/p>\n<p>In conclusione, il Presidente ha sottolineato: \u201cnon sar\u00e0 possibile creare nuovo lavoro, sostenere le innovazioni necessarie, affrontare con coraggio e creativit\u00e0 la competizione dei mercati senza il protagonismo delle imprese, grandi, medie e piccole. Senza la partecipazione dei lavoratori e dei sindacati, senza il contributo del Terzo settore, senza l\u2019apporto del mondo delle professioni\u201d.<\/p>\n<p>Comunicazione First Cisl Lombardia<\/p>\n<p>&nbsp;<\/p>\n<p>&nbsp;<\/p>\n<p>&nbsp;<\/p>\n<div class=\"gsp_post_data\" \r\n\t            data-post_type=\"post\" \r\n\t            data-cat=\"il-valore-delle-idee\" \r\n\t            data-modified=\"120\"\r\n\t            data-created=\"1682937662\"\r\n\t            data-title=\"Primo Maggio, Sergio Mattarella, il lavoro riguarda le persone\" \r\n\t            data-home=\"https:\/\/www.firstcisl.it\/lombardia\"><\/div>","protected":false},"excerpt":{"rendered":"<p>Costituzione, giovani, donne e precari. I temi contenuti dell\u2019intervento del Presidente della Repubblica Sergio Mattarella in occasione della visita a Reggio Emilia per celebrare la &#8220;Festa del Lavoro&#8221;. Ricordando che la Repubblica \u00e8 fondata sul lavoro, il Presidente ha sottolineato come \u201cil lavoro \u00e8 ci\u00f2 che mette ogni cittadino nella condizione di scegliere il proprio [&hellip;]<\/p>\n","protected":false},"author":12,"featured_media":510,"comment_status":"closed","ping_status":"closed","sticky":false,"template":"","format":"standard","meta":{"footnotes":""},"categories":[83],"tags":[146,692,568,695,388,228,387],"class_list":["post-4887","post","type-post","status-publish","format-standard","has-post-thumbnail","hentry","category-il-valore-delle-idee","tag-cisl","tag-costituzione","tag-festa-del-lavoro","tag-lavoro","tag-presidente-della-repubblica","tag-primo-maggio","tag-sergio-mattarella"],"_links":{"self":[{"href":"https:\/\/www.firstcisl.it\/lombardia\/wp-json\/wp\/v2\/posts\/4887","targetHints":{"allow":["GET"]}}],"collection":[{"href":"https:\/\/www.firstcisl.it\/lombardia\/wp-json\/wp\/v2\/posts"}],"about":[{"href":"https:\/\/www.firstcisl.it\/lombardia\/wp-json\/wp\/v2\/types\/post"}],"author":[{"embeddable":true,"href":"https:\/\/www.firstcisl.it\/lombardia\/wp-json\/wp\/v2\/users\/12"}],"replies":[{"embeddable":true,"href":"https:\/\/www.firstcisl.it\/lombardia\/wp-json\/wp\/v2\/comments?post=4887"}],"version-history":[{"count":3,"href":"https:\/\/www.firstcisl.it\/lombardia\/wp-json\/wp\/v2\/posts\/4887\/revisions"}],"predecessor-version":[{"id":4890,"href":"https:\/\/www.firstcisl.it\/lombardia\/wp-json\/wp\/v2\/posts\/4887\/revisions\/4890"}],"wp:featuredmedia":[{"embeddable":true,"href":"https:\/\/www.firstcisl.it\/lombardia\/wp-json\/wp\/v2\/media\/510"}],"wp:attachment":[{"href":"https:\/\/www.firstcisl.it\/lombardia\/wp-json\/wp\/v2\/media?parent=4887"}],"wp:term":[{"taxonomy":"category","embeddable":true,"href":"https:\/\/www.firstcisl.it\/lombardia\/wp-json\/wp\/v2\/categories?post=4887"},{"taxonomy":"post_tag","embeddable":true,"href":"https:\/\/www.firstcisl.it\/lombardia\/wp-json\/wp\/v2\/tags?post=4887"}],"curies":[{"name":"wp","href":"https:\/\/api.w.org\/{rel}","templated":true}]}}