{"id":4718,"date":"2023-03-14T15:35:18","date_gmt":"2023-03-14T14:35:18","guid":{"rendered":"https:\/\/www.firstcisl.it\/lombardia\/?p=4718"},"modified":"2023-03-20T15:09:47","modified_gmt":"2023-03-20T14:09:47","slug":"21-marzo-giornata-della-memoria-e-dellimpegno-in-ricordo-delle-vittime-innocenti-delle-mafie","status":"publish","type":"post","link":"https:\/\/www.firstcisl.it\/lombardia\/2023\/03\/14\/21-marzo-giornata-della-memoria-e-dellimpegno-in-ricordo-delle-vittime-innocenti-delle-mafie\/","title":{"rendered":"21 marzo, Giornata della Memoria e dell&#8217;Impegno in ricordo delle vittime innocenti delle mafie"},"content":{"rendered":"<p>La lettera invito di Cgil, Cisl e Uil lombarde e di Libera Lombardia in occasione della XXVIII Giornata della Memoria e dell&#8217;Impegno in ricordo delle vittime innocenti delle mafie.<\/p>\n<p>\u201cCare amiche e cari amici, il prossimo 21 marzo 2023 Libera e la sua vasta rete di associazioni e scuole, realt\u00e0 sociali e sindacali, cittadini ed enti locali saranno a Milano per la celebrazione della XXVIII Giornata della Memoria e dell&#8217;Impegno in ricordo delle vittime innocenti delle mafie.<\/p>\n<p>La Giornata \u00e8 riconosciuta ufficialmente dallo Stato, attraverso la legge n. 20 dell\u20198 marzo 2017. Da allora innumerevoli sono state le iniziative proposte e i percorsi di cambiamento realizzati: beni confiscati, memoria, educazione alla corresponsabilit\u00e0, campi di formazione e impegno, accompagnamento delle vittime e di coloro che hanno scelto di allontanarsi dal contesto mafioso, formazione scolastica e universitaria, sono solo alcuni degli snodi pi\u00f9 importanti dell\u2019impegno collettivo di questo quarto di secolo che ha visto Libera e i sindacati dei lavoratori Cgil Cisl e Uil, muoversi insieme.<\/p>\n<p>In questi stessi anni per\u00f2 le mafie si sono espanse e radicate, anche nel Nord Italia, hanno modificato il loro modo di agire, rendendosi in alcuni casi pi\u00f9 nascoste ma pi\u00f9 invasive e pericolose per le nostre comunit\u00e0, la nostra democrazia e la nostra economia. Ecco perch\u00e9 dobbiamo rafforzare tutti gli strumenti e i percorsi di prevenzione del fenomeno criminale.<\/p>\n<p>Il percorso verso il 21 marzo comprende momenti di riflessione, di approfondimento e di incontro e ruota intorno alla presenza dei familiari delle vittime innocenti delle mafie. Quel giorno a Milano torneremo a leggere i nomi dei loro cari, per far rivivere quegli uomini e quelle donne, giovani e adulti, per non far morire idee ed esempio di chi ha combattuto le mafie a viso aperto, ma anche le vite di chi, suo malgrado, si \u00e8 ritrovato nella traiettoria di una pallottola o vittima di potenti esplosivi diretti ad altri.<\/p>\n<p>Libera ha scelto nel 2023 di proporre la manifestazione in una citt\u00e0 del Nord (dopo Padova, nel 2019) e di organizzare nuovamente, superati i limiti imposti dalla pandemia, un corteo nazionale. Ci ritroveremo a Milano da ogni parte d\u2019Italia, con alcuni collegamenti internazionali con Europa, Africa, America Latina, grazie alla collaborazione con istituzioni e societ\u00e0 civile.<\/p>\n<p>I momenti centrali si svolgeranno il 20 e il 21 marzo 2023. Il luned\u00ec 20, con l&#8217;accoglienza degli oltre 400 familiari delle vittime innocenti delle mafie e con la veglia in suffragio dei loro congiunti. Il marted\u00ec 21, con il corteo nazionale e le iniziative collegate. Camminare insieme per le vie di Milano ha il significato di una mobilitazione collettiva a difesa della legalit\u00e0 democratica e per la ricerca della verit\u00e0 e della giustizia per le troppe vittime innocenti delle mafie.<\/p>\n<p>Per il nostro mondo del lavoro, inoltre, la manifestazione promossa il 21 marzo ha la caratteristica fondamentale di presidio dei valori costituzionali e del principio di legalit\u00e0, per fare s\u00ec che la dignit\u00e0 e i diritti dei cittadini e dei lavoratori in particolare siano sempre rispettati.<\/p>\n<p>Per questi motivi, vi chiediamo di essere con noi nella giornata del 21 marzo, per ribadire insieme il nostro \u201cno\u201d alle mafie e ad ogni forma di illegalit\u00e0.<\/p>\n<p>Fraterni saluti.\u201d<\/p>\n<p>Alessandro Pagano\u00a0 \u00a0 \u00a0 \u00a0 \u00a0 \u00a0 \u00a0 \u00a0 \u00a0 Ugo Duci\u00a0 \u00a0 \u00a0 \u00a0 \u00a0 \u00a0 \u00a0 \u00a0 \u00a0 \u00a0 \u00a0 \u00a0 \u00a0Enrico Vizza\u00a0 \u00a0 \u00a0 \u00a0 \u00a0 \u00a0 \u00a0 \u00a0 Lorenzo Frigerio<\/p>\n<p>SG CGIL Lombardia\u00a0 \u00a0 \u00a0 \u00a0 \u00a0 SG CISL Lombardia\u00a0 \u00a0 \u00a0 \u00a0 \u00a0 SG UIL Lombardia\u00a0 \u00a0 \u00a0 \u00a0 \u00a0 Libera Lombardia<\/p>\n<p>&nbsp;<\/p>\n<p>Allegato:<a href=\"https:\/\/www.firstcisl.it\/lombardia\/wp-content\/uploads\/sites\/6\/2023\/03\/lettera-Libera_OO.SS_.-Manifestazione-21-marzo-2023-2-1.pdf\" target=\"_blank\" rel=\"noopener\"> lettera Cgil, Cisl e Uil Lombardia e Libera Lombardia<\/a><\/p>\n<div class=\"gsp_post_data\" \r\n\t            data-post_type=\"post\" \r\n\t            data-cat=\"il-valore-delle-idee\" \r\n\t            data-modified=\"120\"\r\n\t            data-created=\"1678808118\"\r\n\t            data-title=\"21 marzo, Giornata della Memoria e dell&#8217;Impegno in ricordo delle vittime innocenti delle mafie\" \r\n\t            data-home=\"https:\/\/www.firstcisl.it\/lombardia\"><\/div>","protected":false},"excerpt":{"rendered":"<p>La lettera invito di Cgil, Cisl e Uil lombarde e di Libera Lombardia in occasione della XXVIII Giornata della Memoria e dell&#8217;Impegno in ricordo delle vittime innocenti delle mafie. \u201cCare amiche e cari amici, il prossimo 21 marzo 2023 Libera e la sua vasta rete di associazioni e scuole, realt\u00e0 sociali e sindacali, cittadini ed [&hellip;]<\/p>\n","protected":false},"author":12,"featured_media":4750,"comment_status":"closed","ping_status":"closed","sticky":false,"template":"","format":"standard","meta":{"footnotes":""},"categories":[83],"tags":[748,271,146,749,746,747,750,87],"class_list":["post-4718","post","type-post","status-publish","format-standard","has-post-thumbnail","hentry","category-il-valore-delle-idee","tag-alessandro-pagano","tag-cgil-cisl-uil","tag-cisl","tag-enrico-vizza","tag-giornata-della-memoria-e-dellimpegno-in-ricordo-delle-vittime-innocenti-delle-mafie","tag-libera-lombardia","tag-lorenzo-frigerio","tag-ugo-duci"],"_links":{"self":[{"href":"https:\/\/www.firstcisl.it\/lombardia\/wp-json\/wp\/v2\/posts\/4718","targetHints":{"allow":["GET"]}}],"collection":[{"href":"https:\/\/www.firstcisl.it\/lombardia\/wp-json\/wp\/v2\/posts"}],"about":[{"href":"https:\/\/www.firstcisl.it\/lombardia\/wp-json\/wp\/v2\/types\/post"}],"author":[{"embeddable":true,"href":"https:\/\/www.firstcisl.it\/lombardia\/wp-json\/wp\/v2\/users\/12"}],"replies":[{"embeddable":true,"href":"https:\/\/www.firstcisl.it\/lombardia\/wp-json\/wp\/v2\/comments?post=4718"}],"version-history":[{"count":9,"href":"https:\/\/www.firstcisl.it\/lombardia\/wp-json\/wp\/v2\/posts\/4718\/revisions"}],"predecessor-version":[{"id":4751,"href":"https:\/\/www.firstcisl.it\/lombardia\/wp-json\/wp\/v2\/posts\/4718\/revisions\/4751"}],"wp:featuredmedia":[{"embeddable":true,"href":"https:\/\/www.firstcisl.it\/lombardia\/wp-json\/wp\/v2\/media\/4750"}],"wp:attachment":[{"href":"https:\/\/www.firstcisl.it\/lombardia\/wp-json\/wp\/v2\/media?parent=4718"}],"wp:term":[{"taxonomy":"category","embeddable":true,"href":"https:\/\/www.firstcisl.it\/lombardia\/wp-json\/wp\/v2\/categories?post=4718"},{"taxonomy":"post_tag","embeddable":true,"href":"https:\/\/www.firstcisl.it\/lombardia\/wp-json\/wp\/v2\/tags?post=4718"}],"curies":[{"name":"wp","href":"https:\/\/api.w.org\/{rel}","templated":true}]}}