{"id":4715,"date":"2023-03-02T10:35:55","date_gmt":"2023-03-02T09:35:55","guid":{"rendered":"https:\/\/www.firstcisl.it\/lombardia\/?p=4715"},"modified":"2023-03-02T10:35:55","modified_gmt":"2023-03-02T09:35:55","slug":"ascoltare-per-rappresentare","status":"publish","type":"post","link":"https:\/\/www.firstcisl.it\/lombardia\/2023\/03\/02\/ascoltare-per-rappresentare\/","title":{"rendered":"Ascoltare per rappresentare"},"content":{"rendered":"<p>Negli scorsi mesi\u00a0<a href=\"https:\/\/www.facebook.com\/bibliolavoro.cisl\/?__cft__[0]=AZWtoSOni9QrqzXQHzLlm69jqg7Zfa7cxpA4D2IJOYhF5cyRdR7kHQGLKxtZv5vxiiz7FR7LNmGBbjbeF_CL9P72dS9yqmfpo2eFw4yOuHtBkv_-TNFdYT1np1Am2d2uligtMeTIuPs1uszXKv5wXUWVacNsuMI-kyfQIQdHUqhMjA&amp;__tn__=kK-R\">BiblioLavoro<\/a>, in collaborazione con la <a href=\"https:\/\/www.lombardia.cisl.it\/\" target=\"_blank\" rel=\"noopener\">CISL Lombardia<\/a> e il suo Coordinamento Donne, hanno realizzato una ricerca finalizzata all\u2019approfondimento specifico della condizione sociale ed occupazionale delle donne, \u201cLa voce delle iscritte alla CISL lombarda: un\u2019indagine sulla condizione delle lavoratrici e delle pensionate\u201d.<\/p>\n<p>Oggi, gioved\u00ec 23 febbraio 2023, c\u2019\u00e8 stata la presentazione dei risultati e delle proposte sindacali scaturiti dall\u2019indagine, una mattinata ricca di confronti e riflessioni sul tema della relazione tra la donna e lavoro.<\/p>\n<h3>Qualche dato della ricerca<\/h3>\n<blockquote class=\"wp-block-quote\"><p>Il 60% delle lavoratrici intervistate ritiene il proprio\u00a0<strong>reddito inadeguato<\/strong>\u00a0per rispondere ai propri bisogni.<\/p>\n<p><em>\u00a0La scelta del\u00a0<strong>part time \u00e8 spesso determinata da cause esterne\u00a0<\/strong>alla volont\u00e0 delle lavoratrici stesse: nel 59% dei casi \u00e8 motivata dalla necessit\u00e0 di prendersi cura dei figli e nel 14,4% di parenti anziani non autosufficienti o disabili<\/em>.<\/p>\n<p><em>Il peso della cura familiare grava prevalentemente (60-70%) sulle donne, generando problemi di conciliazione vita-lavoro che si traducono spesso in malessere psicofisico<\/em>.<\/p>\n<p><em>La carriera delle donne \u00e8 una corsa ad ostacoli che ancora oggi impone il dilemma \u201cfamiglia o lavoro?\u201d:\u00a0<strong>la maternit\u00e0 \u00e8 difficilmente conciliabile con la carriera<\/strong>\u00a0per il 94% delle rispondenti. Basti pensare che, dal parere delle intervistate, nell\u2019avanzamento di carriera delle donne \u00e8 il non avere impegni familiari l\u2019elemento che pesa maggiormente.<\/em><\/p>\n<p><em>Le molestie sono un tema urgente: il\u00a0<strong>44% delle donne<\/strong>\u00a0che hanno partecipato alla ricerca\u00a0<strong>afferma di aver assistito o subito una molestia sul luogo di lavoro<\/strong>. 9 intervistate su 10 vorrebbero un maggior impegno nella formazione sul tema.<\/em><\/p>\n<p><em>Altre forme di discriminazione colpiscono le donne sul lavoro: il 75% circa racconta di come le donne per arrivare siano costrette a dimostrare di pi\u00f9 rispetto ai colleghi uomini, cos\u00ec come il circa il 70% afferma di guadagnare meno, a parit\u00e0 di istruzione e qualifica, rispetto ai colleghi uomini<\/em>.<\/p>\n<p><em><strong>Lo smart working \u00e8 un valido strumento per scalfire il gender gap<\/strong>\u00a0e promuovere la conciliazione per il 61,1% delle rispondenti<\/em>.<\/p>\n<p><em>Per quanto riguarda le pensionate, il 47,2% di loro aiuta economicamente figli\/nipoti, il 51,7% accudisce o prepara i pasti per i nipoti, eppure nonostante ci\u00f2 pi\u00f9 del\u00a0<strong>90% delle intervistate \u00a0si sente un peso per la societ\u00e0<\/strong>. Grande poi la preoccupazione di divenire non autosufficiente anche perch\u00e8 una su due dichiara che non sarebbe in grado di sostenere economicamente i costi per essere adeguatamente assistita.<\/em><\/p>\n<p>Clicca <a href=\"https:\/\/www.bibliolavoro.it\/la-voce-delle-donne-iscritte-alla-cisl-lombardia\/\" target=\"_blank\" rel=\"noopener\"><strong>qui<\/strong> <\/a>per scaricare la ricerca &#8221; La voce delle donne iscritte alla CISL Lombardia&#8221;<\/p><\/blockquote>\n<div class=\"gsp_post_data\" \r\n\t            data-post_type=\"post\" \r\n\t            data-cat=\"in-primo-piano\" \r\n\t            data-modified=\"120\"\r\n\t            data-created=\"1677753355\"\r\n\t            data-title=\"Ascoltare per rappresentare\" \r\n\t            data-home=\"https:\/\/www.firstcisl.it\/lombardia\"><\/div>","protected":false},"excerpt":{"rendered":"<p>Negli scorsi mesi\u00a0BiblioLavoro, in collaborazione con la CISL Lombardia e il suo Coordinamento Donne, hanno realizzato una ricerca finalizzata all\u2019approfondimento specifico della condizione sociale ed occupazionale delle donne, \u201cLa voce delle iscritte alla CISL lombarda: un\u2019indagine sulla condizione delle lavoratrici e delle pensionate\u201d. Oggi, gioved\u00ec 23 febbraio 2023, c\u2019\u00e8 stata la presentazione dei risultati e [&hellip;]<\/p>\n","protected":false},"author":12,"featured_media":4717,"comment_status":"closed","ping_status":"closed","sticky":false,"template":"","format":"standard","meta":{"footnotes":""},"categories":[4],"tags":[745,146,284,695,575],"class_list":["post-4715","post","type-post","status-publish","format-standard","has-post-thumbnail","hentry","category-in-primo-piano","tag-bibliolavoro","tag-cisl","tag-coordinamento-donne","tag-lavoro","tag-lombardia"],"_links":{"self":[{"href":"https:\/\/www.firstcisl.it\/lombardia\/wp-json\/wp\/v2\/posts\/4715","targetHints":{"allow":["GET"]}}],"collection":[{"href":"https:\/\/www.firstcisl.it\/lombardia\/wp-json\/wp\/v2\/posts"}],"about":[{"href":"https:\/\/www.firstcisl.it\/lombardia\/wp-json\/wp\/v2\/types\/post"}],"author":[{"embeddable":true,"href":"https:\/\/www.firstcisl.it\/lombardia\/wp-json\/wp\/v2\/users\/12"}],"replies":[{"embeddable":true,"href":"https:\/\/www.firstcisl.it\/lombardia\/wp-json\/wp\/v2\/comments?post=4715"}],"version-history":[{"count":1,"href":"https:\/\/www.firstcisl.it\/lombardia\/wp-json\/wp\/v2\/posts\/4715\/revisions"}],"predecessor-version":[{"id":4716,"href":"https:\/\/www.firstcisl.it\/lombardia\/wp-json\/wp\/v2\/posts\/4715\/revisions\/4716"}],"wp:featuredmedia":[{"embeddable":true,"href":"https:\/\/www.firstcisl.it\/lombardia\/wp-json\/wp\/v2\/media\/4717"}],"wp:attachment":[{"href":"https:\/\/www.firstcisl.it\/lombardia\/wp-json\/wp\/v2\/media?parent=4715"}],"wp:term":[{"taxonomy":"category","embeddable":true,"href":"https:\/\/www.firstcisl.it\/lombardia\/wp-json\/wp\/v2\/categories?post=4715"},{"taxonomy":"post_tag","embeddable":true,"href":"https:\/\/www.firstcisl.it\/lombardia\/wp-json\/wp\/v2\/tags?post=4715"}],"curies":[{"name":"wp","href":"https:\/\/api.w.org\/{rel}","templated":true}]}}