{"id":3711,"date":"2020-12-31T12:28:54","date_gmt":"2020-12-31T11:28:54","guid":{"rendered":"https:\/\/www.firstcisl.it\/lombardia\/?p=3711"},"modified":"2020-12-31T12:28:54","modified_gmt":"2020-12-31T11:28:54","slug":"battistini-una-sfida-culturale-prima-ancora-che-economica","status":"publish","type":"post","link":"https:\/\/www.firstcisl.it\/lombardia\/2020\/12\/31\/battistini-una-sfida-culturale-prima-ancora-che-economica\/","title":{"rendered":"Battistini, una sfida culturale prima ancora che economica"},"content":{"rendered":"<p>L&#8217;editoriale di Andrea Battistini, segretario generale First Cisl Lombardia, dal titolo &#8220;Una sfida culturale prima ancora che economica&#8221;.<\/p>\n<p>&#8220;Il 2020, nella sua drammaticit\u00e0, ha sconvolto la vita delle persone, del loro modo di agire e di comportarsi a quello di relazionarsi con gli altri.<\/p>\n<p>Anche il mondo del lavoro ha dovuto adeguarsi e la forzata adozione di nuovi modelli organizzativi, quali per esempio il lavoro da remoto, ha impattato sulla quotidianit\u00e0 di milioni di lavoratori.<\/p>\n<p>Un cambiamento accentuato da processi di aggregazione, in particolare nel settore bancario, che stanno progressivamente determinando l\u2019allontanamento delle attivit\u00e0 dal territorio di riferimento, concentrando i processi decisionali in mano a pochissimi soggetti, in grado di condizionare significativamente l\u2019economia locale di molte realt\u00e0, anche nella nostra regione.<\/p>\n<p>La continua ricerca di efficienza economica, il cui unico obiettivo, oltre a limitare i rischi, \u00e8 quello di ridurre i costi riferiti al lavoro, mette in discussione il legame con il territorio e le economie locali. Elementi che, in un mercato sempre pi\u00f9 competitivo, ma concentrato, trasformano un potenziale vantaggio in un limite.<\/p>\n<p>I rischi e le nuove opportunit\u00e0 legati all\u2019evoluzione dei modelli tradizionali rappresentano una sfida e vanno adeguatamente analizzati e regolati.<\/p>\n<p>In questa \u201cpartita\u201d, il Sindacato continua a rappresentare gli interessi del mondo del lavoro nella societ\u00e0. I luoghi di lavoro e quelli della socialit\u00e0 sono sempre pi\u00f9 interconnessi: \u201cfabbrica e piazza sempre pi\u00f9 vicine\u201d.<\/p>\n<p>Il senso del lavoro non si esaurisce nello scambio prestazione lavorativa\/retribuzione, ma \u00e8 multidimensionale, dinamico, aperto. Investe la persona, ne favorisce la partecipazione sociale e i processi di autodeterminazione, \u00e8 fonte di autoriconoscimento e si contrappone al non-lavoro, che destruttura l\u2019individuo.<\/p>\n<p>L\u2019obiettivo \u00e8 di garantire anche alle future generazioni condizioni di sostenibilit\u00e0, indispensabili per lo sviluppo umano e sociale.<\/p>\n<p>Una sfida culturale, prima ancora che economica.<\/p>\n<p>Comunicazione First Cisl Lombardia<\/p>\n<p>Allegato:\u00a0<a href=\"https:\/\/www.firstcisl.it\/lombardia\/wp-content\/uploads\/sites\/6\/2020\/12\/2020_12_31_editoriale_battistini.pdf\" target=\"_blank\" rel=\"noopener noreferrer\"><strong>editoriale<\/strong><\/a><\/p>\n<p>&nbsp;<\/p>\n<p>&nbsp;<\/p>\n<div class=\"gsp_post_data\" \r\n\t            data-post_type=\"post\" \r\n\t            data-cat=\"il-valore-delle-idee\" \r\n\t            data-modified=\"120\"\r\n\t            data-created=\"1609417734\"\r\n\t            data-title=\"Battistini, una sfida culturale prima ancora che economica\" \r\n\t            data-home=\"https:\/\/www.firstcisl.it\/lombardia\"><\/div>","protected":false},"excerpt":{"rendered":"<p>L&#8217;editoriale di Andrea Battistini, segretario generale First Cisl Lombardia, dal titolo &#8220;Una sfida culturale prima ancora che economica&#8221;. &#8220;Il 2020, nella sua drammaticit\u00e0, ha sconvolto la vita delle persone, del loro modo di agire e di comportarsi a quello di relazionarsi con gli altri. Anche il mondo del lavoro ha dovuto adeguarsi e la forzata [&hellip;]<\/p>\n","protected":false},"author":12,"featured_media":3715,"comment_status":"closed","ping_status":"closed","sticky":false,"template":"","format":"standard","meta":{"footnotes":""},"categories":[83],"tags":[71,323,513,62],"class_list":["post-3711","post","type-post","status-publish","format-standard","has-post-thumbnail","hentry","category-il-valore-delle-idee","tag-andrea-battistini","tag-coronavirus","tag-riorganizzazioni","tag-smart-working"],"_links":{"self":[{"href":"https:\/\/www.firstcisl.it\/lombardia\/wp-json\/wp\/v2\/posts\/3711","targetHints":{"allow":["GET"]}}],"collection":[{"href":"https:\/\/www.firstcisl.it\/lombardia\/wp-json\/wp\/v2\/posts"}],"about":[{"href":"https:\/\/www.firstcisl.it\/lombardia\/wp-json\/wp\/v2\/types\/post"}],"author":[{"embeddable":true,"href":"https:\/\/www.firstcisl.it\/lombardia\/wp-json\/wp\/v2\/users\/12"}],"replies":[{"embeddable":true,"href":"https:\/\/www.firstcisl.it\/lombardia\/wp-json\/wp\/v2\/comments?post=3711"}],"version-history":[{"count":2,"href":"https:\/\/www.firstcisl.it\/lombardia\/wp-json\/wp\/v2\/posts\/3711\/revisions"}],"predecessor-version":[{"id":3714,"href":"https:\/\/www.firstcisl.it\/lombardia\/wp-json\/wp\/v2\/posts\/3711\/revisions\/3714"}],"wp:featuredmedia":[{"embeddable":true,"href":"https:\/\/www.firstcisl.it\/lombardia\/wp-json\/wp\/v2\/media\/3715"}],"wp:attachment":[{"href":"https:\/\/www.firstcisl.it\/lombardia\/wp-json\/wp\/v2\/media?parent=3711"}],"wp:term":[{"taxonomy":"category","embeddable":true,"href":"https:\/\/www.firstcisl.it\/lombardia\/wp-json\/wp\/v2\/categories?post=3711"},{"taxonomy":"post_tag","embeddable":true,"href":"https:\/\/www.firstcisl.it\/lombardia\/wp-json\/wp\/v2\/tags?post=3711"}],"curies":[{"name":"wp","href":"https:\/\/api.w.org\/{rel}","templated":true}]}}