{"id":3501,"date":"2020-09-08T12:05:41","date_gmt":"2020-09-08T10:05:41","guid":{"rendered":"https:\/\/www.firstcisl.it\/lombardia\/?p=3501"},"modified":"2020-09-08T12:19:12","modified_gmt":"2020-09-08T10:19:12","slug":"battistini-in-piazza-per-il-lavoro-contro-il-tanto-peggio-tanto-meglio","status":"publish","type":"post","link":"https:\/\/www.firstcisl.it\/lombardia\/2020\/09\/08\/battistini-in-piazza-per-il-lavoro-contro-il-tanto-peggio-tanto-meglio\/","title":{"rendered":"Battistini, in piazza per il lavoro contro il \u201dtanto peggio, tanto meglio\u201d"},"content":{"rendered":"<p>Il prossimo 18 settembre la CISL, insieme alla CGIL e alla UIL, ha indetto una giornata di mobilitazione nazionale denominata \u201cRipartire dal lavoro\u201d.<\/p>\n<p>\u201cI temi del lavoro, dell\u2019economia, della ripartenza \u2013 dichiara Andrea Battistini, segretario generale First Cisl Lombardia &#8211; non possono pi\u00f9 attendere risposte che non arrivano, \u00e8 il momento dell\u2019assunzione di responsabilit\u00e0 e delle scelte politiche per rimettere in moto il Paese.<\/p>\n<p>La proroga degli ammortizzatori sociali e il blocco dei licenziamenti, se non accompagnati da interventi specifici, mirati ed efficaci, non sono sufficienti a contrastare la pericolosa spirale recessiva in atto e a favorire la ripartenza, che dovrebbe guidare le scelte di chi ha responsabilit\u00e0 istituzionali ai vari livelli, e non essere un semplice slogan. Le risorse non mancano, il sostegno europeo c\u2019\u00e8 stato, ora \u00e8 il momento delle decisioni politiche\u201d.<\/p>\n<p>Il vero nodo &#8220;resta l\u2019individuazione delle politiche e delle priorit\u00e0 a cui destinare le risorse che l\u2019Europa ci ha accordato \u2013 sottolinea Annamaria Furlan, segretaria generale Cisl -.tutti danno per scontato che da adesso alla fine dell\u2019anno non sar\u00e0 fatto nulla, io credo, invece, che se in questi mesi adotteremo scelte importanti di investimento e di prospettive per il lavoro, probabilmente avremo una condizione molto diversa. Il punto \u00e8 questo: tutta la passione che vedo nella discussione sui licenziamenti la vorrei trovare nella richiesta al governo di fare scelte davvero importanti. La priorit\u00e0 \u00e8, insomma, un\u2019altra&#8221;.<\/p>\n<p>Per questi motivi anche First Cisl Lombardia, nella mattinata di venerd\u00ec 18 settembre, \u201cscender\u00e0 in piazza a Milano \u2013 ribadisce Battistini &#8211; perch\u00e9 il clima di incertezza che caratterizza questa fase non sia motivo per giustificare l\u2019inazione, l\u2019attendismo, lo scaricabarile delle responsabilit\u00e0, che alimentano la deriva populista di chi \u00e8 alla continua ricerca di consenso politico ed \u00e8 convinto che \u2018Tanto peggio, tanto meglio\u2019.\u201d<\/p>\n<p>Comunicazione First Cisl Lombardia<\/p>\n<p><strong>All.:<\/strong>\u00a0 \u00a0 \u00a0<a href=\"https:\/\/www.firstcisl.it\/lombardia\/wp-content\/uploads\/sites\/6\/2020\/09\/2020_09_08_Battistini_manifestazione18settembre.pdf\" target=\"_blank\" rel=\"noopener noreferrer\">documento &#8220;Battistini, in piazza per il lavoro &#8230;&#8221;<\/a><\/p>\n<p>&nbsp;<\/p>\n<p>&nbsp;<\/p>\n<div class=\"gsp_post_data\" \r\n\t            data-post_type=\"post\" \r\n\t            data-cat=\"il-valore-delle-idee\" \r\n\t            data-modified=\"120\"\r\n\t            data-created=\"1599566741\"\r\n\t            data-title=\"Battistini, in piazza per il lavoro contro il \u201dtanto peggio, tanto meglio\u201d\" \r\n\t            data-home=\"https:\/\/www.firstcisl.it\/lombardia\"><\/div>","protected":false},"excerpt":{"rendered":"<p>Il prossimo 18 settembre la CISL, insieme alla CGIL e alla UIL, ha indetto una giornata di mobilitazione nazionale denominata \u201cRipartire dal lavoro\u201d. \u201cI temi del lavoro, dell\u2019economia, della ripartenza \u2013 dichiara Andrea Battistini, segretario generale First Cisl Lombardia &#8211; non possono pi\u00f9 attendere risposte che non arrivano, \u00e8 il momento dell\u2019assunzione di responsabilit\u00e0 e [&hellip;]<\/p>\n","protected":false},"author":12,"featured_media":510,"comment_status":"closed","ping_status":"closed","sticky":false,"template":"","format":"standard","meta":{"footnotes":""},"categories":[83],"tags":[71,80,271,146,291,444],"class_list":["post-3501","post","type-post","status-publish","format-standard","has-post-thumbnail","hentry","category-il-valore-delle-idee","tag-andrea-battistini","tag-annamaria-furlan","tag-cgil-cisl-uil","tag-cisl","tag-manifestazione","tag-ripartire-dal-lavoro"],"_links":{"self":[{"href":"https:\/\/www.firstcisl.it\/lombardia\/wp-json\/wp\/v2\/posts\/3501","targetHints":{"allow":["GET"]}}],"collection":[{"href":"https:\/\/www.firstcisl.it\/lombardia\/wp-json\/wp\/v2\/posts"}],"about":[{"href":"https:\/\/www.firstcisl.it\/lombardia\/wp-json\/wp\/v2\/types\/post"}],"author":[{"embeddable":true,"href":"https:\/\/www.firstcisl.it\/lombardia\/wp-json\/wp\/v2\/users\/12"}],"replies":[{"embeddable":true,"href":"https:\/\/www.firstcisl.it\/lombardia\/wp-json\/wp\/v2\/comments?post=3501"}],"version-history":[{"count":4,"href":"https:\/\/www.firstcisl.it\/lombardia\/wp-json\/wp\/v2\/posts\/3501\/revisions"}],"predecessor-version":[{"id":3507,"href":"https:\/\/www.firstcisl.it\/lombardia\/wp-json\/wp\/v2\/posts\/3501\/revisions\/3507"}],"wp:featuredmedia":[{"embeddable":true,"href":"https:\/\/www.firstcisl.it\/lombardia\/wp-json\/wp\/v2\/media\/510"}],"wp:attachment":[{"href":"https:\/\/www.firstcisl.it\/lombardia\/wp-json\/wp\/v2\/media?parent=3501"}],"wp:term":[{"taxonomy":"category","embeddable":true,"href":"https:\/\/www.firstcisl.it\/lombardia\/wp-json\/wp\/v2\/categories?post=3501"},{"taxonomy":"post_tag","embeddable":true,"href":"https:\/\/www.firstcisl.it\/lombardia\/wp-json\/wp\/v2\/tags?post=3501"}],"curies":[{"name":"wp","href":"https:\/\/api.w.org\/{rel}","templated":true}]}}