{"id":3052,"date":"2020-03-02T13:35:00","date_gmt":"2020-03-02T12:35:00","guid":{"rendered":"https:\/\/www.firstcisl.it\/lombardia\/?p=3052"},"modified":"2020-03-02T14:10:22","modified_gmt":"2020-03-02T13:10:22","slug":"battistini-non-vogliamo-sottintendere-girare-la-testa-o-tacere-mai","status":"publish","type":"post","link":"https:\/\/www.firstcisl.it\/lombardia\/2020\/03\/02\/battistini-non-vogliamo-sottintendere-girare-la-testa-o-tacere-mai\/","title":{"rendered":"Battistini, non vogliamo sottintendere, girare la testa o tacere.  Mai"},"content":{"rendered":"<p>&#8220;Il dibattito politico e scientifico che ha caratterizzato, in particolare, l&#8217;ultima settimana, ha indotto molti ad approfondire, peraltro senza competenza specifica, aspetti legati alla medicina, la biologia e la virologia, e ad osservare con attenzione e preoccupazione le scelte del Governo e della Regione per contrastare la diffusione del virus.<\/p>\n<p>Probabilmente &#8211; si legge in un <a href=\"https:\/\/www.firstcisl.it\/lombardia\/wp-content\/uploads\/sites\/6\/2020\/03\/2020_03_02_battistini_coronavirus.pdf\" target=\"_blank\" rel=\"noopener noreferrer\">documento a firma Andrea Battistini<\/a>, segretario generale First Cisl Lombardia &#8211;\u00a0 diversi hanno criticato le misure adottate, chi per la limitatezza, chi per l&#8217;esatto opposto, l&#8217;eccessivit\u00e0.<\/p>\n<p>Non sono un medico, men che meno uno scienziato, quindi non spetta a me dare una risposta certa e definitiva sull&#8217;adeguatezza delle Ordinanze emanate per tutelare la salute pubblica, in particolare dei pi\u00f9 deboli e a rischio. Le persone anziane e quelle con patologie pregresse importanti (cos\u00ec, al momento, dicono le statistiche e gli specialisti).<\/p>\n<p>L&#8217;auspicio \u00e8 che le azioni messe in campo siano efficaci e permettano di superare velocemente una situazione che pu\u00f2 determinare effetti importanti e negativi sia sulla salute dei cittadini, che sull&#8217;economia in generale, non solo italiana.<\/p>\n<p>La Lombardia, pesantemente colpita, dar\u00e0 ancora una volta dimostrazione della sua resilienza e della sua forza, rialzandosi e ripartendo dopo questa breve tappa forzata, ma dovr\u00e0 trarre tutti gli insegnamenti del caso, per rafforzare la coesione sociale al suo interno ed indirizzare le sue politiche per i prossimi anni.<\/p>\n<p>In primis dovrebbe essere riconsiderato il ruolo della Politica, in senso lato, e il suo valore per l&#8217;amministrazione degli interessi e del bene pubblico, uscendo dai luoghi comuni e dalle mere strategie o tattiche volte a strappare qualche consenso a qualsiasi prezzo. Questo risultato sar\u00e0 possibile non solo se ci sar\u00e0 una diversa percezione dell&#8217;importanza delle scelte politiche per la vita delle persone, ma se chi rappresenta le istituzioni non far\u00e0 continuamente prevalere gli interessi di parte e particolaristici, a quelli collettivi.<\/p>\n<p>Sul fronte educativo, probabilmente, sarebbe opportuno rivalorizzare i \u201cvecchi\u201d corsi di Educazione civica &#8211;<a href=\"https:\/\/www.firstcisl.it\/lombardia\/wp-content\/uploads\/sites\/6\/2020\/03\/2020_03_02_battistini_coronavirus.pdf\" target=\"_blank\" rel=\"noopener noreferrer\"> continua Battistini<\/a> &#8211; che hanno arricchito di senso civico, istituzionale e sociale diverse generazioni, formando gli animi e le menti degli individui, ed introdurre lo studio e l&#8217;approfondimento di temi legati allo sviluppo sostenibile e all&#8217;ambiente. L&#8217;Agenzia Europea per l&#8217;Ambiente (EEA) ci ricorda che <strong><u>nel 2019 l&#8217;inquinamento dell&#8217;aria \u00e8 il pi\u00f9 grande rischio in Europa, con effetti devastanti, oltre 400.000 morti l&#8217;anno<\/u><\/strong>.<\/p>\n<p>Una diversa consapevolezza potrebbe creare le basi per un futuro migliore, che non si fondi solo su slogan, ma su comportamenti individuali e collettivi diversi e sostenibili, a tutela dell&#8217;ambiente e di noi stessi. Se tutti assumessimo questa prospettiva ed avessimo lo stesso timore collettivo che abbiamo per il \u201cvirus\u201d, anche per le malattie legate all&#8217;inquinamento, quello si &#8211; da noi stessi determinato &#8211; la transizione verso un nuovo modello di sviluppo sostenibile avverrebbe in tempi pi\u00f9 rapidi, salverebbe decine di migliaia di vite umane e potrebbe favorire la riconversione industriale e professionale di molti lavoratori, con beneficio per tutti.<\/p>\n<p>I temi della diversit\u00e0 in senso lato e dell&#8217;inclusione, le limitazioni specifiche introdotte per chi vive o lavora nella zona rossa &#8211; \u201csubite\u201d per chi vive nel nord Italia e vuole spostarsi, ma non gli \u00e8 permesso (voli cancellati, limitazioni imposte da altri Paesi&#8230;), a fronte di una situazione legata alla tutela della salute pubblica e a un virus di cui nessuno \u00e8 colpevole \u2013 dovrebbero farci riflettere sulle responsabilit\u00e0 troppo spesso attribuite ingiustificatamente ai \u201cdiversi\u201d e agli \u201cesclusi\u201d, e alle scelte politiche conseguenti, spesso pi\u00f9 determinate dalla pancia, che dalla testa e dal \u201ccuore\u201d.<\/p>\n<p>In questi momenti \u00e8 pi\u00f9 semplice percepire il reale significato di parole e valori quali coesione, libert\u00e0, solidariet\u00e0, sicurezza, rispetto, dignit\u00e0, fiducia, gratitudine ghettizzazione\/emarginazione, paura, diffidenza. La maggior parte degli esseri umani ha una capacit\u00e0 infinita di dare per scontate le cose, compresa la libert\u00e0.<\/p>\n<p>Cito Albert Camus \u201cLa met\u00e0 della vita di un uomo \u00e8 passata a sottintendere, a girare la testa e a tacere\u201d. E noi non vogliamo sottintendere, girare la testa o tacere. Mai.<\/p>\n<p>Inutile negare che preoccupano anche gli effetti sui mercati finanziari della paura e delle incertezze legate al contesto. In parte legate alla realizzazione dei profitti generati dalla crescita significativa avvenuta nell&#8217;ultimo anno dei mercati, anche in assenza di crescita dell&#8217;economia reale, in parte a logiche squisitamente speculative, in parte proprio alla paura. Motivazioni a parte, gli effetti sul credito, sull&#8217;economia, sul lavoro rischiano di essere pesanti.<\/p>\n<p>Un ringraziamento di cuore a tutte le persone che si stanno impegnando per la gestione di questa situazione emergenziale &#8211; conclude Battistini &#8211;\u00a0 dal personale medico e infermieristico, ai volontari, alle forze di pubblica sicurezza, ai tanti colleghi che stanno garantendo i servizi bancari, assicurativi e di riscossione all&#8217;utenza. Solidariet\u00e0 e vicinanza ai tanti colleghi colpiti dal virus o costretti in quarantena&#8221;.<\/p>\n<p>Comunicazione First Cisl Lombardia<\/p>\n<p><a href=\"https:\/\/www.firstcisl.it\/lombardia\/wp-content\/uploads\/sites\/6\/2020\/03\/2020_03_02_battistini_coronavirus.pdf\" target=\"_blank\" rel=\"noopener noreferrer\">Leggi e stampa il documento<\/a><\/p>\n<p>&nbsp;<\/p>\n<div class=\"gsp_post_data\" \r\n\t            data-post_type=\"post\" \r\n\t            data-cat=\"il-valore-delle-idee\" \r\n\t            data-modified=\"120\"\r\n\t            data-created=\"1583156100\"\r\n\t            data-title=\"Battistini, non vogliamo sottintendere, girare la testa o tacere.  Mai\" \r\n\t            data-home=\"https:\/\/www.firstcisl.it\/lombardia\"><\/div>","protected":false},"excerpt":{"rendered":"<p>&#8220;Il dibattito politico e scientifico che ha caratterizzato, in particolare, l&#8217;ultima settimana, ha indotto molti ad approfondire, peraltro senza competenza specifica, aspetti legati alla medicina, la biologia e la virologia, e ad osservare con attenzione e preoccupazione le scelte del Governo e della Regione per contrastare la diffusione del virus. Probabilmente &#8211; si legge in [&hellip;]<\/p>\n","protected":false},"author":12,"featured_media":717,"comment_status":"closed","ping_status":"closed","sticky":false,"template":"","format":"standard","meta":{"footnotes":""},"categories":[83],"tags":[330,71,323],"class_list":["post-3052","post","type-post","status-publish","format-standard","has-post-thumbnail","hentry","category-il-valore-delle-idee","tag-albert-camus","tag-andrea-battistini","tag-coronavirus"],"_links":{"self":[{"href":"https:\/\/www.firstcisl.it\/lombardia\/wp-json\/wp\/v2\/posts\/3052","targetHints":{"allow":["GET"]}}],"collection":[{"href":"https:\/\/www.firstcisl.it\/lombardia\/wp-json\/wp\/v2\/posts"}],"about":[{"href":"https:\/\/www.firstcisl.it\/lombardia\/wp-json\/wp\/v2\/types\/post"}],"author":[{"embeddable":true,"href":"https:\/\/www.firstcisl.it\/lombardia\/wp-json\/wp\/v2\/users\/12"}],"replies":[{"embeddable":true,"href":"https:\/\/www.firstcisl.it\/lombardia\/wp-json\/wp\/v2\/comments?post=3052"}],"version-history":[{"count":8,"href":"https:\/\/www.firstcisl.it\/lombardia\/wp-json\/wp\/v2\/posts\/3052\/revisions"}],"predecessor-version":[{"id":3064,"href":"https:\/\/www.firstcisl.it\/lombardia\/wp-json\/wp\/v2\/posts\/3052\/revisions\/3064"}],"wp:featuredmedia":[{"embeddable":true,"href":"https:\/\/www.firstcisl.it\/lombardia\/wp-json\/wp\/v2\/media\/717"}],"wp:attachment":[{"href":"https:\/\/www.firstcisl.it\/lombardia\/wp-json\/wp\/v2\/media?parent=3052"}],"wp:term":[{"taxonomy":"category","embeddable":true,"href":"https:\/\/www.firstcisl.it\/lombardia\/wp-json\/wp\/v2\/categories?post=3052"},{"taxonomy":"post_tag","embeddable":true,"href":"https:\/\/www.firstcisl.it\/lombardia\/wp-json\/wp\/v2\/tags?post=3052"}],"curies":[{"name":"wp","href":"https:\/\/api.w.org\/{rel}","templated":true}]}}