{"id":2956,"date":"2020-01-28T21:06:19","date_gmt":"2020-01-28T20:06:19","guid":{"rendered":"https:\/\/www.firstcisl.it\/lombardia\/?p=2956"},"modified":"2020-01-28T21:06:19","modified_gmt":"2020-01-28T20:06:19","slug":"il-consiglio-generale-first-cisl-approva-lipotesi-di-rinnovo-del-ccnl","status":"publish","type":"post","link":"https:\/\/www.firstcisl.it\/lombardia\/2020\/01\/28\/il-consiglio-generale-first-cisl-approva-lipotesi-di-rinnovo-del-ccnl\/","title":{"rendered":"Il Consiglio Generale First Cisl approva l&#8217;ipotesi di rinnovo del Ccnl"},"content":{"rendered":"<p>Via libera del Consiglio generale di First Cisl al\u00a0<a href=\"https:\/\/www.firstcisl.it\/2019\/12\/banche-firmato-ccnl-colombani-ripartono-salari-da-settore-spinta-a-crescita\/\" target=\"_blank\" rel=\"noopener noreferrer\">rinnovo del contratto nazionale dei bancari firmato con l\u2019Abi<\/a>. Il testo \u00e8 stato approvato all\u2019unanimit\u00e0 nel corso della riunione che si \u00e8 tenuta a Castelnuovo del Garda (Verona). Per il segretario generale Riccardo Colombani &#8211; si legge sul<a href=\"https:\/\/www.firstcisl.it\/\" target=\"_blank\" rel=\"noopener noreferrer\"> sito First Cisl<\/a> &#8211; \u201cil voto di oggi conferma che l\u2019accordo raggiunto con Abi trova grande consenso nella categoria. \u00c8 un passo importante in attesa che, negli appuntamenti in programma di qui alla met\u00e0 di marzo, si pronuncino gli attivi unitari e le assemblee dei lavoratori, da cui dipende l\u2019approvazione definitiva\u201d.<\/p>\n<p>\u201cQuel che \u00e8 certo \u2013 aggiunge il leader dei bancari della Cisl \u2013 \u00e8 che l\u2019esito della trattativa ha ribadito la centralit\u00e0 del contratto nazionale, centralit\u00e0 pi\u00f9 che mai fondamentale in un momento di profonda trasformazione come quello che sta vivendo il settore bancario. Al riguardo \u2013 osserva Colombani \u2013 va sottolineata l\u2019importanza dell\u2019introduzione della cabina di regia sul digitale, organo paritetico costituito da banche e sindacati per vagliare le nuove figure professionali legate alle tecnologie digitali e il loro inquadramento nei gruppi. Un\u2019innovazione rilevante anche per quanto riguarda la partecipazione dei lavoratori\u201d.<\/p>\n<p>Sul fronte economico, prosegue Colombani, \u201ccon l\u2019aumento di 190 euro siamo di fronte a un risultato che va al di l\u00e0 della richiesta contenuta dalla piattaforma sindacale, nonostante l\u2019allungamento a quattro anni delle vigenza contrattuale. Questo perch\u00e9 l\u2019inflazione programmata si \u00e8 rilevata pi\u00f9 bassa rispetto alle nostre stime\u201d. Anche sul versante delle tutele professionali, osserva infine Colombani, \u201csono stati compiuti passi avanti significativi, con un rafforzamento delle garanzie in caso di procedimento disciplinare e con una formulazione del concetto di colpa che tiene conto delle circostanze di fatto, vale a dire del contesto organizzativo e delle indicazioni ricevute dall\u2019azienda\u201d.<\/p>\n<p>Tutte le informazioni sul rinnovo del Contratto nazionale dei bancari su\u00a0<a href=\"https:\/\/www.firstcisl.it\/adessocontratto\" target=\"_blank\" rel=\"noopener noreferrer\">www.firstcisl.it\/adessocontratto<\/a><\/p>\n<div class=\"gsp_post_data\" \r\n\t            data-post_type=\"post\" \r\n\t            data-cat=\"contrattazione\" \r\n\t            data-modified=\"120\"\r\n\t            data-created=\"1580245579\"\r\n\t            data-title=\"Il Consiglio Generale First Cisl approva l&#8217;ipotesi di rinnovo del Ccnl\" \r\n\t            data-home=\"https:\/\/www.firstcisl.it\/lombardia\"><\/div>","protected":false},"excerpt":{"rendered":"<p>Via libera del Consiglio generale di First Cisl al\u00a0rinnovo del contratto nazionale dei bancari firmato con l\u2019Abi. Il testo \u00e8 stato approvato all\u2019unanimit\u00e0 nel corso della riunione che si \u00e8 tenuta a Castelnuovo del Garda (Verona). Per il segretario generale Riccardo Colombani &#8211; si legge sul sito First Cisl &#8211; \u201cil voto di oggi conferma [&hellip;]<\/p>\n","protected":false},"author":12,"featured_media":1983,"comment_status":"closed","ping_status":"closed","sticky":false,"template":"","format":"standard","meta":{"footnotes":""},"categories":[6],"tags":[147,275,93,70,56],"class_list":["post-2956","post","type-post","status-publish","format-standard","has-post-thumbnail","hentry","category-contrattazione","tag-consiglio-generale-first-cisl","tag-contratto-bancari-2019","tag-rassegna-stampa","tag-riccardo-colombani","tag-rinnovo-ccnl"],"_links":{"self":[{"href":"https:\/\/www.firstcisl.it\/lombardia\/wp-json\/wp\/v2\/posts\/2956","targetHints":{"allow":["GET"]}}],"collection":[{"href":"https:\/\/www.firstcisl.it\/lombardia\/wp-json\/wp\/v2\/posts"}],"about":[{"href":"https:\/\/www.firstcisl.it\/lombardia\/wp-json\/wp\/v2\/types\/post"}],"author":[{"embeddable":true,"href":"https:\/\/www.firstcisl.it\/lombardia\/wp-json\/wp\/v2\/users\/12"}],"replies":[{"embeddable":true,"href":"https:\/\/www.firstcisl.it\/lombardia\/wp-json\/wp\/v2\/comments?post=2956"}],"version-history":[{"count":1,"href":"https:\/\/www.firstcisl.it\/lombardia\/wp-json\/wp\/v2\/posts\/2956\/revisions"}],"predecessor-version":[{"id":2957,"href":"https:\/\/www.firstcisl.it\/lombardia\/wp-json\/wp\/v2\/posts\/2956\/revisions\/2957"}],"wp:featuredmedia":[{"embeddable":true,"href":"https:\/\/www.firstcisl.it\/lombardia\/wp-json\/wp\/v2\/media\/1983"}],"wp:attachment":[{"href":"https:\/\/www.firstcisl.it\/lombardia\/wp-json\/wp\/v2\/media?parent=2956"}],"wp:term":[{"taxonomy":"category","embeddable":true,"href":"https:\/\/www.firstcisl.it\/lombardia\/wp-json\/wp\/v2\/categories?post=2956"},{"taxonomy":"post_tag","embeddable":true,"href":"https:\/\/www.firstcisl.it\/lombardia\/wp-json\/wp\/v2\/tags?post=2956"}],"curies":[{"name":"wp","href":"https:\/\/api.w.org\/{rel}","templated":true}]}}