{"id":2707,"date":"2019-10-21T14:52:18","date_gmt":"2019-10-21T12:52:18","guid":{"rendered":"https:\/\/www.firstcisl.it\/lombardia\/?p=2707"},"modified":"2019-10-21T14:52:18","modified_gmt":"2019-10-21T12:52:18","slug":"cassa-centrale-banca-prosegue-il-riordino-nuovo-tavolo-di-confronto","status":"publish","type":"post","link":"https:\/\/www.firstcisl.it\/lombardia\/2019\/10\/21\/cassa-centrale-banca-prosegue-il-riordino-nuovo-tavolo-di-confronto\/","title":{"rendered":"Cassa Centrale Banca, prosegue il riordino. Nuovo tavolo di confronto"},"content":{"rendered":"<p>Ha preso il via nei giorni scorsi la trattativa per la creazione di un nuovo strumento operativo che porter\u00e0 alla costituzione di un unico polo nazionale di tutte le societ\u00e0 informatiche di Cassa Centrale Banca. Il progetto coinvolger\u00e0 anche la provincia di Brescia dove ha sede la societ\u00e0 che progetta applicativi informatici per le banche del Gruppo e che d\u00e0 lavoro a 25 dipendenti. \u201cL\u2019apertura di questo tavolo di confronto \u2013 commenta Andrea Di Noia, segretario generale First Cisl Brescia e componente della delegazione sindacale impegnata nella trattativa \u2013 consente una riflessione pi\u00f9 ampia su questa realt\u00e0 aziendale che nel Bresciano occupa oltre 1.300 lavoratori\u201c; \u00e8 quanto si legge sul sito del la Cisl di Brescia.<\/p>\n<p>NEL GRUPPO QUATTRO BCC BRESCIANE<\/p>\n<p>Cassa Centrale Banca \u2013 che ha sede centrale a Trento \u2013 \u00e8 infatti una delle due capogruppo nazionali del credito cooperativo \u2013 consolidatasi come Gruppo all\u2019inizio del 2019 in ottemperanza alle direttive contenute nella Riforma di settore. \u201cNel nostro territorio \u2013 spiega Di Noia \u2013 sono quattro le BCC bresciane che hanno aderito al Gruppo: Credito Cooperativo di Brescia, BTL, Cassa Padana e CRA di Borgo San Giacomo. Una rete che ad oggi rappresenta oltre il 70% dei volumi intermediati dal sistema cooperativo nel Bresciano\u201c.<\/p>\n<p>FUSIONE E RIORGANIZZAZIONE (SOPRATTUTTO IN TRENTINO)<\/p>\n<p>\u201cGi\u00e0 dal mese di aprile \u2013 continua il leader dei bancari della Cisl \u2013 sono stati avviati tavoli negoziali per gestire le ricadute occupazionali su numerosi processi di fusione e di riorganizzazione dimensionale di numerose BCC aderenti al Gruppo, quasi esclusivamente su banche operanti nella provincia di Trento. Le BCC bresciane aderenti a CCB, vantano gi\u00e0 livelli dimensionali adeguati, mentre la qualit\u00e0 del credito continua, in alcune aziende, a causare debolezze e scarsa redditivit\u00e0\u201d .<\/p>\n<p>DI NOIA: DA PARTE NOSTRA ATTENZIONE COSTANTE<\/p>\n<p>\u201cFirst Cisl \u2013 conclude Di noia \u2013 seguir\u00e0 con particolare attenzione tutta la negoziazione, sia per scongiurare tensioni occupazionali, sia per garantire il mantenimento di elementi contrattuali tipici del credito cooperativo lombardo\u201d.<\/p>\n<p>Comunicazione FIRST Cisl Lombardia<\/p>\n<div class=\"gsp_post_data\" \r\n\t            data-post_type=\"post\" \r\n\t            data-cat=\"aziende-e-territorio\" \r\n\t            data-modified=\"120\"\r\n\t            data-created=\"1571669538\"\r\n\t            data-title=\"Cassa Centrale Banca, prosegue il riordino. Nuovo tavolo di confronto\" \r\n\t            data-home=\"https:\/\/www.firstcisl.it\/lombardia\"><\/div>","protected":false},"excerpt":{"rendered":"<p>Ha preso il via nei giorni scorsi la trattativa per la creazione di un nuovo strumento operativo che porter\u00e0 alla costituzione di un unico polo nazionale di tutte le societ\u00e0 informatiche di Cassa Centrale Banca. Il progetto coinvolger\u00e0 anche la provincia di Brescia dove ha sede la societ\u00e0 che progetta applicativi informatici per le banche [&hellip;]<\/p>\n","protected":false},"author":12,"featured_media":2116,"comment_status":"closed","ping_status":"closed","sticky":false,"template":"","format":"standard","meta":{"footnotes":""},"categories":[152],"tags":[111,103,273,254],"class_list":["post-2707","post","type-post","status-publish","format-standard","has-post-thumbnail","hentry","category-aziende-e-territorio","tag-andrea-di-noia","tag-bcc","tag-cassa-centrale-banca","tag-federcasse"],"_links":{"self":[{"href":"https:\/\/www.firstcisl.it\/lombardia\/wp-json\/wp\/v2\/posts\/2707","targetHints":{"allow":["GET"]}}],"collection":[{"href":"https:\/\/www.firstcisl.it\/lombardia\/wp-json\/wp\/v2\/posts"}],"about":[{"href":"https:\/\/www.firstcisl.it\/lombardia\/wp-json\/wp\/v2\/types\/post"}],"author":[{"embeddable":true,"href":"https:\/\/www.firstcisl.it\/lombardia\/wp-json\/wp\/v2\/users\/12"}],"replies":[{"embeddable":true,"href":"https:\/\/www.firstcisl.it\/lombardia\/wp-json\/wp\/v2\/comments?post=2707"}],"version-history":[{"count":1,"href":"https:\/\/www.firstcisl.it\/lombardia\/wp-json\/wp\/v2\/posts\/2707\/revisions"}],"predecessor-version":[{"id":2708,"href":"https:\/\/www.firstcisl.it\/lombardia\/wp-json\/wp\/v2\/posts\/2707\/revisions\/2708"}],"wp:featuredmedia":[{"embeddable":true,"href":"https:\/\/www.firstcisl.it\/lombardia\/wp-json\/wp\/v2\/media\/2116"}],"wp:attachment":[{"href":"https:\/\/www.firstcisl.it\/lombardia\/wp-json\/wp\/v2\/media?parent=2707"}],"wp:term":[{"taxonomy":"category","embeddable":true,"href":"https:\/\/www.firstcisl.it\/lombardia\/wp-json\/wp\/v2\/categories?post=2707"},{"taxonomy":"post_tag","embeddable":true,"href":"https:\/\/www.firstcisl.it\/lombardia\/wp-json\/wp\/v2\/tags?post=2707"}],"curies":[{"name":"wp","href":"https:\/\/api.w.org\/{rel}","templated":true}]}}