{"id":2659,"date":"2019-09-20T12:18:34","date_gmt":"2019-09-20T10:18:34","guid":{"rendered":"https:\/\/www.firstcisl.it\/lombardia\/?p=2659"},"modified":"2019-09-20T12:20:07","modified_gmt":"2019-09-20T10:20:07","slug":"cisl-e-first-cisl-dei-laghi-educazione-finanziaria-a-scuola","status":"publish","type":"post","link":"https:\/\/www.firstcisl.it\/lombardia\/2019\/09\/20\/cisl-e-first-cisl-dei-laghi-educazione-finanziaria-a-scuola\/","title":{"rendered":"Cisl e First Cisl dei laghi, educazione finanziaria a scuola"},"content":{"rendered":"<p>Prosegue senza soluzione di continuit\u00e0 l&#8217;attivit\u00e0 di &#8220;educazione finanziaria&#8221; di First Cisl dei laghi; \u00e8 quanto riporta il sito nazionale <a href=\"https:\/\/www.firstcisl.it\/\" target=\"_blank\" rel=\"noopener noreferrer\">First Cisl<\/a>:<\/p>\n<p>&#8220;Cisl, First Cisl e l\u2019educazione finanziaria. I giornali dedicano ampio spazio all\u2019iniziativa che da tempo interessa gli istituti scolastici delle province di Como e Varese. Il Corriere di Como titola: \u201cEducazione finanziaria sui banchi di scuola con fiabe, video e giochi\u201d. Simile la titolazione de La Provincia: \u201cEducazione finanziaria. Corso della Cisl nelle scuole\u201d. Il Giorno mette invece in evidenza come la libera iniziativa di Cisl e First Cisl colmi una lacuna didattica: \u201cNon si insegna la finanza? Ci pensano i volontari della Cisl\u201d.<\/p>\n<p>\u201cFornire alle giovani generazioni le competenze per assumere in futuro scelte consapevoli, sia come cittadini sia come utenti dei servizi finanziari. Continua anche quest\u2019anno \u2013 si legge su La Provincia \u2013 il progetto di educazione finanziaria rivolto alle scuole e organizzato dalla First Cisl e dalla Cisl Scuola dei laghi\u201d.<\/p>\n<p>L\u2019interesse \u00abSta crescendo di anno in anno \u2013 spiega, sempre su La Provincia, il responsabile della comunicazione di First Cisl dei Laghi, Gianni Vernocchi \u2013 e aumenta la richiesta da parte delle scuole\u00bb. Il segretario generale di Cisl scuola dei Laghi, Albino Gentile motiva cos\u00ec l\u2019iniziativa \u00abPeccato \u2013 si legge sull\u2019edizione di Lecco e Como de Il Giorno \u2013 che a scuola questa materia non sia contemplata nell\u2019educazione primaria e neanche in quella secondaria, se si escludono gli indirizzi di studio specifici dove si insegnano il diritto e l\u2019economia. Per questo abbiamo deciso di dare il nostro contributo attraverso l\u2019aiuto dei nostri colleghi della Federazione italiana reti dei servizi del terziario, che si occupa dei lavoratori delle banche e della finanza\u00bb.<\/p>\n<p>Sul Corriere di Como il responsabile del progetto \u201cEducazione finanziaria First Cisl dei Laghi\u201d evidenzia il ritorno positivo dell\u2019azione didattica: \u00abI ragazzi devo dire che si sono sempre dimostrati molto interessati. Noi cerchiamo di alleggerire le lezioni frontali utilizzando, in particolare con i pi\u00f9 piccoli, attivit\u00e0 ludica, fiabe e video. Man mano che si ha a che fare con ragazzi pi\u00f9 grandi, naturalmente si cambia il metodo di insegnamento\u00bb.<\/p>\n<p>Il progetto, nato nel 2017, coinvolge oggi 13 scuole. Tra istruzione primaria e secondaria di primo e secondo grado, l\u2019educazione finanziaria viene insegnata in 44 classi a oltre 900 studenti del territorio. La docenza viene affidata a esperti del mercato finanziario e per l\u2019anno scolastico appena iniziato ci sono gi\u00e0 30 classi prenotate che hanno aderito all\u2019iniziativa&#8221;.<\/p>\n<p>Comunicazione First Cisl Lombardia<\/p>\n<div class=\"gsp_post_data\" \r\n\t            data-post_type=\"post\" \r\n\t            data-cat=\"il-valore-delle-idee\" \r\n\t            data-modified=\"120\"\r\n\t            data-created=\"1568981914\"\r\n\t            data-title=\"Cisl e First Cisl dei laghi, educazione finanziaria a scuola\" \r\n\t            data-home=\"https:\/\/www.firstcisl.it\/lombardia\"><\/div>","protected":false},"excerpt":{"rendered":"<p>Prosegue senza soluzione di continuit\u00e0 l&#8217;attivit\u00e0 di &#8220;educazione finanziaria&#8221; di First Cisl dei laghi; \u00e8 quanto riporta il sito nazionale First Cisl: &#8220;Cisl, First Cisl e l\u2019educazione finanziaria. I giornali dedicano ampio spazio all\u2019iniziativa che da tempo interessa gli istituti scolastici delle province di Como e Varese. Il Corriere di Como titola: \u201cEducazione finanziaria sui [&hellip;]<\/p>\n","protected":false},"author":12,"featured_media":2661,"comment_status":"closed","ping_status":"closed","sticky":false,"template":"","format":"standard","meta":{"footnotes":""},"categories":[83],"tags":[146,265,267,93,266],"class_list":["post-2659","post","type-post","status-publish","format-standard","has-post-thumbnail","hentry","category-il-valore-delle-idee","tag-cisl","tag-corriere-di-como","tag-il-giorno","tag-rassegna-stampa","tag-scuola"],"_links":{"self":[{"href":"https:\/\/www.firstcisl.it\/lombardia\/wp-json\/wp\/v2\/posts\/2659","targetHints":{"allow":["GET"]}}],"collection":[{"href":"https:\/\/www.firstcisl.it\/lombardia\/wp-json\/wp\/v2\/posts"}],"about":[{"href":"https:\/\/www.firstcisl.it\/lombardia\/wp-json\/wp\/v2\/types\/post"}],"author":[{"embeddable":true,"href":"https:\/\/www.firstcisl.it\/lombardia\/wp-json\/wp\/v2\/users\/12"}],"replies":[{"embeddable":true,"href":"https:\/\/www.firstcisl.it\/lombardia\/wp-json\/wp\/v2\/comments?post=2659"}],"version-history":[{"count":4,"href":"https:\/\/www.firstcisl.it\/lombardia\/wp-json\/wp\/v2\/posts\/2659\/revisions"}],"predecessor-version":[{"id":2664,"href":"https:\/\/www.firstcisl.it\/lombardia\/wp-json\/wp\/v2\/posts\/2659\/revisions\/2664"}],"wp:featuredmedia":[{"embeddable":true,"href":"https:\/\/www.firstcisl.it\/lombardia\/wp-json\/wp\/v2\/media\/2661"}],"wp:attachment":[{"href":"https:\/\/www.firstcisl.it\/lombardia\/wp-json\/wp\/v2\/media?parent=2659"}],"wp:term":[{"taxonomy":"category","embeddable":true,"href":"https:\/\/www.firstcisl.it\/lombardia\/wp-json\/wp\/v2\/categories?post=2659"},{"taxonomy":"post_tag","embeddable":true,"href":"https:\/\/www.firstcisl.it\/lombardia\/wp-json\/wp\/v2\/tags?post=2659"}],"curies":[{"name":"wp","href":"https:\/\/api.w.org\/{rel}","templated":true}]}}