{"id":2643,"date":"2019-09-19T16:06:26","date_gmt":"2019-09-19T14:06:26","guid":{"rendered":"https:\/\/www.firstcisl.it\/lombardia\/?p=2643"},"modified":"2019-09-19T16:06:26","modified_gmt":"2019-09-19T14:06:26","slug":"ubi-banca-i-sindacati-incontrano-i-vertici-del-gruppo-mantenere-alta-la-guardia","status":"publish","type":"post","link":"https:\/\/www.firstcisl.it\/lombardia\/2019\/09\/19\/ubi-banca-i-sindacati-incontrano-i-vertici-del-gruppo-mantenere-alta-la-guardia\/","title":{"rendered":"UBI Banca, i sindacati incontrano i vertici del Gruppo, mantenere alta la guardia"},"content":{"rendered":"<hr \/>\n<p>&#8220;Si \u00e8 tenuto nel pomeriggio di marted\u00ec a Bergamo l\u2019incontro con i vertici di UBI alla presenza del Responsabile delle Risorse Umane del Gruppo Mario Napoli e del Responsabile delle relazioni sindacali Andrea Merenda, guidati dal Vice Direttore Generale di UBI Elvio Sonnino che, in apertura, ha dovuto riconoscere la grande partecipazione dei lavoratori alle manifestazioni del 13 settembre.&#8221;; \u00e8 quanto si legge in un comunicato delle Rappresentanze sindacali del Gruppo Ubi pubblicato sul <a href=\"https:\/\/www.firstcisl.it\/\" target=\"_blank\" rel=\"noopener noreferrer\">sito nazionale First Cisl<\/a>.<\/p>\n<p>&#8220;L\u2019incontro \u00e8 stato richiesto dalle OO.SS. a seguito della delibera di esternalizzazione di alcune attivit\u00e0 di UBISS alle societ\u00e0 Accenture e BCube.<\/p>\n<p>Le OO.SS. dopo aver ribadito ai vertici aziendali tutta la loro contrariet\u00e0 ai processi di esternalizzazione hanno chiesto di rendere note le ragioni sottostanti che hanno portato UBI a questa delibera.<br \/>\nLa Banca ha evidenziato come il Piano Industriale del 2017 di acquisizione delle tre Bridge Banks, trimestralmente monitorato dalle istituzioni europee preposte, che l\u2019hanno approvato a suo tempo insieme al Governo, fissa un numero massimo di Filiali e di Dipendenti del Gruppo a fine 2020.<br \/>\nQuesto scenario ha portato UBI, dopo aver pre-pensionato circa 2.400 colleghi, a decidere di attivare ora questa infausta leva.<\/p>\n<p>A precisa domanda delle OO.SS.\u00a0<strong>\u201cpossiamo escludere altre operazioni di esternalizzazione nell\u2019annunciato aggiornamento del Piano Industriale?\u201d<\/strong>\u00a0la Banca ha risposto in modo chiaro che\u00a0<strong>\u201cin questo momento non si pu\u00f2 escludere nulla\u201d<\/strong>.<\/p>\n<p><strong>INVITIAMO PERTANTO TUTTI I COLLEGHI A MANTENERE \u201cALTA LA GUARDIA\u201d SEGUENDO PASSO PASSO L\u2019EVOLVERSI DELLA SITUAZIONE E I COMUNICATI DELLE OO.SS.<\/strong><\/p>\n<p>Per quanto riguarda i rischi di future esternalizzazioni le relazioni fra Banca e OO.SS. dovranno cambiare.<br \/>\nPer evitare che l\u2019azienda\u00a0<strong>eluda l\u2019impegno<\/strong>\u00a0assunto di \u201cgestire i processi di riduzione d\u2019organico mediante soluzioni interne al Gruppo\u201d, il percorso di realizzazione del Piano Industriale (ovviamente per ci\u00f2 che riguarda il numero dei dipendenti sino al 31 dicembre 2020) dovr\u00e0 sottostare al vaglio anche delle OO.SS., oltre che delle istituzioni europee preposte.<br \/>\nLa disponibilit\u00e0 dei massimi vertici aziendali a mantenere le tradizionali buone relazioni con i Rappresentanti delle Lavoratrici e dei Lavoratori, non potr\u00e0 che tradursi in immediati fatti concreti.<\/p>\n<p>Con riferimento alla trattativa, che entrer\u00e0 nel vivo da oggi, le OO.SS. hanno dichiarato con fermezza che ogni soluzione dovr\u00e0 attuarsi nel solco del CCNL oltre che dare le massime tutele economiche, normative e occupazionali&#8221;.<\/p>\n<p>Comunicazione First Cisl Lombardia<\/p>\n<p>Il\u00a0<a href=\"https:\/\/www.firstcisl.it\/wp-content\/uploads\/2019\/09\/20190919_Comunicato-incontro-vertici-UBI-esternalizzaioni-del-17_9_2019.pdf\" target=\"_blank\" rel=\"noopener noreferrer\">comunicato<\/a><\/p>\n<div class=\"gsp_post_data\" \r\n\t            data-post_type=\"post\" \r\n\t            data-cat=\"aziende-e-territorio\" \r\n\t            data-modified=\"120\"\r\n\t            data-created=\"1568909186\"\r\n\t            data-title=\"UBI Banca, i sindacati incontrano i vertici del Gruppo, mantenere alta la guardia\" \r\n\t            data-home=\"https:\/\/www.firstcisl.it\/lombardia\"><\/div>","protected":false},"excerpt":{"rendered":"<p>&#8220;Si \u00e8 tenuto nel pomeriggio di marted\u00ec a Bergamo l\u2019incontro con i vertici di UBI alla presenza del Responsabile delle Risorse Umane del Gruppo Mario Napoli e del Responsabile delle relazioni sindacali Andrea Merenda, guidati dal Vice Direttore Generale di UBI Elvio Sonnino che, in apertura, ha dovuto riconoscere la grande partecipazione dei lavoratori alle [&hellip;]<\/p>\n","protected":false},"author":12,"featured_media":2268,"comment_status":"closed","ping_status":"closed","sticky":false,"template":"","format":"standard","meta":{"footnotes":""},"categories":[152],"tags":[264,193],"class_list":["post-2643","post","type-post","status-publish","format-standard","has-post-thumbnail","hentry","category-aziende-e-territorio","tag-esternalizzazioni","tag-gruppo-ubi-banca"],"_links":{"self":[{"href":"https:\/\/www.firstcisl.it\/lombardia\/wp-json\/wp\/v2\/posts\/2643","targetHints":{"allow":["GET"]}}],"collection":[{"href":"https:\/\/www.firstcisl.it\/lombardia\/wp-json\/wp\/v2\/posts"}],"about":[{"href":"https:\/\/www.firstcisl.it\/lombardia\/wp-json\/wp\/v2\/types\/post"}],"author":[{"embeddable":true,"href":"https:\/\/www.firstcisl.it\/lombardia\/wp-json\/wp\/v2\/users\/12"}],"replies":[{"embeddable":true,"href":"https:\/\/www.firstcisl.it\/lombardia\/wp-json\/wp\/v2\/comments?post=2643"}],"version-history":[{"count":2,"href":"https:\/\/www.firstcisl.it\/lombardia\/wp-json\/wp\/v2\/posts\/2643\/revisions"}],"predecessor-version":[{"id":2645,"href":"https:\/\/www.firstcisl.it\/lombardia\/wp-json\/wp\/v2\/posts\/2643\/revisions\/2645"}],"wp:featuredmedia":[{"embeddable":true,"href":"https:\/\/www.firstcisl.it\/lombardia\/wp-json\/wp\/v2\/media\/2268"}],"wp:attachment":[{"href":"https:\/\/www.firstcisl.it\/lombardia\/wp-json\/wp\/v2\/media?parent=2643"}],"wp:term":[{"taxonomy":"category","embeddable":true,"href":"https:\/\/www.firstcisl.it\/lombardia\/wp-json\/wp\/v2\/categories?post=2643"},{"taxonomy":"post_tag","embeddable":true,"href":"https:\/\/www.firstcisl.it\/lombardia\/wp-json\/wp\/v2\/tags?post=2643"}],"curies":[{"name":"wp","href":"https:\/\/api.w.org\/{rel}","templated":true}]}}