{"id":2177,"date":"2018-12-10T15:33:04","date_gmt":"2018-12-10T14:33:04","guid":{"rendered":"https:\/\/www.firstcisl.it\/lombardia\/?p=2177"},"modified":"2018-12-10T15:33:04","modified_gmt":"2018-12-10T14:33:04","slug":"gruppo-ubi-accordo-su-politiche-commerciali-e-organizzazione-del-lavoro","status":"publish","type":"post","link":"https:\/\/www.firstcisl.it\/lombardia\/2018\/12\/10\/gruppo-ubi-accordo-su-politiche-commerciali-e-organizzazione-del-lavoro\/","title":{"rendered":"Gruppo Ubi, accordo su politiche commerciali e organizzazione del lavoro"},"content":{"rendered":"<p><u>Firmato l\u2019accordo sulle politiche commerciali e organizzazione del lavoro, nel Gruppo Ubi Banca.<\/u><\/p>\n<p>Dopo la Costituzione della Commissione Politiche Commerciali e organizzazione del lavoro che risale al 3 maggio scorso &#8211; si legge sul <a href=\"https:\/\/www.firstcisl.it\/gruppoubi\/\" target=\"_blank\" rel=\"noopener\">sito First Cisl del Gruppo Ubi<\/a> &#8211;\u00a0 la sera del 7 dicembre \u00e8 stato firmato nel Gruppo Ubi un importante accordo con il quale si intende dare attuazione a quanto gi\u00e0 concordato tra OO.SS. e ABI a livello nazionale con l&#8217;accordo dell&#8217;8\/2\/17.<\/p>\n<p>\u201cNel Gruppo Ubi gi\u00e0 nel 2010 avevamo negoziato un accordo in cui veniva \u00a0disciplinata la materia delle politiche commerciali, sancendo alcuni primi importanti principi di contrasto alle pressioni commerciali.<\/p>\n<p>Con\u00a0 l\u2019intesa siglata oggi \u2013 dichiara la coordinatrice di Gruppo Eliana Rocco\u00a0\u2013\u00a0 viene data attuazione ai principi fondamentali contenuti nell\u2019accordo nazionale dell\u20198\/2\/17. L\u2019accordo prevede una serie di buone pratiche che l\u2019azienda si impegna a rispettare , stabilendo comportamenti commerciali corretti e compatibili\u00a0 a favore dei lavoratori e nell\u2019interesse della clientela.\u201d<\/p>\n<p>\u201cNon solo quindi un accordo di contrasto alle odiose ed inaccettabili pratiche di pressioni commerciali, in qualunque forma esercitate, ma\u00a0 un\u2019intesa innovativa che, \u00a0in coerenza con l\u2019accordo Nazionale del 8\/2\/2017, parte dalla conferma della\u00a0 centralit\u00e0 del settore bancario e dalla necessit\u00e0 che il suo sviluppo sia sostenibile affinch\u00e9 svolga il suo\u00a0 fondamentale ruolo di sostegno dell\u2019\u2019economia del Paese e di tutela del Risparmio come sancito anche nella Costituzione e come richiamato dal nostro manifesto \u201cAdesso Banca\u201d \u00a0\u2013 aggiunge Sabrina Brezzo, segretaria nazionale First Cisl con delega sul Gruppo Ubi.<\/p>\n<p>Comunicazione First Cisl Lombardia<\/p>\n<p><a href=\"https:\/\/www.firstcisl.it\/lombardia\/wp-content\/uploads\/sites\/6\/2018\/12\/2018_12_07-Gruppo-accordo-politiche-commerciali.pdf\" target=\"_blank\" rel=\"noopener\">Leggi l&#8217;accordo<\/a><\/p>\n<div class=\"gsp_post_data\" \r\n\t            data-post_type=\"post\" \r\n\t            data-cat=\"contrattazione\" \r\n\t            data-modified=\"120\"\r\n\t            data-created=\"1544455984\"\r\n\t            data-title=\"Gruppo Ubi, accordo su politiche commerciali e organizzazione del lavoro\" \r\n\t            data-home=\"https:\/\/www.firstcisl.it\/lombardia\"><\/div>","protected":false},"excerpt":{"rendered":"<p>Firmato l\u2019accordo sulle politiche commerciali e organizzazione del lavoro, nel Gruppo Ubi Banca. Dopo la Costituzione della Commissione Politiche Commerciali e organizzazione del lavoro che risale al 3 maggio scorso &#8211; si legge sul sito First Cisl del Gruppo Ubi &#8211;\u00a0 la sera del 7 dicembre \u00e8 stato firmato nel Gruppo Ubi un importante accordo [&hellip;]<\/p>\n","protected":false},"author":12,"featured_media":593,"comment_status":"closed","ping_status":"closed","sticky":false,"template":"","format":"standard","meta":{"footnotes":""},"categories":[6],"tags":[164,193,96],"class_list":["post-2177","post","type-post","status-publish","format-standard","has-post-thumbnail","hentry","category-contrattazione","tag-eliana-rocco","tag-gruppo-ubi-banca","tag-sabrina-brezzo"],"_links":{"self":[{"href":"https:\/\/www.firstcisl.it\/lombardia\/wp-json\/wp\/v2\/posts\/2177","targetHints":{"allow":["GET"]}}],"collection":[{"href":"https:\/\/www.firstcisl.it\/lombardia\/wp-json\/wp\/v2\/posts"}],"about":[{"href":"https:\/\/www.firstcisl.it\/lombardia\/wp-json\/wp\/v2\/types\/post"}],"author":[{"embeddable":true,"href":"https:\/\/www.firstcisl.it\/lombardia\/wp-json\/wp\/v2\/users\/12"}],"replies":[{"embeddable":true,"href":"https:\/\/www.firstcisl.it\/lombardia\/wp-json\/wp\/v2\/comments?post=2177"}],"version-history":[{"count":2,"href":"https:\/\/www.firstcisl.it\/lombardia\/wp-json\/wp\/v2\/posts\/2177\/revisions"}],"predecessor-version":[{"id":2180,"href":"https:\/\/www.firstcisl.it\/lombardia\/wp-json\/wp\/v2\/posts\/2177\/revisions\/2180"}],"wp:featuredmedia":[{"embeddable":true,"href":"https:\/\/www.firstcisl.it\/lombardia\/wp-json\/wp\/v2\/media\/593"}],"wp:attachment":[{"href":"https:\/\/www.firstcisl.it\/lombardia\/wp-json\/wp\/v2\/media?parent=2177"}],"wp:term":[{"taxonomy":"category","embeddable":true,"href":"https:\/\/www.firstcisl.it\/lombardia\/wp-json\/wp\/v2\/categories?post=2177"},{"taxonomy":"post_tag","embeddable":true,"href":"https:\/\/www.firstcisl.it\/lombardia\/wp-json\/wp\/v2\/tags?post=2177"}],"curies":[{"name":"wp","href":"https:\/\/api.w.org\/{rel}","templated":true}]}}