{"id":2035,"date":"2018-10-05T11:08:18","date_gmt":"2018-10-05T09:08:18","guid":{"rendered":"https:\/\/www.firstcisl.it\/lombardia\/?p=2035"},"modified":"2018-10-05T11:10:55","modified_gmt":"2018-10-05T09:10:55","slug":"bcc-seconda-assemblea-dei-rappresentanti-dei-delgati-di-cassa-mutuo-nazionale","status":"publish","type":"post","link":"https:\/\/www.firstcisl.it\/lombardia\/2018\/10\/05\/bcc-seconda-assemblea-dei-rappresentanti-dei-delgati-di-cassa-mutuo-nazionale\/","title":{"rendered":"Bcc, seconda Assemblea dei Rappresentanti dei Delegati di Cassa Mutua Nazionale"},"content":{"rendered":"<p>La seconda \u201cAssemblea dei Rappresentanti dei Delegati di Cassa Mutua Nazionale\u201d dello scorso 21 settembre non \u00e8 stata una semplice formalit\u00e0 o l&#8217;assolvimento di un obbligo statutario, ma una importante occasione d&#8217;incontro.<\/p>\n<p>Nei loro interventi, i Delegati First Cisl hanno rimarcato come, in questa fase di avvio della Riforma, sia indispensabile per i lavoratori delle Bcc mantenere, consolidare e rafforzare i propri strumenti di welfare aziendale costruiti nel tempo con il sacrificio di tutti.<\/p>\n<p>\u201cIl mondo del credito cooperativo sta vivendo un momento di profonda trasformazione. Anche se la Riforma, a questo punto non pi\u00f9 procrastinabile \u2013 dichiara Andrea Di Noia, membro del \u201cComitato Amministratore\u201d di CMN &#8211; disegna un nuovo modello di aggregazione basato su due Capogruppo a livello nazionale, la tipicit\u00e0 dell\u2019esperienza delle Bcc non pu\u00f2 e non deve essere assorbita da un elementare processo di omologazione. Specificit\u00e0 quali l\u2019autonomia e la territorialit\u00e0, cos\u00ec come la mutualit\u00e0, sono un patrimonio da non disperdere. Anzi, devono rappresentare un\u2019eredit\u00e0 da valorizzare per continuare a far crescere un sistema in grado di supportare le esigenze di imprese, artigiani, commercianti e famiglie in un periodico storico particolarmente difficile. Un patrimonio che travalica il significato economico \u2013 conclude Di Noia \u2013 coniugando mutualit\u00e0, universalit\u00e0 e solidariet\u00e0 generazionale\u201d.<\/p>\n<p>Sul fronte dei risultati del Bilancio 2017, la Direzione di CMN ha illustrato le principali caratteristiche da cui emerge un quadro di sostanziale stabilit\u00e0 e solidit\u00e0 economica e patrimoniale.<\/p>\n<p>L\u2019andamento anagrafico del 2017 riflette quanto avvenuto nelle Bcc nel corso degli ultimi tre anni: una serie di crisi aziendali, risolte dal Sindacato con la contrattazione, anche con l\u2019utilizzo del Fondo Esuberi.<\/p>\n<p>Nel corso del 2017 i lavoratori attivi sono diminuiti di 565 unit\u00e0 (passando da 28.104 a 27.539), mentre i Pensionati sono cresciuti di 359 unit\u00e0 (da 2.413 a 2.772).<\/p>\n<p>Nei prossimi mesi, il Comitato Amministratore sar\u00e0 impegnato ad aumentare e ottimizzare le coperture ad oggi offerte da CMN, analizzando le proposte di modifica al Nomenclatore delle Prestazioni avanzate unanimemente dall\u2019Assemblea dei Delegati.<\/p>\n<p>Comunicazione First Cisl Lombardia<\/p>\n<div class=\"gsp_post_data\" \r\n\t            data-post_type=\"post\" \r\n\t            data-cat=\"bcc\" \r\n\t            data-modified=\"120\"\r\n\t            data-created=\"1538737698\"\r\n\t            data-title=\"Bcc, seconda Assemblea dei Rappresentanti dei Delegati di Cassa Mutua Nazionale\" \r\n\t            data-home=\"https:\/\/www.firstcisl.it\/lombardia\"><\/div>","protected":false},"excerpt":{"rendered":"<p>La seconda \u201cAssemblea dei Rappresentanti dei Delegati di Cassa Mutua Nazionale\u201d dello scorso 21 settembre non \u00e8 stata una semplice formalit\u00e0 o l&#8217;assolvimento di un obbligo statutario, ma una importante occasione d&#8217;incontro. Nei loro interventi, i Delegati First Cisl hanno rimarcato come, in questa fase di avvio della Riforma, sia indispensabile per i lavoratori delle [&hellip;]<\/p>\n","protected":false},"author":12,"featured_media":2038,"comment_status":"closed","ping_status":"closed","sticky":false,"template":"","format":"standard","meta":{"footnotes":""},"categories":[204],"tags":[111,103,205],"class_list":["post-2035","post","type-post","status-publish","format-standard","has-post-thumbnail","hentry","category-bcc","tag-andrea-di-noia","tag-bcc","tag-cassa-mutua-nazionale"],"_links":{"self":[{"href":"https:\/\/www.firstcisl.it\/lombardia\/wp-json\/wp\/v2\/posts\/2035","targetHints":{"allow":["GET"]}}],"collection":[{"href":"https:\/\/www.firstcisl.it\/lombardia\/wp-json\/wp\/v2\/posts"}],"about":[{"href":"https:\/\/www.firstcisl.it\/lombardia\/wp-json\/wp\/v2\/types\/post"}],"author":[{"embeddable":true,"href":"https:\/\/www.firstcisl.it\/lombardia\/wp-json\/wp\/v2\/users\/12"}],"replies":[{"embeddable":true,"href":"https:\/\/www.firstcisl.it\/lombardia\/wp-json\/wp\/v2\/comments?post=2035"}],"version-history":[{"count":4,"href":"https:\/\/www.firstcisl.it\/lombardia\/wp-json\/wp\/v2\/posts\/2035\/revisions"}],"predecessor-version":[{"id":2040,"href":"https:\/\/www.firstcisl.it\/lombardia\/wp-json\/wp\/v2\/posts\/2035\/revisions\/2040"}],"wp:featuredmedia":[{"embeddable":true,"href":"https:\/\/www.firstcisl.it\/lombardia\/wp-json\/wp\/v2\/media\/2038"}],"wp:attachment":[{"href":"https:\/\/www.firstcisl.it\/lombardia\/wp-json\/wp\/v2\/media?parent=2035"}],"wp:term":[{"taxonomy":"category","embeddable":true,"href":"https:\/\/www.firstcisl.it\/lombardia\/wp-json\/wp\/v2\/categories?post=2035"},{"taxonomy":"post_tag","embeddable":true,"href":"https:\/\/www.firstcisl.it\/lombardia\/wp-json\/wp\/v2\/tags?post=2035"}],"curies":[{"name":"wp","href":"https:\/\/api.w.org\/{rel}","templated":true}]}}