{"id":1046,"date":"2017-12-22T21:32:15","date_gmt":"2017-12-22T20:32:15","guid":{"rendered":"http:\/\/www.firstcisl.it\/lombardia\/?p=1046"},"modified":"2017-12-22T21:32:15","modified_gmt":"2017-12-22T20:32:15","slug":"fiditalia-i-lavoratori-approvano-lintesa-sul-rinnovo-del-contratto-integrativo","status":"publish","type":"post","link":"https:\/\/www.firstcisl.it\/lombardia\/2017\/12\/22\/fiditalia-i-lavoratori-approvano-lintesa-sul-rinnovo-del-contratto-integrativo\/","title":{"rendered":"Fiditalia, i lavoratori approvano l&#8217;intesa sul rinnovo del Contratto integrativo"},"content":{"rendered":"<p>Le Assemblee dei lavoratori di Fiditalia \u2013 societ\u00e0 di credito al consumo del Gruppo Soci\u00e9t\u00e9 G\u00e9neral\u00e9 &#8211; indette per la presentazione dell\u2019intesa raggiunta in merito al rinnovo del Contratto integrativo aziendale, hanno approvato con il voto favorevole della stragrande maggioranza dei partecipanti il protocollo siglato dalle Organizzazioni sindacali. Una risposta pressoch\u00e9 unanime, a suggello di un consenso che ha accompagnato l\u2019operato sindacale in tutte le fasi della vertenza, che ha consentito di rinnovare, dopo anni, il complesso normativo e salariale di Fiditalia.<\/p>\n<p>\u201cTra i contenuti da evidenziare &#8211; sottolinea Maurizio Gemelli, segretario territoriale First Cisl Milano Metropoli &#8211; ci sono l\u2019innalzamento dell\u2019importo dei ticket pasto (esteso alla categoria dei part-time), l\u2019aumento dei contributi per la frequenza agli asili nido, per le borse di studio e per la polizza sanitaria e la concessione di pi\u00f9 tempo, sia per la famiglia (a fronte di particolari difficolt\u00e0 o di eventi specifici) che per le visite mediche\u201d.<\/p>\n<p>Per quanto riguarda il premio aziendale, nelle assemblee \u00e8 stato sottolineato come il modello di riferimento sia stato sottratto a logiche discrezionali e sia rientrato in un quadro di valutazione oggettivo.<\/p>\n<p>\u201cCome First Cisl Lombardia \u2013 commenta il segretario generale lombardo Pier Paolo Merlini \u2013 ritengo il risultato assembleare un riconoscimento per il lavoro e l\u2019impegno che le Organizzazioni sindacali hanno saputo mettere in campo anche in un momento complicato come quello attuale. Oggi, essere in grado di rinnovare un integrativo \u2018ad meliora\u2019, \u00e8 sinonimo di competenza e capacit\u00e0\u201d.<\/p>\n<p>Comunicazione First Cisl Lombardia<\/p>\n<p>&nbsp;<\/p>\n<div class=\"gsp_post_data\" \r\n\t            data-post_type=\"post\" \r\n\t            data-cat=\"contrattazione\" \r\n\t            data-modified=\"120\"\r\n\t            data-created=\"1513978335\"\r\n\t            data-title=\"Fiditalia, i lavoratori approvano l&#8217;intesa sul rinnovo del Contratto integrativo\" \r\n\t            data-home=\"https:\/\/www.firstcisl.it\/lombardia\"><\/div>","protected":false},"excerpt":{"rendered":"<p>Le Assemblee dei lavoratori di Fiditalia \u2013 societ\u00e0 di credito al consumo del Gruppo Soci\u00e9t\u00e9 G\u00e9neral\u00e9 &#8211; indette per la presentazione dell\u2019intesa raggiunta in merito al rinnovo del Contratto integrativo aziendale, hanno approvato con il voto favorevole della stragrande maggioranza dei partecipanti il protocollo siglato dalle Organizzazioni sindacali. Una risposta pressoch\u00e9 unanime, a suggello di [&hellip;]<\/p>\n","protected":false},"author":12,"featured_media":1045,"comment_status":"closed","ping_status":"closed","sticky":false,"template":"","format":"standard","meta":{"footnotes":""},"categories":[6],"tags":[91,92,50],"class_list":["post-1046","post","type-post","status-publish","format-standard","has-post-thumbnail","hentry","category-contrattazione","tag-fiditalia","tag-maurizio-gemelli","tag-pier-paolo-merlini"],"_links":{"self":[{"href":"https:\/\/www.firstcisl.it\/lombardia\/wp-json\/wp\/v2\/posts\/1046","targetHints":{"allow":["GET"]}}],"collection":[{"href":"https:\/\/www.firstcisl.it\/lombardia\/wp-json\/wp\/v2\/posts"}],"about":[{"href":"https:\/\/www.firstcisl.it\/lombardia\/wp-json\/wp\/v2\/types\/post"}],"author":[{"embeddable":true,"href":"https:\/\/www.firstcisl.it\/lombardia\/wp-json\/wp\/v2\/users\/12"}],"replies":[{"embeddable":true,"href":"https:\/\/www.firstcisl.it\/lombardia\/wp-json\/wp\/v2\/comments?post=1046"}],"version-history":[{"count":1,"href":"https:\/\/www.firstcisl.it\/lombardia\/wp-json\/wp\/v2\/posts\/1046\/revisions"}],"predecessor-version":[{"id":1047,"href":"https:\/\/www.firstcisl.it\/lombardia\/wp-json\/wp\/v2\/posts\/1046\/revisions\/1047"}],"wp:featuredmedia":[{"embeddable":true,"href":"https:\/\/www.firstcisl.it\/lombardia\/wp-json\/wp\/v2\/media\/1045"}],"wp:attachment":[{"href":"https:\/\/www.firstcisl.it\/lombardia\/wp-json\/wp\/v2\/media?parent=1046"}],"wp:term":[{"taxonomy":"category","embeddable":true,"href":"https:\/\/www.firstcisl.it\/lombardia\/wp-json\/wp\/v2\/categories?post=1046"},{"taxonomy":"post_tag","embeddable":true,"href":"https:\/\/www.firstcisl.it\/lombardia\/wp-json\/wp\/v2\/tags?post=1046"}],"curies":[{"name":"wp","href":"https:\/\/api.w.org\/{rel}","templated":true}]}}