{"id":1409,"date":"2023-03-08T06:00:41","date_gmt":"2023-03-08T05:00:41","guid":{"rendered":"https:\/\/www.firstcisl.it\/liguria\/?p=1409"},"modified":"2023-03-08T07:12:21","modified_gmt":"2023-03-08T06:12:21","slug":"8-marzo-2023-festa-della-donna","status":"publish","type":"post","link":"https:\/\/www.firstcisl.it\/liguria\/2023\/03\/08\/8-marzo-2023-festa-della-donna\/","title":{"rendered":"8 marzo 2023, Festa della Donna"},"content":{"rendered":"<p>Oggi, in occasione della festa della donna, abbiamo deciso di fare un gesto importante per supportare le popolazioni della Siria e della Turchia colpite dal recente terremoto. Con questa donazione vogliamo esprimere la nostra solidariet\u00e0 e vicinanza a coloro che stanno vivendo momenti di grande difficolt\u00e0.<\/p>\n<p>Il terremoto che ha colpito la regione ha causato danni ingenti e numerosi sfollati. La situazione \u00e8 particolarmente difficile per le donne e i bambini, che si trovano spesso in condizioni di vulnerabilit\u00e0. La nostra donazione vuole contribuire a garantire loro l&#8217;accesso a beni di prima necessit\u00e0, come cibo, acqua potabile e materiali per riparare le case danneggiate.<\/p>\n<p>First Cisl Liguria crede che la solidariet\u00e0 sia un valore fondamentale che deve guidare le nostre azioni in ogni momento della vita. In particolare, in un giorno cos\u00ec importante come la festa della donna, vogliamo ricordare l&#8217;importanza di lottare per i diritti di tutte le donne, ovunque esse si trovino.<\/p>\n<p>Grazie a tutti coloro che hanno partecipato a questa iniziativa e che hanno dimostrato il loro impegno per la solidariet\u00e0 e l&#8217;uguaglianza.<\/p>\n<p>Insieme possiamo fare la differenza.<\/p>\n<p><b>Per chi desiderasse contribuire: Iban IT38I0103003201000006700060 intestato a CGIL CISL E UIL SOLIDARIET\u00c0 POPOLAZIONI TERREMOTATE SIRIA E TURCHIA<\/b><\/p>\n<div class=\"gsp_post_data\" \r\n\t            data-post_type=\"post\" \r\n\t            data-cat=\"in-primo-piano\" \r\n\t            data-modified=\"120\"\r\n\t            data-created=\"1678255241\"\r\n\t            data-title=\"8 marzo 2023, Festa della Donna\" \r\n\t            data-home=\"https:\/\/www.firstcisl.it\/liguria\"><\/div>","protected":false},"excerpt":{"rendered":"<p>Oggi, in occasione della festa della donna, abbiamo deciso di fare un gesto importante per supportare le popolazioni della Siria e della Turchia colpite dal recente terremoto. Con questa donazione vogliamo esprimere la nostra solidariet\u00e0 e vicinanza a coloro che stanno vivendo momenti di grande difficolt\u00e0. Il terremoto che ha colpito la regione ha causato [&hellip;]<\/p>\n","protected":false},"author":113,"featured_media":1414,"comment_status":"closed","ping_status":"closed","sticky":false,"template":"","format":"standard","meta":{"footnotes":""},"categories":[4],"tags":[65,64,14,46,39,67,69,66,68],"class_list":["post-1409","post","type-post","status-publish","format-standard","has-post-thumbnail","hentry","category-in-primo-piano","tag-8-marzo","tag-donazione","tag-fabrizio-mattioli","tag-festadelladonna","tag-first-cisl-liguria","tag-siria","tag-solidarieta","tag-terremoto","tag-turchia"],"_links":{"self":[{"href":"https:\/\/www.firstcisl.it\/liguria\/wp-json\/wp\/v2\/posts\/1409","targetHints":{"allow":["GET"]}}],"collection":[{"href":"https:\/\/www.firstcisl.it\/liguria\/wp-json\/wp\/v2\/posts"}],"about":[{"href":"https:\/\/www.firstcisl.it\/liguria\/wp-json\/wp\/v2\/types\/post"}],"author":[{"embeddable":true,"href":"https:\/\/www.firstcisl.it\/liguria\/wp-json\/wp\/v2\/users\/113"}],"replies":[{"embeddable":true,"href":"https:\/\/www.firstcisl.it\/liguria\/wp-json\/wp\/v2\/comments?post=1409"}],"version-history":[{"count":3,"href":"https:\/\/www.firstcisl.it\/liguria\/wp-json\/wp\/v2\/posts\/1409\/revisions"}],"predecessor-version":[{"id":1413,"href":"https:\/\/www.firstcisl.it\/liguria\/wp-json\/wp\/v2\/posts\/1409\/revisions\/1413"}],"wp:featuredmedia":[{"embeddable":true,"href":"https:\/\/www.firstcisl.it\/liguria\/wp-json\/wp\/v2\/media\/1414"}],"wp:attachment":[{"href":"https:\/\/www.firstcisl.it\/liguria\/wp-json\/wp\/v2\/media?parent=1409"}],"wp:term":[{"taxonomy":"category","embeddable":true,"href":"https:\/\/www.firstcisl.it\/liguria\/wp-json\/wp\/v2\/categories?post=1409"},{"taxonomy":"post_tag","embeddable":true,"href":"https:\/\/www.firstcisl.it\/liguria\/wp-json\/wp\/v2\/tags?post=1409"}],"curies":[{"name":"wp","href":"https:\/\/api.w.org\/{rel}","templated":true}]}}