{"id":1395,"date":"2023-02-04T14:53:53","date_gmt":"2023-02-04T13:53:53","guid":{"rendered":"https:\/\/www.firstcisl.it\/liguria\/?p=1395"},"modified":"2023-02-04T14:58:53","modified_gmt":"2023-02-04T13:58:53","slug":"accordo-con-bper-first-cisl-liguria-salgono-a-24-gli-sportelli-del-banco-desio-nella-nostra-regione","status":"publish","type":"post","link":"https:\/\/www.firstcisl.it\/liguria\/2023\/02\/04\/accordo-con-bper-first-cisl-liguria-salgono-a-24-gli-sportelli-del-banco-desio-nella-nostra-regione\/","title":{"rendered":"Accordo con Bper, First Cisl Liguria: \u201cSalgono a 24 gli sportelli del Banco Desio nella nostra regione\u201d"},"content":{"rendered":"<p>\u201cNonostante la delicatezza e la particolarit\u00e0 di questa trattativa di armonizzazione sulla contrattazione integrativa, conseguente all&#8217;intesa tra Bper e Banco Desio riguardante la cessione a quest&#8217;ultimo di 48 sportelli a livello nazionale (40 Bper Banca\/ex Carige e 8 Banco di Sardegna), non possiamo che esprimere soddisfazione per l&#8217;accordo raggiunto da parte di First Cisl e delle altre Organizzazioni Sindacali nella tarda serata di ieri, spiegano in una nota Fabrizio Mattioli (First Cisl, segretario responsabile Liguria) e Matteo Muzio (First Cisl, componente segreteria Gruppo Bper Banca). Salgono a 24 gli sportelli del Banco Desio in Liguria. \u00c8 stata trovata dunque una soluzione positiva per i circa 250 dipendenti coinvolti: \u201c Abbiamo ottenuto il mantenimento di diverse importanti norme e trattamenti economici\/indennit\u00e0 gi\u00e0 in vigore. L&#8217;accordo ripone poi particolare attenzione anche al tema della previdenza complementare, alla salvaguardia dei percorsi professionali gi\u00e0 previsti, alla tutela dei lavoratori da fenomeni di mobilit\u00e0 territoriale, alla copertura sanitaria nonch\u00e9 alla formazione. Riteniamo inoltre che l&#8217;accordo sindacale raggiunto possa anche costituire una potenziale base concreta per il prosieguo, al fine di agevolare, tramite prossimi confronti, un ulteriore miglioramento della contrattazione integrativa aziendale a beneficio di tutte le lavoratrici e di tutti i lavoratori di Banco Desio. In tale ottica First Cisl, anche in forza della rappresentativit\u00e0 e della rilevanza rivestita nell&#8217;ambito delle relazioni sindacali all&#8217;interno di Banco Desio, continuer\u00e0 con impegno ad occuparsi delle vicende di lavoratrici e lavoratori di questa banca\u201d, concludono Mattioli e Muzio.<\/p>\n<div class=\"gsp_post_data\" \r\n\t            data-post_type=\"post\" \r\n\t            data-cat=\"contrattazione\" \r\n\t            data-modified=\"120\"\r\n\t            data-created=\"1675522433\"\r\n\t            data-title=\"Accordo con Bper, First Cisl Liguria: \u201cSalgono a 24 gli sportelli del Banco Desio nella nostra regione\u201d\" \r\n\t            data-home=\"https:\/\/www.firstcisl.it\/liguria\"><\/div>","protected":false},"excerpt":{"rendered":"<p>\u201cNonostante la delicatezza e la particolarit\u00e0 di questa trattativa di armonizzazione sulla contrattazione integrativa, conseguente all&#8217;intesa tra Bper e Banco Desio riguardante la cessione a quest&#8217;ultimo di 48 sportelli a livello nazionale (40 Bper Banca\/ex Carige e 8 Banco di Sardegna), non possiamo che esprimere soddisfazione per l&#8217;accordo raggiunto da parte di First Cisl e [&hellip;]<\/p>\n","protected":false},"author":113,"featured_media":1400,"comment_status":"closed","ping_status":"closed","sticky":false,"template":"","format":"standard","meta":{"footnotes":""},"categories":[6],"tags":[60,10,58,59,38,14,39,57,12],"class_list":["post-1395","post","type-post","status-publish","format-standard","has-post-thumbnail","hentry","category-contrattazione","tag-accordo","tag-banca-carige","tag-banco-desio","tag-banco-di-desio-e-della-brianza","tag-bper","tag-fabrizio-mattioli","tag-first-cisl-liguria","tag-liguria","tag-matteo-muzio"],"_links":{"self":[{"href":"https:\/\/www.firstcisl.it\/liguria\/wp-json\/wp\/v2\/posts\/1395","targetHints":{"allow":["GET"]}}],"collection":[{"href":"https:\/\/www.firstcisl.it\/liguria\/wp-json\/wp\/v2\/posts"}],"about":[{"href":"https:\/\/www.firstcisl.it\/liguria\/wp-json\/wp\/v2\/types\/post"}],"author":[{"embeddable":true,"href":"https:\/\/www.firstcisl.it\/liguria\/wp-json\/wp\/v2\/users\/113"}],"replies":[{"embeddable":true,"href":"https:\/\/www.firstcisl.it\/liguria\/wp-json\/wp\/v2\/comments?post=1395"}],"version-history":[{"count":1,"href":"https:\/\/www.firstcisl.it\/liguria\/wp-json\/wp\/v2\/posts\/1395\/revisions"}],"predecessor-version":[{"id":1398,"href":"https:\/\/www.firstcisl.it\/liguria\/wp-json\/wp\/v2\/posts\/1395\/revisions\/1398"}],"wp:featuredmedia":[{"embeddable":true,"href":"https:\/\/www.firstcisl.it\/liguria\/wp-json\/wp\/v2\/media\/1400"}],"wp:attachment":[{"href":"https:\/\/www.firstcisl.it\/liguria\/wp-json\/wp\/v2\/media?parent=1395"}],"wp:term":[{"taxonomy":"category","embeddable":true,"href":"https:\/\/www.firstcisl.it\/liguria\/wp-json\/wp\/v2\/categories?post=1395"},{"taxonomy":"post_tag","embeddable":true,"href":"https:\/\/www.firstcisl.it\/liguria\/wp-json\/wp\/v2\/tags?post=1395"}],"curies":[{"name":"wp","href":"https:\/\/api.w.org\/{rel}","templated":true}]}}