{"id":2038,"date":"2020-09-13T08:33:58","date_gmt":"2020-09-13T06:33:58","guid":{"rendered":"https:\/\/www.firstcisl.it\/internazionale\/?p=2038"},"modified":"2020-09-13T08:33:58","modified_gmt":"2020-09-13T06:33:58","slug":"stiglitz-parla-di-economia-e-finanza-post-covid-nel-webinar-uni-finance","status":"publish","type":"post","link":"https:\/\/www.firstcisl.it\/internazionale\/2020\/09\/13\/stiglitz-parla-di-economia-e-finanza-post-covid-nel-webinar-uni-finance\/","title":{"rendered":"Stiglitz parla di economia e finanza post covid nel webinar Uni Finance"},"content":{"rendered":"<p>\u201cCome ottenere l&#8217;economia giusta di cui il mondo ha bisogno &#8211; il ruolo del settore finanziario in una societ\u00e0 post-Covid\u201d, questo il titolo del webinar organizzato da <a href=\"https:\/\/www.uniglobalunion.org\/sectors\/finance\/news\" target=\"_blank\" rel=\"noopener noreferrer\">Uni Finance<\/a> il prossimo 28 settembre, con la partecipazione dell&#8217;economista Joseph E. Stiglitz.<\/p>\n<p>Professore alla Columbia University, Joseph E. Stiglitz \u00e8 anche co-presidente della Commissione di alto livello sulla misura delle prestazioni economiche e del progresso sociale presso l&#8217;Ocse e capo economista del Roosevelt Institute. Vincitore del Premio Nobel per l\u2019economia nel 2001, \u00e8 ex senior vicepresidente e capo economista della Banca Mondiale ed ex presidente del Consiglio dei consiglieri economici del Presidente degli Stati Uniti. Nel 2000 ha fondato l&#8217;Initiative for Policy Dialogue, un think tank sullo sviluppo internazionale con sede alla Columbia University.<\/p>\n<p>Conosciuto per il suo lavoro pionieristico sull&#8217;informazione asimmetrica, Stiglitz si concentra sulla distribuzione del reddito, il rischio, la corporate governance, la politica pubblica, la macroeconomia e la globalizzazione. \u00c8 anche autore di numerosi libri di successo.<\/p>\n<p>Il webinar del 28 settembre \u00e8 destinato agli affiliati Uni, comincer\u00e0 alle ore 16 per l&#8217;Italia e sar\u00e0 tradotto in contemporanea in Italiano.<\/p>\n<p>\u00c8 possibile registrarsi entro il 23 settembre al seguente link:<a href=\"https:\/\/uniglobalunion-org.zoom.us\/webinar\/register\/WN_BZETlu3ASbKw74NnlumOGg\" target=\"_blank\" rel=\"noopener noreferrer\"> https:\/\/uniglobalunion-org.zoom.us\/webinar\/register\/WN_BZETlu3ASbKw74NnlumOGg<\/a><\/p>\n<p>&nbsp;<\/p>\n<div class=\"gsp_post_data\" \r\n\t            data-post_type=\"post\" \r\n\t            data-cat=\"in-primo-piano\" \r\n\t            data-modified=\"120\"\r\n\t            data-created=\"1599986038\"\r\n\t            data-title=\"Stiglitz parla di economia e finanza post covid nel webinar Uni Finance\" \r\n\t            data-home=\"https:\/\/www.firstcisl.it\/internazionale\"><\/div>","protected":false},"excerpt":{"rendered":"<p>\u201cCome ottenere l&#8217;economia giusta di cui il mondo ha bisogno &#8211; il ruolo del settore finanziario in una societ\u00e0 post-Covid\u201d, questo il titolo del webinar organizzato da Uni Finance il prossimo 28 settembre, con la partecipazione dell&#8217;economista Joseph E. Stiglitz. Professore alla Columbia University, Joseph E. Stiglitz \u00e8 anche co-presidente della Commissione di alto livello [&hellip;]<\/p>\n","protected":false},"author":20,"featured_media":2041,"comment_status":"closed","ping_status":"closed","sticky":false,"template":"","format":"standard","meta":{"footnotes":""},"categories":[4],"tags":[39,41,46],"class_list":["post-2038","post","type-post","status-publish","format-standard","has-post-thumbnail","hentry","category-in-primo-piano","tag-covid-19","tag-internazionale","tag-joseph-e-stiglitz"],"_links":{"self":[{"href":"https:\/\/www.firstcisl.it\/internazionale\/wp-json\/wp\/v2\/posts\/2038","targetHints":{"allow":["GET"]}}],"collection":[{"href":"https:\/\/www.firstcisl.it\/internazionale\/wp-json\/wp\/v2\/posts"}],"about":[{"href":"https:\/\/www.firstcisl.it\/internazionale\/wp-json\/wp\/v2\/types\/post"}],"author":[{"embeddable":true,"href":"https:\/\/www.firstcisl.it\/internazionale\/wp-json\/wp\/v2\/users\/20"}],"replies":[{"embeddable":true,"href":"https:\/\/www.firstcisl.it\/internazionale\/wp-json\/wp\/v2\/comments?post=2038"}],"version-history":[{"count":6,"href":"https:\/\/www.firstcisl.it\/internazionale\/wp-json\/wp\/v2\/posts\/2038\/revisions"}],"predecessor-version":[{"id":2045,"href":"https:\/\/www.firstcisl.it\/internazionale\/wp-json\/wp\/v2\/posts\/2038\/revisions\/2045"}],"wp:featuredmedia":[{"embeddable":true,"href":"https:\/\/www.firstcisl.it\/internazionale\/wp-json\/wp\/v2\/media\/2041"}],"wp:attachment":[{"href":"https:\/\/www.firstcisl.it\/internazionale\/wp-json\/wp\/v2\/media?parent=2038"}],"wp:term":[{"taxonomy":"category","embeddable":true,"href":"https:\/\/www.firstcisl.it\/internazionale\/wp-json\/wp\/v2\/categories?post=2038"},{"taxonomy":"post_tag","embeddable":true,"href":"https:\/\/www.firstcisl.it\/internazionale\/wp-json\/wp\/v2\/tags?post=2038"}],"curies":[{"name":"wp","href":"https:\/\/api.w.org\/{rel}","templated":true}]}}