{"id":1992,"date":"2020-04-10T11:11:33","date_gmt":"2020-04-10T09:11:33","guid":{"rendered":"https:\/\/www.firstcisl.it\/internazionale\/?p=1992"},"modified":"2020-04-10T11:11:33","modified_gmt":"2020-04-10T09:11:33","slug":"covid-19-uni-finance-dichiarazione-congiunta-settore-finanziario","status":"publish","type":"post","link":"https:\/\/www.firstcisl.it\/internazionale\/2020\/04\/10\/covid-19-uni-finance-dichiarazione-congiunta-settore-finanziario\/","title":{"rendered":"Covid-19, Uni Finance, dichiarazione congiunta settore finanziario"},"content":{"rendered":"<p><a href=\"http:\/\/www.uni-europa.org\/\" target=\"_blank\" rel=\"noopener noreferrer\">Uni Europa<\/a> Finance e le parti sociali europee nel settore dei servizi finanziari hanno firmato una <a href=\"http:\/\/www.uni-europa.org\/wp-content\/uploads\/2020\/03\/20200330_Finance_EU_Social_Partners_Covid_joint_statement_IT.pdf\" target=\"_blank\" rel=\"noopener noreferrer\">dichiarazione congiunta<\/a> di sostegno e solidariet\u00e0 sulla crisi di Covid-19, lo leggiamo nel <a href=\"http:\/\/www.uni-europa.org\/2020\/03\/30\/covid-19-uni-europa-finance-signs-joint-statement-with-our-european-social-partners-in-the-banking-and-insurance-sectors\/\" target=\"_blank\" rel=\"noopener noreferrer\">sito della Federezione europea<\/a>.\u00a0 La dichiarazione ringrazia i lavoratori del settore finanziario per il costante impegno in questi tempi difficili e incerti e ribadisce che la salute e la sicurezza dei lavoratori, dei clienti e del pubblico \u00e8 e rimarr\u00e0 la priorit\u00e0.<\/p>\n<p>\u201cI luoghi di lavoro sono in prima linea negli sforzi di contenimento. Questo ovviamente si applica alle filiali bancarie locali, dove i lavoratori forniscono servizi vitali di tutti i giorni al pubblico e ai luoghi di lavoro pi\u00f9 grandi in cui si riuniscono molte persone. La risposta al Covid-19 implica cambiamenti per entrambi: affrontare le conseguenze delle chiusure sul posto di lavoro e rafforzare la protezione laddove i contatti faccia a faccia restano indispensabili. Lavoratori e datori di lavoro lavorano insieme per garantire che ci\u00f2 avvenga in modo efficace e inclusivo &#8220;, ha affermato Oliver Roethig, segretario regionale di UNI Europa.<\/p>\n<p>&#8220;Come sappiamo, un dialogo sociale efficace e sincero tra sindacati e datori di lavoro rimane il modo migliore per trovare soluzioni e attuare con successo le misure necessarie, e in queste circostanze eccezionali \u00e8 pi\u00f9 che mai necessario&#8221;, ha affermato Maureen Hick, direttore finanziario di UNI Europa.<\/p>\n<p>L&#8217;Europa deve dimostrare responsabilit\u00e0, solidariet\u00e0 ed efficienza nell&#8217;affrontare questa emergenza proteggendo tutti,\u00a0 cittadini,\u00a0 lavoratori e imprese.<\/p>\n<p>Uni Europa Finance e le parti sociali del settore finanziario europeo rimangono impegnate a proteggere i lavoratori del settore bancario e assicurativo e a sostenere i cittadini e le attivit\u00e0 economiche europee durante questo straordinario periodo di crisi.<\/p>\n<p><a href=\"http:\/\/www.uni-europa.org\/wp-content\/uploads\/2020\/03\/20200330_Finance_EU_Social_Partners_Covid_joint_statement_IT.pdf\" target=\"_blank\" rel=\"noopener noreferrer\">QUI<\/a> la dichiarazione completa qui (le traduzioni sono disponibili in <a href=\"http:\/\/www.uni-europa.org\/wp-content\/uploads\/2020\/03\/20200330_Finance_EU_Social_Partners_Covid_joint_statement_ES.pdf\" target=\"_blank\" rel=\"noopener noreferrer\">spagnolo<\/a>\u00a0,\u00a0<a href=\"http:\/\/www.uni-europa.org\/wp-content\/uploads\/2020\/03\/20200330_Finance_EU_Social_Partners_Covid_joint_statement_FR.pdf\" target=\"_blank\" rel=\"noopener noreferrer\">francese<\/a>\u00a0,\u00a0<a href=\"http:\/\/www.uni-europa.org\/wp-content\/uploads\/2020\/03\/20200330_Finance_EU_Social_Partners_Covid_joint_statement_DE.pdf\" target=\"_blank\" rel=\"noopener noreferrer\">tedesco<\/a> e <a href=\"http:\/\/www.uni-europa.org\/wp-content\/uploads\/2020\/03\/20200330_Finance_EU_Social_Partners_Covid_joint_statement_EN.pdf\" target=\"_blank\" rel=\"noopener noreferrer\">inglese<\/a> )<\/p>\n<div class=\"gsp_post_data\" \r\n\t            data-post_type=\"post\" \r\n\t            data-cat=\"in-primo-piano\" \r\n\t            data-modified=\"120\"\r\n\t            data-created=\"1586517093\"\r\n\t            data-title=\"Covid-19, Uni Finance, dichiarazione congiunta settore finanziario\" \r\n\t            data-home=\"https:\/\/www.firstcisl.it\/internazionale\"><\/div>","protected":false},"excerpt":{"rendered":"<p>Uni Europa Finance e le parti sociali europee nel settore dei servizi finanziari hanno firmato una dichiarazione congiunta di sostegno e solidariet\u00e0 sulla crisi di Covid-19, lo leggiamo nel sito della Federezione europea.\u00a0 La dichiarazione ringrazia i lavoratori del settore finanziario per il costante impegno in questi tempi difficili e incerti e ribadisce che la [&hellip;]<\/p>\n","protected":false},"author":20,"featured_media":1995,"comment_status":"closed","ping_status":"closed","sticky":false,"template":"","format":"standard","meta":{"footnotes":""},"categories":[4],"tags":[39,29],"class_list":["post-1992","post","type-post","status-publish","format-standard","has-post-thumbnail","hentry","category-in-primo-piano","tag-covid-19","tag-uni-europa"],"_links":{"self":[{"href":"https:\/\/www.firstcisl.it\/internazionale\/wp-json\/wp\/v2\/posts\/1992","targetHints":{"allow":["GET"]}}],"collection":[{"href":"https:\/\/www.firstcisl.it\/internazionale\/wp-json\/wp\/v2\/posts"}],"about":[{"href":"https:\/\/www.firstcisl.it\/internazionale\/wp-json\/wp\/v2\/types\/post"}],"author":[{"embeddable":true,"href":"https:\/\/www.firstcisl.it\/internazionale\/wp-json\/wp\/v2\/users\/20"}],"replies":[{"embeddable":true,"href":"https:\/\/www.firstcisl.it\/internazionale\/wp-json\/wp\/v2\/comments?post=1992"}],"version-history":[{"count":1,"href":"https:\/\/www.firstcisl.it\/internazionale\/wp-json\/wp\/v2\/posts\/1992\/revisions"}],"predecessor-version":[{"id":1993,"href":"https:\/\/www.firstcisl.it\/internazionale\/wp-json\/wp\/v2\/posts\/1992\/revisions\/1993"}],"wp:featuredmedia":[{"embeddable":true,"href":"https:\/\/www.firstcisl.it\/internazionale\/wp-json\/wp\/v2\/media\/1995"}],"wp:attachment":[{"href":"https:\/\/www.firstcisl.it\/internazionale\/wp-json\/wp\/v2\/media?parent=1992"}],"wp:term":[{"taxonomy":"category","embeddable":true,"href":"https:\/\/www.firstcisl.it\/internazionale\/wp-json\/wp\/v2\/categories?post=1992"},{"taxonomy":"post_tag","embeddable":true,"href":"https:\/\/www.firstcisl.it\/internazionale\/wp-json\/wp\/v2\/tags?post=1992"}],"curies":[{"name":"wp","href":"https:\/\/api.w.org\/{rel}","templated":true}]}}