{"id":6169,"date":"2025-03-25T23:02:49","date_gmt":"2025-03-25T22:02:49","guid":{"rendered":"https:\/\/www.firstcisl.it\/gruppounipol\/?p=6169"},"modified":"2025-03-25T23:05:06","modified_gmt":"2025-03-25T22:05:06","slug":"riorganizzazione-property-e-rcg-infortuni_","status":"publish","type":"post","link":"https:\/\/www.firstcisl.it\/gruppounipol\/2025\/03\/25\/riorganizzazione-property-e-rcg-infortuni_\/","title":{"rendered":"Riorganizzazione Property e RCG\/Infortuni"},"content":{"rendered":"<p>Care iscritte e cari iscritti,<\/p>\n<p>come sapete il giorno 28 febbraio ultimo scorso. si \u00e8 tenuto l\u2019incontro con l\u2019azienda avente per oggetto la\u00a0<strong>riorganizzazione delle strutture liquidative direzionali Property RCG\/Infortuni<\/strong>, che determiner\u00e0 notevoli impatti sulla gestione del lavoro e su molti aspetti essenziali della crescita professionale e delle competenze conseguite.\u00a0Torniamo sui temi affrontati in quell\u2019occasione con il Direttore Sinistri Norberto Odorico (Chief Claims Officer), per alcuni ulteriori ragionamenti, con riguardo alla struttura direzionale RCG\/Infortuni cosiddetta \u201c<strong>Over e Specialistica\u201d<\/strong>; infatti, abbiamo avuto modo di porre domande, dubbi e osservazioni di merito, che non hanno avuto risposte e quelle avute si riducono ad una dichiarata assunzione di responsabilit\u00e0 (riducendo il tutto ad un mero incontro informativo).<\/p>\n<p>Da quanto emerso, infatti, abbiamo rilevato che la riorganizzazione comporter\u00e0:<\/p>\n<ul>\n<li style=\"margin-bottom:15px\">una <strong>riduzione importante delle autonomie liquidative attualmente<\/strong>\u00a0<strong>gi\u00e0 attribuite;<\/strong><\/li>\n<li style=\"margin-bottom:15px\">uno\u00a0<strong>spostamento del baricentro delle professionalit\u00e0\u00a0<\/strong>sia interno alla struttura per coloro che saranno destinati alla Specialistica, ma anche dal territorio ai centri direzionali (soprattutto Torino, dove convoglieranno i sinistri di maggior rilevanza economica). Infatti, verr\u00e0 rimandata alla sola struttura Over-mortali la gestione di alcuni sinistri, prima trasferiti solo in caso di valore superiore ad una soglia specifica, oggi invece tout court (a differenza di quanto asserito dall\u2019azienda in sede di incontro 28 febbraio 2025). Questa centralizzazione verso le direzioni riteniamo contribuisca a depauperare di contenuti e professionalit\u00e0 i CLG ed in particolare i territori del centro sud;<\/li>\n<li style=\"margin-bottom:15px\">un\u00a0<strong>pregiudizio per la crescita professionale <\/strong>di coloro che verranno assegnati alla struttura Specialistica.<\/li>\n<\/ul>\n<p>In conseguenza delle criticit\u00e0 emerse, abbiamo svolto\u00a0<strong>opportuni e indispensabili approfondimenti legali<\/strong>\u00a0che hanno evidenziato un processo di\u00a0<strong>de-professionalizzazione<\/strong>, nonch\u00e9 una evidente\u00a0<strong>perdita di chance professionali<\/strong>\u00a0per tutte le lavoratrici e per tutti i lavoratori coinvolti.<\/p>\n<p>A queste si aggiungono tutte le\u00a0<strong>conseguenze indirette<\/strong>\u00a0riguardo, ad esempio, i\u00a0<strong>premianti<\/strong>, che presumibilmente seguiranno analogo impoverimento e\u00a0<strong>dell\u2019inspiegabile spostamento anche delle pratiche gi\u00e0 seguite, lavorate e chiuse<\/strong>. Sottraendo, cos\u00ec, una componente di dati utilizzata per le valutazioni sulla quantit\u00e0 e qualit\u00e0 del lavoro svolto ai legittimi titolari, soprattutto a fini del raggiungimento degli obbiettivi del sistema incentivante.<\/p>\n<p>\u00c8 evidente che questa situazione\u00a0<strong>pregiudica<\/strong>\u00a0fortemente\u00a0<strong>il<\/strong>\u00a0<strong>clima<\/strong>\u00a0tra le lavoratrici e lavoratori delle unit\u00e0 interessate, ne\u00a0<strong>penalizza le motivazioni, aumentando<\/strong>\u00a0il senso di\u00a0<strong>sfiducia e rassegnazione<\/strong>\u00a0nei confronti di un\u2019azienda che non coinvolge gli addetti ai lavori nei processi di riorganizzazione, esprime diktat e li esegue, senza nemmeno prendere in considerazione le ripercussioni negative da tutti noi evidenziate in molteplici occasioni. Il\u00a0<strong>depauperamento delle responsabilit\u00e0<\/strong>\u00a0non fa che scoraggiare i lavoratori e le lavoratrici, che si trovano dopo anni di lavoro e dedizione, ob torto collo, di fronte ad un\u2019importante limitazione delle opportunit\u00e0 di crescita professionale.<\/p>\n<p>\u00c8 utile ribadire che la nostra organizzazione sindacale sta continuando a svolgere\u00a0<strong>accertamenti legali<\/strong>, al fine di verificare la presenza di estremi per poter procedere in\u00a0<strong>difesa e tutela di tutte e tutti<\/strong>.<\/p>\n<p>Riteniamo che la discussione sul comparto sinistri, ormai da tempo assillato da riorganizzazioni ed atavici disagi, debba essere inserita nelle priorit\u00e0 dell\u2019agenda aziendale, i cui temi vengano affrontati\u00a0in\u00a0appositi incontri: crediamo sia il momento di avviare finalmente un\u00a0<strong>tavolo tecnico permanente<\/strong>\u00a0(conquistato anche attraverso il vostro contributo e come da ordine del giorno condiviso e votato nelle assemblee nazionali del\u00a0 16 e 17 aprile 2024), come da disponibilit\u00e0 manifestata proprio dall\u2019azienda e\u00a0dal Direttore Sinistri in occasione di quest\u2019ultimo incontro.<\/p>\n<p>Vi terremo aggiornati.<\/p>\n<p style=\"text-align: center;\"><strong>Le Rappresentanze Sindacali del Gruppo Unipol<\/strong><br \/>\n<strong>First Cisl\u00a0\u00a0 &#8211;\u00a0\u00a0 Fisac Cgil\u00a0\u00a0 &#8211;\u00a0\u00a0 Snfia\u00a0\u00a0 &#8211;\u00a0\u00a0 Uilca Uil<\/strong><\/p>\n<p>&nbsp;<\/p>\n<hr \/>\n<p><em>Qui il <strong><a href=\"https:\/\/www.firstcisl.it\/gruppounipol\/wp-content\/uploads\/sites\/83\/2025\/03\/Comunicato_Gruppo_Unipol_20250321_Riorganizzazione_Property_e_RCG_Infortuni.pdf\" target=\"_blank\" rel=\"noopener\">comunicato<\/a><\/strong> a firma delle Rappresentanze sindacali di First Cisl, Fisac Cgil, Snfia e Uilca Uil del Gruppo Unipol<\/em><\/p>\n<p>&nbsp;<\/p>\n<div class=\"gsp_post_data\" \r\n\t            data-post_type=\"post\" \r\n\t            data-cat=\"comunicato-unitario\" \r\n\t            data-modified=\"120\"\r\n\t            data-created=\"1742943769\"\r\n\t            data-title=\"Riorganizzazione Property e RCG\/Infortuni\" \r\n\t            data-home=\"https:\/\/www.firstcisl.it\/gruppounipol\"><\/div>","protected":false},"excerpt":{"rendered":"<p>Care iscritte e cari iscritti, come sapete il giorno 28 febbraio ultimo scorso. si \u00e8 tenuto l\u2019incontro con l\u2019azienda avente per oggetto la\u00a0riorganizzazione delle strutture liquidative direzionali Property RCG\/Infortuni, che determiner\u00e0 notevoli impatti sulla gestione del lavoro e su molti aspetti essenziali della crescita professionale e delle competenze conseguite.\u00a0Torniamo sui temi affrontati in quell\u2019occasione con [&hellip;]<\/p>\n","protected":false},"author":55,"featured_media":6172,"comment_status":"closed","ping_status":"closed","sticky":false,"template":"","format":"standard","meta":{"footnotes":""},"categories":[33],"tags":[],"class_list":["post-6169","post","type-post","status-publish","format-standard","has-post-thumbnail","hentry","category-comunicato-unitario"],"_links":{"self":[{"href":"https:\/\/www.firstcisl.it\/gruppounipol\/wp-json\/wp\/v2\/posts\/6169","targetHints":{"allow":["GET"]}}],"collection":[{"href":"https:\/\/www.firstcisl.it\/gruppounipol\/wp-json\/wp\/v2\/posts"}],"about":[{"href":"https:\/\/www.firstcisl.it\/gruppounipol\/wp-json\/wp\/v2\/types\/post"}],"author":[{"embeddable":true,"href":"https:\/\/www.firstcisl.it\/gruppounipol\/wp-json\/wp\/v2\/users\/55"}],"replies":[{"embeddable":true,"href":"https:\/\/www.firstcisl.it\/gruppounipol\/wp-json\/wp\/v2\/comments?post=6169"}],"version-history":[{"count":1,"href":"https:\/\/www.firstcisl.it\/gruppounipol\/wp-json\/wp\/v2\/posts\/6169\/revisions"}],"predecessor-version":[{"id":6171,"href":"https:\/\/www.firstcisl.it\/gruppounipol\/wp-json\/wp\/v2\/posts\/6169\/revisions\/6171"}],"wp:featuredmedia":[{"embeddable":true,"href":"https:\/\/www.firstcisl.it\/gruppounipol\/wp-json\/wp\/v2\/media\/6172"}],"wp:attachment":[{"href":"https:\/\/www.firstcisl.it\/gruppounipol\/wp-json\/wp\/v2\/media?parent=6169"}],"wp:term":[{"taxonomy":"category","embeddable":true,"href":"https:\/\/www.firstcisl.it\/gruppounipol\/wp-json\/wp\/v2\/categories?post=6169"},{"taxonomy":"post_tag","embeddable":true,"href":"https:\/\/www.firstcisl.it\/gruppounipol\/wp-json\/wp\/v2\/tags?post=6169"}],"curies":[{"name":"wp","href":"https:\/\/api.w.org\/{rel}","templated":true}]}}