{"id":7561,"date":"2026-05-01T17:24:26","date_gmt":"2026-05-01T15:24:26","guid":{"rendered":"https:\/\/www.firstcisl.it\/emiliaromagna\/?p=7561"},"modified":"2026-05-01T19:11:05","modified_gmt":"2026-05-01T17:11:05","slug":"primo-maggio-a-marghera-fumarola-il-lavoro-e-dignita-lintelligenza-artificiale-deve-essere-alleata-non-padrona","status":"publish","type":"post","link":"https:\/\/www.firstcisl.it\/emiliaromagna\/2026\/05\/01\/primo-maggio-a-marghera-fumarola-il-lavoro-e-dignita-lintelligenza-artificiale-deve-essere-alleata-non-padrona\/","title":{"rendered":"Primo Maggio a Marghera. Fumarola: \u00abIl lavoro \u00e8 dignit\u00e0. L\u2019intelligenza artificiale deve essere alleata, non padrona\u00bb"},"content":{"rendered":"<section class=\"wpb-content-wrapper\"><p>\u00abGrazie a questa piazza, a Marghera, e a tutte le piazze d\u2019Italia. Grazie a queste bandiere che sventolano unite per celebrare la nostra festa. <strong>La festa dei lavoratori. La festa della dignit\u00e0 nel lavoro. Perch\u00e9 il lavoro non \u00e8 merce. Non pu\u00f2 essere sostituito da un algoritmo. Il lavoro \u00e8 dignit\u00e0<\/strong>\u00bb.<\/p>\n<p>\u00c8 quanto ha sottolineato oggi la <strong>Segretaria generale della Cisl, Daniela Fumarola<\/strong>, intervenuta a\u00a0Marghera dal palco della <a id=\"https:\/\/www.cisl.it\/primo-maggio-marghera-cgil-cisl-uil\/\" href=\"https:\/\/www.cisl.it\/primo-maggio-marghera-cgil-cisl-uil\/\" target=\"_blank\" rel=\"noreferrer noopener\" type=\"link\">manifestazione unitaria Cgil, Cisl e Uil <\/a>in occasione della Festa dei lavoratori.<\/p>\n<p>La leader Cisl ha richiamato le parole del <strong>Presidente della Repubblica Sergio Mattarella<\/strong>: \u00abCome ha detto il Presidente Mattarella \u201c<em>il lavoro \u00e8 il fondamento della Repubblica, e va ricomposto contro disuguaglianze e precariet\u00e0<\/em>\u201d. E ancora: \u201c<strong>La coesione sociale richiede che il lavoro e la tutela dei lavoratori siano effettive, contro ogni illegalit\u00e0 e sfruttamento che rappresentano una minaccia alla convivenza stessa<\/strong>\u201d\u00bb.<\/p>\n<p>Fumarola ha quindi sottolineato la\u00a0<strong>visione di un lavoro che valorizza la persona<\/strong>: \u00abNon vogliamo un lavoro che schiaccia, che svuota, che spegne le speranze.\u00a0<strong>Non accetteremo mai di essere ingranaggi di un meccanismo che usa e scarta<\/strong>. Vogliamo un lavoro che riconosce, valorizza, libera. Un lavoro che permette a ciascuno di lasciare una traccia, di esprimere creativit\u00e0 e protagonismo\u00bb.<\/p>\n<p>Particolare attenzione \u00e8 stata riservata alla <strong>sfida dell\u2019intelligenza artificiale<\/strong>, proprio a Marghera: \u00abOggi lo diciamo davanti alla sfida enorme dell\u2019intelligenza artificiale. Lo ribadiamo a Marghera, che non \u00e8 una piazza qualunque. \u00c8 qui che a marzo trentasette lavoratori \u2013 ingegneri, informatici, impiegati \u2013 hanno ricevuto una comunicazione: \u201cSiete tutti licenziati\u201d. Il loro lavoro sar\u00e0 svolto da un algoritmo\u00bb.<\/p>\n<p>\u00abL\u2019intelligenza artificiale non \u00e8 n\u00e9 amica n\u00e9 nemica del lavoro. Pu\u00f2 liberare la persona, ridurre la fatica, aprire nuovi spazi di creativit\u00e0 e di qualit\u00e0. Ma pu\u00f2 anche aumentare disuguaglianze, sostituire il lavoro senza sostituire il reddito. Non dobbiamo avere paura del futuro. Noi di certo non ne abbiamo. Ma non accetteremo mai un destino scritto senza le persone! <strong>L\u2019intelligenza artificiale deve essere alleata, non padrona del lavoro<\/strong>. Non vogliamo una competizione tra uomo e macchina. Vogliamo un\u2019alleanza tra intelligenze! Una tecnologia che serve la persona, e non il contrario\u00bb.<\/p>\n<p>Sul\u00a0<strong>fronte contrattuale e salariale<\/strong>, la Segretaria generale ha rilanciato con forza: \u00abDobbiamo aprire una stagione che esalti la<strong>\u00a0buona contrattazione collettiva<\/strong>. Non pu\u00f2 diventare normale che il lavoro sia terreno di concorrenza al minor costo. I dati parlano chiaro: in alcuni settori ci sono contratti che pagano fino a 6 mila euro l\u2019anno in meno rispetto a quelli sottoscritti da Cgil, Cisl e Uil. Bisogna porre una soglia contrattuale per individuare il salario equo\u00bb.<\/p>\n<p>Fumarola ha poi\u00a0<strong>commentato positivamente alcuni contenuti del recente decreto lavoro<\/strong>: \u00abNel decreto lavoro varato in questi giorni si fa un\u2019operazione importante: neanche un euro pubblico dovr\u00e0 andare a chi sta sotto questa soglia di decenza\u00bb.<\/p>\n<p>Sul tema della\u00a0<strong>sicurezza sul lavoro<\/strong>\u00a0ha concluso con tono deciso: \u00abOggi abbiamo sentito la tragedia di una mamma che ha perso un figlio mentre era al lavoro. Guai a chiamarla fatalit\u00e0. Ogni vittima \u00e8 il segno di un sistema che non funziona. Ogni vita spezzata \u00e8 un fallimento collettivo\u00bb.<\/p>\n<p>La Segretaria Generale ha infine lanciato\u00a0<strong>un appello all\u2019unit\u00e0 e al confronto<\/strong>: \u00abIl domani non lo decideranno gli algoritmi da soli! Non lo definiranno i potenti da soli! Non lo scriver\u00e0 il mercato da solo! Lo scriveranno invece i lavoratori, i pensionati e le pensionate! Le giovani generazioni, se sapremo alzarci insieme\u00bb.<\/p>\n<hr \/>\n<p>[vc_row][vc_column][vc_column_text]<\/p>\n<div id=\"gallery-fade\" class=\"gallery-slider\" data-interval=\"3000\">\n<div class=\"slides\"><img decoding=\"async\" src=\"https:\/\/www.firstcisl.it\/emiliaromagna\/wp-content\/uploads\/sites\/17\/2026\/05\/Primo_maggio_2026_001.jpg\" alt=\"\" \/><br \/>\n<img decoding=\"async\" src=\"https:\/\/www.firstcisl.it\/emiliaromagna\/wp-content\/uploads\/sites\/17\/2026\/05\/Primo_maggio_2026_002.jpg\" alt=\"\" \/><br \/>\n<img decoding=\"async\" src=\"https:\/\/www.firstcisl.it\/emiliaromagna\/wp-content\/uploads\/sites\/17\/2026\/05\/Primo_maggio_2026_003.jpg\" alt=\"\" \/><br \/>\n<img decoding=\"async\" src=\"https:\/\/www.firstcisl.it\/emiliaromagna\/wp-content\/uploads\/sites\/17\/2026\/05\/Primo_maggio_2026_004.jpg\" alt=\"\" \/><br \/>\n<img decoding=\"async\" src=\"https:\/\/www.firstcisl.it\/emiliaromagna\/wp-content\/uploads\/sites\/17\/2026\/05\/Primo_maggio_2026_005.jpg\" alt=\"\" \/><br \/>\n<img decoding=\"async\" src=\"https:\/\/www.firstcisl.it\/emiliaromagna\/wp-content\/uploads\/sites\/17\/2026\/05\/Primo_maggio_2026_006.jpg\" alt=\"\" \/><br \/>\n<img decoding=\"async\" src=\"https:\/\/www.firstcisl.it\/emiliaromagna\/wp-content\/uploads\/sites\/17\/2026\/05\/Primo_maggio_2026_007.jpg\" alt=\"\" \/><br \/>\n<img decoding=\"async\" src=\"https:\/\/www.firstcisl.it\/emiliaromagna\/wp-content\/uploads\/sites\/17\/2026\/05\/Primo_maggio_2026_008.jpg\" alt=\"\" \/><br \/>\n<img decoding=\"async\" src=\"https:\/\/www.firstcisl.it\/emiliaromagna\/wp-content\/uploads\/sites\/17\/2026\/05\/Primo_maggio_2026_009.jpg\" alt=\"\" \/><br \/>\n<img decoding=\"async\" src=\"https:\/\/www.firstcisl.it\/emiliaromagna\/wp-content\/uploads\/sites\/17\/2026\/05\/Primo_maggio_2026_010.jpg\" alt=\"\" \/><br \/>\n<img decoding=\"async\" src=\"https:\/\/www.firstcisl.it\/emiliaromagna\/wp-content\/uploads\/sites\/17\/2026\/05\/Primo_maggio_2026_011.jpg\" alt=\"\" \/><br \/>\n<img decoding=\"async\" src=\"https:\/\/www.firstcisl.it\/emiliaromagna\/wp-content\/uploads\/sites\/17\/2026\/05\/Primo_maggio_2026_012.jpg\" alt=\"\" \/><br \/>\n<img decoding=\"async\" src=\"https:\/\/www.firstcisl.it\/emiliaromagna\/wp-content\/uploads\/sites\/17\/2026\/05\/Primo_maggio_2026_013.jpg\" alt=\"\" \/><br \/>\n<img decoding=\"async\" src=\"https:\/\/www.firstcisl.it\/emiliaromagna\/wp-content\/uploads\/sites\/17\/2026\/05\/Primo_maggio_2026_014.jpg\" alt=\"\" \/><br \/>\n<img decoding=\"async\" src=\"https:\/\/www.firstcisl.it\/emiliaromagna\/wp-content\/uploads\/sites\/17\/2026\/05\/Primo_maggio_2026_015.jpg\" alt=\"\" \/><br \/>\n<img decoding=\"async\" src=\"https:\/\/www.firstcisl.it\/emiliaromagna\/wp-content\/uploads\/sites\/17\/2026\/05\/Primo_maggio_2026_016.jpg\" alt=\"\" \/><br \/>\n<img decoding=\"async\" src=\"https:\/\/www.firstcisl.it\/emiliaromagna\/wp-content\/uploads\/sites\/17\/2026\/05\/Primo_maggio_2026_017.jpg\" alt=\"\" \/><br \/>\n<img decoding=\"async\" src=\"https:\/\/www.firstcisl.it\/emiliaromagna\/wp-content\/uploads\/sites\/17\/2026\/05\/Primo_maggio_2026_018.jpg\" alt=\"\" \/><br \/>\n<img decoding=\"async\" src=\"https:\/\/www.firstcisl.it\/emiliaromagna\/wp-content\/uploads\/sites\/17\/2026\/05\/Primo_maggio_2026_019.jpg\" alt=\"\" \/><br \/>\n<img decoding=\"async\" src=\"https:\/\/www.firstcisl.it\/emiliaromagna\/wp-content\/uploads\/sites\/17\/2026\/05\/Primo_maggio_2026_020.jpg\" alt=\"\" \/><br \/>\n<img decoding=\"async\" src=\"https:\/\/www.firstcisl.it\/emiliaromagna\/wp-content\/uploads\/sites\/17\/2026\/05\/Primo_maggio_2026_021.jpg\" alt=\"\" \/><br \/>\n<img decoding=\"async\" src=\"https:\/\/www.firstcisl.it\/emiliaromagna\/wp-content\/uploads\/sites\/17\/2026\/05\/Primo_maggio_2026_022.jpg\" alt=\"\" \/><br \/>\n<img decoding=\"async\" src=\"https:\/\/www.firstcisl.it\/emiliaromagna\/wp-content\/uploads\/sites\/17\/2026\/05\/Primo_maggio_2026_023.jpg\" alt=\"\" \/><br \/>\n<img decoding=\"async\" src=\"https:\/\/www.firstcisl.it\/emiliaromagna\/wp-content\/uploads\/sites\/17\/2026\/05\/Primo_maggio_2026_024.jpg\" alt=\"\" \/><br \/>\n<img decoding=\"async\" src=\"https:\/\/www.firstcisl.it\/emiliaromagna\/wp-content\/uploads\/sites\/17\/2026\/05\/Primo_maggio_2026_025.jpg\" alt=\"\" \/><br \/>\n<img decoding=\"async\" src=\"https:\/\/www.firstcisl.it\/emiliaromagna\/wp-content\/uploads\/sites\/17\/2026\/05\/Primo_maggio_2026_026.jpg\" alt=\"\" \/><br \/>\n<img decoding=\"async\" src=\"https:\/\/www.firstcisl.it\/emiliaromagna\/wp-content\/uploads\/sites\/17\/2026\/05\/Primo_maggio_2026_027.jpg\" alt=\"\" \/><br \/>\n<img decoding=\"async\" src=\"https:\/\/www.firstcisl.it\/emiliaromagna\/wp-content\/uploads\/sites\/17\/2026\/05\/Primo_maggio_2026_028.jpg\" alt=\"\" \/><br \/>\n<img decoding=\"async\" src=\"https:\/\/www.firstcisl.it\/emiliaromagna\/wp-content\/uploads\/sites\/17\/2026\/05\/Primo_maggio_2026_029.jpg\" alt=\"\" \/><br \/>\n<img decoding=\"async\" src=\"https:\/\/www.firstcisl.it\/emiliaromagna\/wp-content\/uploads\/sites\/17\/2026\/05\/Primo_maggio_2026_032.jpg\" alt=\"\" \/><br \/>\n<img decoding=\"async\" src=\"https:\/\/www.firstcisl.it\/emiliaromagna\/wp-content\/uploads\/sites\/17\/2026\/05\/Primo_maggio_2026_031.jpg\" alt=\"\" \/><br \/>\n<img decoding=\"async\" src=\"https:\/\/www.firstcisl.it\/emiliaromagna\/wp-content\/uploads\/sites\/17\/2026\/05\/Primo_maggio_2026_030.jpg\" alt=\"\" \/><\/div>\n<p><button class=\"gf-prev\" aria-label=\"Prev\">\u2039<\/button><button class=\"gf-next\" aria-label=\"Next\">\u203a<\/button><\/p>\n<\/div>\n<hr \/>\n<p>[\/vc_column_text]<br \/>\n[vc_raw_js]JTNDc2NyaXB0JTNFJTBBZG9jdW1lbnQuYWRkRXZlbnRMaXN0ZW5lciUyOCUyMkRPTUNvbnRlbnRMb2FkZWQlMjIlMkMlMjBmdW5jdGlvbiUyOCUyOSUyMCU3QiUwQSUyMCUyMGNvbnN0JTIwY29udGFpbmVyJTIwJTNEJTIwZG9jdW1lbnQuZ2V0RWxlbWVudEJ5SWQlMjglMjdnYWxsZXJ5LWZhZGUlMjclMjklM0IlMEElMjAlMjBpZiUyMCUyOCUyMWNvbnRhaW5lciUyOSUyMHJldHVybiUzQiUwQSUwQSUyMCUyMGNvbnN0JTIwc2xpZGVzJTIwJTNEJTIwQXJyYXkuZnJvbSUyOGNvbnRhaW5lci5xdWVyeVNlbGVjdG9yQWxsJTI4JTI3LnNsaWRlcyUyMGltZyUyNyUyOSUyOSUzQiUwQSUyMCUyMGlmJTIwJTI4JTIxc2xpZGVzLmxlbmd0aCUyOSUyMHJldHVybiUzQiUwQSUwQSUyMCUyMGNvbnN0JTIwYnRuTmV4dCUyMCUzRCUyMGNvbnRhaW5lci5xdWVyeVNlbGVjdG9yJTI4JTI3LmdmLW5leHQlMjclMjklM0IlMEElMjAlMjBjb25zdCUyMGJ0blByZXYlMjAlM0QlMjBjb250YWluZXIucXVlcnlTZWxlY3RvciUyOCUyNy5nZi1wcmV2JTI3JTI5JTNCJTBBJTBBJTIwJTIwbGV0JTIwY3VycmVudCUyMCUzRCUyMDAlM0IlMEElMjAlMjBjb25zdCUyMGludGVydmFsTXMlMjAlM0QlMjBwYXJzZUludCUyOGNvbnRhaW5lci5kYXRhc2V0LmludGVydmFsJTIwJTdDJTdDJTIwMzAwMCUyQyUyMDEwJTI5JTNCJTBBJTBBJTIwJTIwJTJGJTJGJTIwaW5pemlhbGl6emElMjBjbGFzc2klMEElMjAlMjBzbGlkZXMuZm9yRWFjaCUyOCUyOGltZyUyQyUyMGklMjklMjAlM0QlM0UlMjAlN0IlMEElMjAlMjAlMjAlMjBpbWcuY2xhc3NMaXN0LnJlbW92ZSUyOCUyN2FjdGl2ZSUyNyUyOSUzQiUwQSUyMCUyMCUyMCUyMCUyRiUyRiUyMGFzc2ljdXJhdGklMjBjaGUlMjB0dXR0ZSUyMGxlJTIwaW1tYWdpbmklMjBzaWFubyUyMHBvc2l6aW9uYXRlJTIwY29ycmV0dGFtZW50ZSUwQSUyMCUyMCUyMCUyMGltZy5zdHlsZS5vcGFjaXR5JTIwJTNEJTIwJTI4aSUyMCUzRCUzRCUzRCUyMDAlMjklMjAlM0YlMjAlMjcxJTI3JTIwJTNBJTIwJTI3MCUyNyUzQiUwQSUyMCUyMCU3RCUyOSUzQiUwQSUyMCUyMHNsaWRlcyU1QjAlNUQuY2xhc3NMaXN0LmFkZCUyOCUyN2FjdGl2ZSUyNyUyOSUzQiUwQSUwQSUyMCUyMGZ1bmN0aW9uJTIwc2hvdyUyOGluZGV4JTI5JTIwJTdCJTBBJTIwJTIwJTIwJTIwc2xpZGVzLmZvckVhY2glMjglMjhzJTJDJTIwaSUyOSUyMCUzRCUzRSUyMCU3QiUwQSUyMCUyMCUyMCUyMCUyMCUyMGNvbnN0JTIwYWN0aXZlJTIwJTNEJTIwJTI4aSUyMCUzRCUzRCUzRCUyMGluZGV4JTI5JTNCJTBBJTIwJTIwJTIwJTIwJTIwJTIwcy5jbGFzc0xpc3QudG9nZ2xlJTI4JTI3YWN0aXZlJTI3JTJDJTIwYWN0aXZlJTI5JTNCJTBBJTIwJTIwJTIwJTIwJTIwJTIwcy5zdHlsZS5vcGFjaXR5JTIwJTNEJTIwYWN0aXZlJTIwJTNGJTIwJTI3MSUyNyUyMCUzQSUyMCUyNzAlMjclM0IlMEElMjAlMjAlMjAlMjAlN0QlMjklM0IlMEElMjAlMjAlN0QlMEElMEElMjAlMjBmdW5jdGlvbiUyMG5leHRTbGlkZSUyOCUyOSUyMCU3QiUwQSUyMCUyMCUyMCUyMGN1cnJlbnQlMjAlM0QlMjAlMjhjdXJyZW50JTIwJTJCJTIwMSUyOSUyMCUyNSUyMHNsaWRlcy5sZW5ndGglM0IlMEElMjAlMjAlMjAlMjBzaG93JTI4Y3VycmVudCUyOSUzQiUwQSUyMCUyMCU3RCUwQSUwQSUyMCUyMGZ1bmN0aW9uJTIwcHJldlNsaWRlJTI4JTI5JTIwJTdCJTBBJTIwJTIwJTIwJTIwY3VycmVudCUyMCUzRCUyMCUyOGN1cnJlbnQlMjAtJTIwMSUyMCUyQiUyMHNsaWRlcy5sZW5ndGglMjklMjAlMjUlMjBzbGlkZXMubGVuZ3RoJTNCJTBBJTIwJTIwJTIwJTIwc2hvdyUyOGN1cnJlbnQlMjklM0IlMEElMjAlMjAlN0QlMEElMEElMjAlMjAlMkYlMkYlMjBhdXRvcGxheSUwQSUyMCUyMGxldCUyMHRpbWVyJTIwJTNEJTIwc2V0SW50ZXJ2YWwlMjhuZXh0U2xpZGUlMkMlMjBpbnRlcnZhbE1zJTI5JTNCJTBBJTBBJTIwJTIwJTJGJTJGJTIwcHVsc2FudGklM0ElMjBmZXJtYW5vJTIwZSUyMHJpYXZ2aWFubyUyMGwlMjdhdXRvcGxheSUwQSUyMCUyMGlmJTIwJTI4YnRuTmV4dCUyOSUyMCU3QiUwQSUyMCUyMCUyMCUyMGJ0bk5leHQuYWRkRXZlbnRMaXN0ZW5lciUyOCUyN2NsaWNrJTI3JTJDJTIwZnVuY3Rpb24lMjhlJTI5JTIwJTdCJTBBJTIwJTIwJTIwJTIwJTIwJTIwZS5wcmV2ZW50RGVmYXVsdCUyOCUyOSUzQiUwQSUyMCUyMCUyMCUyMCUyMCUyMGNsZWFySW50ZXJ2YWwlMjh0aW1lciUyOSUzQiUwQSUyMCUyMCUyMCUyMCUyMCUyMG5leHRTbGlkZSUyOCUyOSUzQiUwQSUyMCUyMCUyMCUyMCUyMCUyMHRpbWVyJTIwJTNEJTIwc2V0SW50ZXJ2YWwlMjhuZXh0U2xpZGUlMkMlMjBpbnRlcnZhbE1zJTI5JTNCJTBBJTIwJTIwJTIwJTIwJTdEJTI5JTNCJTBBJTIwJTIwJTdEJTBBJTIwJTIwaWYlMjAlMjhidG5QcmV2JTI5JTIwJTdCJTBBJTIwJTIwJTIwJTIwYnRuUHJldi5hZGRFdmVudExpc3RlbmVyJTI4JTI3Y2xpY2slMjclMkMlMjBmdW5jdGlvbiUyOGUlMjklMjAlN0IlMEElMjAlMjAlMjAlMjAlMjAlMjBlLnByZXZlbnREZWZhdWx0JTI4JTI5JTNCJTBBJTIwJTIwJTIwJTIwJTIwJTIwY2xlYXJJbnRlcnZhbCUyOHRpbWVyJTI5JTNCJTBBJTIwJTIwJTIwJTIwJTIwJTIwcHJldlNsaWRlJTI4JTI5JTNCJTBBJTIwJTIwJTIwJTIwJTIwJTIwdGltZXIlMjAlM0QlMjBzZXRJbnRlcnZhbCUyOG5leHRTbGlkZSUyQyUyMGludGVydmFsTXMlMjklM0IlMEElMjAlMjAlMjAlMjAlN0QlMjklM0IlMEElMjAlMjAlN0QlMEElMEElMjAlMjAlMkYlMkYlMjBvcHppb25lJTNBJTIwc3VwcG9ydG8lMjB0YXN0aWVyYSUyMCUyOGZyZWNjZSUyOSUwQSUyMCUyMGRvY3VtZW50LmFkZEV2ZW50TGlzdGVuZXIlMjglMjdrZXlkb3duJTI3JTJDJTIwZnVuY3Rpb24lMjhlJTI5JTIwJTdCJTBBJTIwJTIwJTIwJTIwaWYlMjAlMjhlLmtleSUyMCUzRCUzRCUzRCUyMCUyN0Fycm93UmlnaHQlMjclMjklMjAlN0IlMEElMjAlMjAlMjAlMjAlMjAlMjBjbGVhckludGVydmFsJTI4dGltZXIlMjklM0IlMEElMjAlMjAlMjAlMjAlMjAlMjBuZXh0U2xpZGUlMjglMjklM0IlMEElMjAlMjAlMjAlMjAlMjAlMjB0aW1lciUyMCUzRCUyMHNldEludGVydmFsJTI4bmV4dFNsaWRlJTJDJTIwaW50ZXJ2YWxNcyUyOSUzQiUwQSUyMCUyMCUyMCUyMCU3RCUyMGVsc2UlMjBpZiUyMCUyOGUua2V5JTIwJTNEJTNEJTNEJTIwJTI3QXJyb3dMZWZ0JTI3JTI5JTIwJTdCJTBBJTIwJTIwJTIwJTIwJTIwJTIwY2xlYXJJbnRlcnZhbCUyOHRpbWVyJTI5JTNCJTBBJTIwJTIwJTIwJTIwJTIwJTIwcHJldlNsaWRlJTI4JTI5JTNCJTBBJTIwJTIwJTIwJTIwJTIwJTIwdGltZXIlMjAlM0QlMjBzZXRJbnRlcnZhbCUyOG5leHRTbGlkZSUyQyUyMGludGVydmFsTXMlMjklM0IlMEElMjAlMjAlMjAlMjAlN0QlMEElMjAlMjAlN0QlMjklM0IlMEElN0QlMjklM0IlMEElM0MlMkZzY3JpcHQlM0U=[\/vc_raw_js][\/vc_column][\/vc_row]<\/p>\n<div class=\"gsp_post_data\" \r\n\t            data-post_type=\"post\" \r\n\t            data-cat=\"primo-maggio-2\" \r\n\t            data-modified=\"-103\"\r\n\t            data-created=\"1777656266\"\r\n\t            data-title=\"Primo Maggio a Marghera. Fumarola: \u00abIl lavoro \u00e8 dignit\u00e0. L\u2019intelligenza artificiale deve essere alleata, non padrona\u00bb\" \r\n\t            data-home=\"https:\/\/www.firstcisl.it\/emiliaromagna\"><\/div><\/section>","protected":false},"excerpt":{"rendered":"<p>\u00abGrazie a questa piazza, a Marghera, e a tutte le piazze d\u2019Italia. Grazie a queste bandiere che sventolano unite per celebrare la nostra festa. La festa dei lavoratori. La festa della dignit\u00e0 nel lavoro. Perch\u00e9 il lavoro non \u00e8 merce. Non pu\u00f2 essere sostituito da un algoritmo. Il lavoro \u00e8 dignit\u00e0\u00bb. \u00c8 quanto ha sottolineato [&hellip;]<\/p>\n","protected":false},"author":55,"featured_media":7563,"comment_status":"closed","ping_status":"closed","sticky":false,"template":"","format":"standard","meta":{"footnotes":""},"categories":[120],"tags":[118,124,122,123,126,125,121,25],"class_list":["post-7561","post","type-post","status-publish","format-standard","has-post-thumbnail","hentry","category-primo-maggio-2","tag-cisl","tag-contrattazione-collettiva","tag-daniela-fumarola","tag-intelligenza-artificiale","tag-lavoro-dignitoso","tag-marghera","tag-primo-maggio","tag-sicurezza"],"_links":{"self":[{"href":"https:\/\/www.firstcisl.it\/emiliaromagna\/wp-json\/wp\/v2\/posts\/7561","targetHints":{"allow":["GET"]}}],"collection":[{"href":"https:\/\/www.firstcisl.it\/emiliaromagna\/wp-json\/wp\/v2\/posts"}],"about":[{"href":"https:\/\/www.firstcisl.it\/emiliaromagna\/wp-json\/wp\/v2\/types\/post"}],"author":[{"embeddable":true,"href":"https:\/\/www.firstcisl.it\/emiliaromagna\/wp-json\/wp\/v2\/users\/55"}],"replies":[{"embeddable":true,"href":"https:\/\/www.firstcisl.it\/emiliaromagna\/wp-json\/wp\/v2\/comments?post=7561"}],"version-history":[{"count":5,"href":"https:\/\/www.firstcisl.it\/emiliaromagna\/wp-json\/wp\/v2\/posts\/7561\/revisions"}],"predecessor-version":[{"id":7597,"href":"https:\/\/www.firstcisl.it\/emiliaromagna\/wp-json\/wp\/v2\/posts\/7561\/revisions\/7597"}],"wp:featuredmedia":[{"embeddable":true,"href":"https:\/\/www.firstcisl.it\/emiliaromagna\/wp-json\/wp\/v2\/media\/7563"}],"wp:attachment":[{"href":"https:\/\/www.firstcisl.it\/emiliaromagna\/wp-json\/wp\/v2\/media?parent=7561"}],"wp:term":[{"taxonomy":"category","embeddable":true,"href":"https:\/\/www.firstcisl.it\/emiliaromagna\/wp-json\/wp\/v2\/categories?post=7561"},{"taxonomy":"post_tag","embeddable":true,"href":"https:\/\/www.firstcisl.it\/emiliaromagna\/wp-json\/wp\/v2\/tags?post=7561"}],"curies":[{"name":"wp","href":"https:\/\/api.w.org\/{rel}","templated":true}]}}