{"id":7519,"date":"2026-04-25T09:00:42","date_gmt":"2026-04-25T07:00:42","guid":{"rendered":"https:\/\/www.firstcisl.it\/emiliaromagna\/?p=7519"},"modified":"2026-04-16T14:36:08","modified_gmt":"2026-04-16T12:36:08","slug":"sotto-lombra-di-un-bel-fior-riposa-il-sacrificio-di-chi-ha-lottato-per-la-liberta-oggi-25-aprile-ne-custodiamo-il-valore","status":"publish","type":"post","link":"https:\/\/www.firstcisl.it\/emiliaromagna\/2026\/04\/25\/sotto-lombra-di-un-bel-fior-riposa-il-sacrificio-di-chi-ha-lottato-per-la-liberta-oggi-25-aprile-ne-custodiamo-il-valore\/","title":{"rendered":"Sotto l\u2019ombra di un bel fior riposa il sacrificio di chi ha lottato per la libert\u00e0. Oggi, 25 aprile, ne custodiamo il valore."},"content":{"rendered":"<p class=\"p1\"><strong>Sotto l\u2019ombra di un bel fior riposa il sacrificio di chi ha lottato per la libert\u00e0. Oggi, 25 aprile, ne custodiamo il valore.<\/strong> \u00c8 una memoria che non appartiene solo al passato, ma che continua a vivere nelle scelte quotidiane, nei diritti conquistati e nella responsabilit\u00e0 collettiva di difenderli.<\/p>\n<p class=\"p1\">La Liberazione rappresenta un momento fondativo della nostra storia, nato dal coraggio di donne e uomini che hanno saputo opporsi all\u2019ingiustizia, <strong>mettendo a rischio tutto per un ideale pi\u00f9 grande<\/strong>.<\/p>\n<p class=\"p1\">Ricordare oggi significa non limitarsi alla celebrazione, ma riconoscere il significato profondo di quella eredit\u00e0. <strong>La libert\u00e0 non \u00e8 mai definitiva: va alimentata, protetta e resa concreta<\/strong> attraverso l\u2019impegno civile, la solidariet\u00e0 e il rispetto reciproco. Nel solco di quella storia, il 25 aprile ci invita a guardare avanti con consapevolezza, portando con noi i valori che hanno reso possibile il nostro presente.<\/p>\n<p>&nbsp;<\/p>\n<div class=\"gsp_post_data\" \r\n\t            data-post_type=\"post\" \r\n\t            data-cat=\"25-aprile\" \r\n\t            data-modified=\"120\"\r\n\t            data-created=\"1777107642\"\r\n\t            data-title=\"Sotto l\u2019ombra di un bel fior riposa il sacrificio di chi ha lottato per la libert\u00e0. Oggi, 25 aprile, ne custodiamo il valore.\" \r\n\t            data-home=\"https:\/\/www.firstcisl.it\/emiliaromagna\"><\/div>","protected":false},"excerpt":{"rendered":"<p>Sotto l\u2019ombra di un bel fior riposa il sacrificio di chi ha lottato per la libert\u00e0. Oggi, 25 aprile, ne custodiamo il valore. \u00c8 una memoria che non appartiene solo al passato, ma che continua a vivere nelle scelte quotidiane, nei diritti conquistati e nella responsabilit\u00e0 collettiva di difenderli. La Liberazione rappresenta un momento fondativo [&hellip;]<\/p>\n","protected":false},"author":55,"featured_media":7520,"comment_status":"closed","ping_status":"closed","sticky":false,"template":"","format":"standard","meta":{"footnotes":""},"categories":[48],"tags":[],"class_list":["post-7519","post","type-post","status-publish","format-standard","has-post-thumbnail","hentry","category-25-aprile"],"_links":{"self":[{"href":"https:\/\/www.firstcisl.it\/emiliaromagna\/wp-json\/wp\/v2\/posts\/7519","targetHints":{"allow":["GET"]}}],"collection":[{"href":"https:\/\/www.firstcisl.it\/emiliaromagna\/wp-json\/wp\/v2\/posts"}],"about":[{"href":"https:\/\/www.firstcisl.it\/emiliaromagna\/wp-json\/wp\/v2\/types\/post"}],"author":[{"embeddable":true,"href":"https:\/\/www.firstcisl.it\/emiliaromagna\/wp-json\/wp\/v2\/users\/55"}],"replies":[{"embeddable":true,"href":"https:\/\/www.firstcisl.it\/emiliaromagna\/wp-json\/wp\/v2\/comments?post=7519"}],"version-history":[{"count":3,"href":"https:\/\/www.firstcisl.it\/emiliaromagna\/wp-json\/wp\/v2\/posts\/7519\/revisions"}],"predecessor-version":[{"id":7523,"href":"https:\/\/www.firstcisl.it\/emiliaromagna\/wp-json\/wp\/v2\/posts\/7519\/revisions\/7523"}],"wp:featuredmedia":[{"embeddable":true,"href":"https:\/\/www.firstcisl.it\/emiliaromagna\/wp-json\/wp\/v2\/media\/7520"}],"wp:attachment":[{"href":"https:\/\/www.firstcisl.it\/emiliaromagna\/wp-json\/wp\/v2\/media?parent=7519"}],"wp:term":[{"taxonomy":"category","embeddable":true,"href":"https:\/\/www.firstcisl.it\/emiliaromagna\/wp-json\/wp\/v2\/categories?post=7519"},{"taxonomy":"post_tag","embeddable":true,"href":"https:\/\/www.firstcisl.it\/emiliaromagna\/wp-json\/wp\/v2\/tags?post=7519"}],"curies":[{"name":"wp","href":"https:\/\/api.w.org\/{rel}","templated":true}]}}