{"id":7365,"date":"2026-01-27T13:56:30","date_gmt":"2026-01-27T12:56:30","guid":{"rendered":"https:\/\/www.firstcisl.it\/emiliaromagna\/?p=7365"},"modified":"2026-01-27T13:57:12","modified_gmt":"2026-01-27T12:57:12","slug":"il-futuro-dei-pagamenti-dai-servizi-tradizionali-allinnovazione-digitale","status":"publish","type":"post","link":"https:\/\/www.firstcisl.it\/emiliaromagna\/2026\/01\/27\/il-futuro-dei-pagamenti-dai-servizi-tradizionali-allinnovazione-digitale\/","title":{"rendered":"Il futuro dei pagamenti: dai servizi tradizionali all&#8217;innovazione digitale"},"content":{"rendered":"<p>Mercoled\u00ec 28 gennaio a Bologna presso la sala Giorgioni in via amendola 2 si svolger\u00e0 il primo dei due incontri previsti dal <strong>percorso formativo SAP<\/strong> (Sviluppo Alte Professionalit\u00e0) organizzato da DirFirst Emilia Romagna con la collaborazione di First Cisl Emilia Romagna.<\/p>\n<p>Il Professor <strong>Marco Urbani<\/strong>, docente a contratto presso UCSC-MI, ci spiegher\u00e0 come, nell&#8217;era digitale, i sistemi di pagamento evolvono rapidamente ridefinendo il nostro rapporto con i servizi finanziari e trasformando lo scambio di valore.<\/p>\n<div class=\"gsp_post_data\" \r\n\t            data-post_type=\"post\" \r\n\t            data-cat=\"dirfirst-emilia-romagna\" \r\n\t            data-modified=\"120\"\r\n\t            data-created=\"1769522190\"\r\n\t            data-title=\"Il futuro dei pagamenti: dai servizi tradizionali all&#8217;innovazione digitale\" \r\n\t            data-home=\"https:\/\/www.firstcisl.it\/emiliaromagna\"><\/div>","protected":false},"excerpt":{"rendered":"<p>Mercoled\u00ec 28 gennaio a Bologna presso la sala Giorgioni in via amendola 2 si svolger\u00e0 il primo dei due incontri previsti dal percorso formativo SAP (Sviluppo Alte Professionalit\u00e0) organizzato da DirFirst Emilia Romagna con la collaborazione di First Cisl Emilia Romagna. Il Professor Marco Urbani, docente a contratto presso UCSC-MI, ci spiegher\u00e0 come, nell&#8217;era digitale, [&hellip;]<\/p>\n","protected":false},"author":55,"featured_media":7360,"comment_status":"closed","ping_status":"closed","sticky":false,"template":"","format":"standard","meta":{"footnotes":""},"categories":[64],"tags":[],"class_list":["post-7365","post","type-post","status-publish","format-standard","has-post-thumbnail","hentry","category-dirfirst-emilia-romagna"],"_links":{"self":[{"href":"https:\/\/www.firstcisl.it\/emiliaromagna\/wp-json\/wp\/v2\/posts\/7365","targetHints":{"allow":["GET"]}}],"collection":[{"href":"https:\/\/www.firstcisl.it\/emiliaromagna\/wp-json\/wp\/v2\/posts"}],"about":[{"href":"https:\/\/www.firstcisl.it\/emiliaromagna\/wp-json\/wp\/v2\/types\/post"}],"author":[{"embeddable":true,"href":"https:\/\/www.firstcisl.it\/emiliaromagna\/wp-json\/wp\/v2\/users\/55"}],"replies":[{"embeddable":true,"href":"https:\/\/www.firstcisl.it\/emiliaromagna\/wp-json\/wp\/v2\/comments?post=7365"}],"version-history":[{"count":2,"href":"https:\/\/www.firstcisl.it\/emiliaromagna\/wp-json\/wp\/v2\/posts\/7365\/revisions"}],"predecessor-version":[{"id":7367,"href":"https:\/\/www.firstcisl.it\/emiliaromagna\/wp-json\/wp\/v2\/posts\/7365\/revisions\/7367"}],"wp:featuredmedia":[{"embeddable":true,"href":"https:\/\/www.firstcisl.it\/emiliaromagna\/wp-json\/wp\/v2\/media\/7360"}],"wp:attachment":[{"href":"https:\/\/www.firstcisl.it\/emiliaromagna\/wp-json\/wp\/v2\/media?parent=7365"}],"wp:term":[{"taxonomy":"category","embeddable":true,"href":"https:\/\/www.firstcisl.it\/emiliaromagna\/wp-json\/wp\/v2\/categories?post=7365"},{"taxonomy":"post_tag","embeddable":true,"href":"https:\/\/www.firstcisl.it\/emiliaromagna\/wp-json\/wp\/v2\/tags?post=7365"}],"curies":[{"name":"wp","href":"https:\/\/api.w.org\/{rel}","templated":true}]}}