{"id":733,"date":"2017-06-29T11:48:14","date_gmt":"2017-06-29T09:48:14","guid":{"rendered":"http:\/\/www.firstcisl.it\/emiliaromagna\/?p=733"},"modified":"2017-07-10T11:48:39","modified_gmt":"2017-07-10T09:48:39","slug":"dalle-fondazioni-ai-grandi-fondi-stranieri-come-cambiano-i-centri-decisionali-delle-banche","status":"publish","type":"post","link":"https:\/\/www.firstcisl.it\/emiliaromagna\/2017\/06\/29\/dalle-fondazioni-ai-grandi-fondi-stranieri-come-cambiano-i-centri-decisionali-delle-banche\/","title":{"rendered":"Dalle fondazioni ai grandi fondi stranieri: come cambiano i centri decisionali delle banche"},"content":{"rendered":"<p>C&#8217;erano una volte le &#8220;ricche&#8221; fondazioni bancarie&#8230; ora ci sono i grandi fondi istituzionali internazionali, che hanno gran peso, e spesso sono decisivi, nelle assemblee degli azionisti delle banche italiane.<\/p>\n<section class=\"article-content\">Sar\u00e0 stata la &#8220;grande crisi&#8221; post 2007, ancora lungi dall&#8217;essere risolta, sar\u00e0 stata la politica di apertura &#8220;selvaggia&#8221; degli sportelli di fine anni &#8217;90 inizio anni 2000 che ha comportato sovrapposizioni, concorrenza, altissimi costi e bassi ricavi, sar\u00e0 stata e sar\u00e0 la rivoluzione hi-tech con cui le banche si stanno misurando, sar\u00e0 stata la globalizzazione e la concorrenza spietata di competitor non tradizionali (poste ed assicurazioni, finanziarie, banche digitali,colossi &#8220;fintech&#8221;), sar\u00e0, diciamolo, anche per la sfiducia della clientela, preoccupata per il bail in e per l&#8217;instabilit\u00e0 patrimoniale di alcune banche italiane che ha portato a clamorosi dissesti (non a caso First Cisl chiede, e non \u00e8 una provocazione, di introdurre il reato di &#8220;disastro bancario&#8221;, (<strong><a href=\"https:\/\/www.firstcisl.it\/2017\/06\/reato-di-disastro-bancario-la-richiesta-di-romani-oggi-sul-web\/\" target=\"_blank\" rel=\"noopener\">vedi<\/a><\/strong>);\u00a0fatto sta che i tradizionali centri di potere delle banche italiane non sono pi\u00f9 quelli di una volta.<strong><a href=\"http:\/\/www.repubblica.it\/economia\/2017\/06\/19\/news\/i_principali_azionisti_delle_maggiori_banche_italiane-168559472\/\" target=\"_blank\" rel=\"noopener\">Approfondimento<\/a><\/strong>\u00a0su Repubblica Economia a cura di Andrea Greco e Raffaele Ricciardi<\/p>\n<\/section>\n<div class=\"gsp_post_data\" \r\n\t            data-post_type=\"post\" \r\n\t            data-cat=\"news\" \r\n\t            data-modified=\"120\"\r\n\t            data-created=\"1498736894\"\r\n\t            data-title=\"Dalle fondazioni ai grandi fondi stranieri: come cambiano i centri decisionali delle banche\" \r\n\t            data-home=\"https:\/\/www.firstcisl.it\/emiliaromagna\"><\/div>","protected":false},"excerpt":{"rendered":"<p>C&#8217;erano una volte le &#8220;ricche&#8221; fondazioni bancarie&#8230; ora ci sono i grandi fondi istituzionali internazionali, che hanno gran peso, e spesso sono decisivi, nelle assemblee degli azionisti delle banche italiane. Sar\u00e0 stata la &#8220;grande crisi&#8221; post 2007, ancora lungi dall&#8217;essere risolta, sar\u00e0 stata la politica di apertura &#8220;selvaggia&#8221; degli sportelli di fine anni &#8217;90 inizio [&hellip;]<\/p>\n","protected":false},"author":32,"featured_media":735,"comment_status":"closed","ping_status":"closed","sticky":false,"template":"","format":"standard","meta":{"footnotes":""},"categories":[5],"tags":[],"class_list":["post-733","post","type-post","status-publish","format-standard","has-post-thumbnail","hentry","category-news"],"_links":{"self":[{"href":"https:\/\/www.firstcisl.it\/emiliaromagna\/wp-json\/wp\/v2\/posts\/733","targetHints":{"allow":["GET"]}}],"collection":[{"href":"https:\/\/www.firstcisl.it\/emiliaromagna\/wp-json\/wp\/v2\/posts"}],"about":[{"href":"https:\/\/www.firstcisl.it\/emiliaromagna\/wp-json\/wp\/v2\/types\/post"}],"author":[{"embeddable":true,"href":"https:\/\/www.firstcisl.it\/emiliaromagna\/wp-json\/wp\/v2\/users\/32"}],"replies":[{"embeddable":true,"href":"https:\/\/www.firstcisl.it\/emiliaromagna\/wp-json\/wp\/v2\/comments?post=733"}],"version-history":[{"count":2,"href":"https:\/\/www.firstcisl.it\/emiliaromagna\/wp-json\/wp\/v2\/posts\/733\/revisions"}],"predecessor-version":[{"id":736,"href":"https:\/\/www.firstcisl.it\/emiliaromagna\/wp-json\/wp\/v2\/posts\/733\/revisions\/736"}],"wp:featuredmedia":[{"embeddable":true,"href":"https:\/\/www.firstcisl.it\/emiliaromagna\/wp-json\/wp\/v2\/media\/735"}],"wp:attachment":[{"href":"https:\/\/www.firstcisl.it\/emiliaromagna\/wp-json\/wp\/v2\/media?parent=733"}],"wp:term":[{"taxonomy":"category","embeddable":true,"href":"https:\/\/www.firstcisl.it\/emiliaromagna\/wp-json\/wp\/v2\/categories?post=733"},{"taxonomy":"post_tag","embeddable":true,"href":"https:\/\/www.firstcisl.it\/emiliaromagna\/wp-json\/wp\/v2\/tags?post=733"}],"curies":[{"name":"wp","href":"https:\/\/api.w.org\/{rel}","templated":true}]}}