{"id":6553,"date":"2025-03-29T10:39:02","date_gmt":"2025-03-29T09:39:02","guid":{"rendered":"https:\/\/www.firstcisl.it\/emiliaromagna\/?p=6553"},"modified":"2025-03-29T12:01:12","modified_gmt":"2025-03-29T11:01:12","slug":"insieme-per-il-futuro-il-3-congresso-first-cisl-emilia-romagna-elegge-stefano-manzi-segretario-generale-affiancato-da-santa-crisci-e-fabio-bommezzadri","status":"publish","type":"post","link":"https:\/\/www.firstcisl.it\/emiliaromagna\/2025\/03\/29\/insieme-per-il-futuro-il-3-congresso-first-cisl-emilia-romagna-elegge-stefano-manzi-segretario-generale-affiancato-da-santa-crisci-e-fabio-bommezzadri\/","title":{"rendered":"Insieme per il futuro: il 3\u00b0 congresso First Cisl Emilia Romagna elegge Stefano Manzi segretario generale, affiancato da Santa Crisci e Fabio Bommezzadri"},"content":{"rendered":"<p>Nelle giornate del 26 e 27 marzo 2025 si \u00e8 svolto a Bologna il 3\u00b0 Congresso First Cisl Emilia Romagna alla presenza di oltre cento tra delegati ed invitati in rappresentanza dei diversi settori e delle strutture territoriali e aziendali della regione.<\/p>\n<p>La <strong>prima giornata<\/strong> si \u00e8 aperta con la <strong><a href=\"https:\/\/www.firstcisl.it\/2025\/03\/colombani-per-avvicinare-i-giovani-le-banche-riscoprano-la-loro-funzione-sociale\/\" target=\"_blank\" rel=\"noopener\">tavola rotonda<\/a> \u201c<em>Insieme per il futuro: giovani, mondo del lavoro e sindacato<\/em>\u201d<\/strong> che ha proposto uno stimolante confronto sul tema tra il segretario generale <strong>Riccardo Colombani<\/strong> e rappresentanti di aziende di settore del territorio.<\/p>\n<p>Concluso l\u2019evento, la giornata \u00e8 proseguita con l\u2019intervento di alcuni ospiti e dei segretari generali dei territori della regione che hanno salutato il segretario generale uscente Daniele Bedogni premiandolo con un riconoscimento consegnato da Leonello Boschiroli a nome di tutti i presenti.<\/p>\n<p>Coordinati dalla presidenza di <strong>Giorgio Camoni<\/strong> gli interventi si sono aperti con <strong>Mauro Fanan<\/strong> (DirFirst Nazionale) che ha invitato le aziende bancarie a cambiare il proprio approccio alle persone per tornare ad esser attrattive verso i giovani.<\/p>\n<p>Successivamente hanno portato il loro contributo i <strong>segretari territoriali<\/strong> a partire da <strong>Valentina Brandi<\/strong> <strong>(Romagna)<\/strong> che ha sottolineato il grande lavoro di squadra dei propri dirigenti sindacali auspicando la continuazione del percorso di collaborazione tra territori e l\u2019investimento nella formazione dei quadri sindacali. <strong>Alberto Vignali (Area Metropolitana Bologna e Ferrara)<\/strong> ha preso spunto dal titolo del congresso, ribadendo come la parola chiave non possa che essere \u201cinsieme\u201d, uno slogan che riflette perfettamente tutto il lavoro degli ultimi anni caratterizzati da un percorso condiviso e da un clima di collaborazione che deve continuare nel prossimo futuro. Ha poi proseguito <strong>Leonello Boschiroli (Emilia centrale)<\/strong> ricordando come la base di partenza debba sempre essere la formazione, un punto di forza su cui la regione deve continuare ad investire, unitamente al monitoraggio della desertificazione bancaria che avanza inesorabile nei comuni in zone pi\u00f9 disagiate. Infine, <strong>Cosimo Vaglio (Parma e Piacenza)<\/strong>, ha sottolineato la sfida che attende la nuova segreteria territoriale che punta a coinvolgere pi\u00f9 dirigenti possibili sfruttando le competenze dei singoli a beneficio di tutti.<\/p>\n<p>Conclusi gli interventi dei segretari territoriali il segretario uscente <strong>Daniele Bedogni<\/strong> ha aperto la propria relazione tracciando un bilancio del triennio evidenziando come il mondo del lavoro stia attraversando trasformazioni profonde anche in regione, dove l\u2019aumento della desertificazione, le fusioni aziendali, i cambiamenti nel settore delle banche di credito cooperativo, le tensioni del settore assicurativo richiedono continua attenzione ed un costante lavoro di supporto da parte del regionale.<\/p>\n<p>Bedogni ha poi sottolineato l\u2019importanza di progettare insieme il futuro: \u201c<em>\u00c8 quello che abbiamo cercato di fare in questi tre anni: ripensare la struttura sindacale insieme, dando parola a ciascuna\/o a tutti i livelli, per rendere First Emilia Romagna pi\u00f9 adatta per affrontare le sfide future.<\/em>\u201d<\/p>\n<p>Per fare questo \u00e8 stato realizzato FIRST CF2030, un percorso di analisi, studio e progettazione che ha coinvolto dirigenti di tutti i livelli, ruoli ed et\u00e0 per individuare gli strumenti e la struttura organizzativa capace di affrontare le sfide del prossimo futuro. Bedogni ha poi ricordato i principali eventi di cui la struttura regionale \u00e8 stata promotrice nel corso del mandato concludendo con un sentito ringraziamento a tutti i propri collaboratori con un emozionante saluto accolto dal lungo applauso della platea.<\/p>\n<p>In chiusura della giornata il congresso regionale ha ospitato l\u2019intervento del segretario generale <strong>Riccardo Colombani<\/strong> che ha stimolato la platea a mantenere una visione attenta su tutti i quattro comparti dell\u2019organizzazione, in particolare sul settore assicurativo il cui modello rischia di essere messo fortemente in discussione dalla concorrenza delle stesse banche con possibili conseguenze su lavoratrici e lavoratori.<\/p>\n<p>Colombani ha sottolineato gli ottimi risultati ottenuti in tema di retribuzione dal rinnovo contrattuale esortando aziende e gruppi a continuare il percorso verso una redistribuzione della redditivit\u00e0 da rivendicare anche nel secondo livello. Una attenzione che deve essere tenuta alta anche sul modello di partecipazione che viene proposto dalle aziende, non sempre in linea con quanto pensato dalla Cisl, ricordando che sono necessarie competenze, studio e approfondimenti per i quali il successo della neonata scuola sindacale pu\u00f2 fungere da stimolo ed esempio.<\/p>\n<p>Prima di concludere rivolgendo un sentito ringraziamento a Daniele Bedogni per la dedizione dimostrata, Colombani ha sottolineato come sia tempo di valorizzare il ruolo del sindacalista anche tramite un percorso professionale definito con i datori di lavoro, una strada che consentir\u00e0 una maggior attrattivit\u00e0 del sindacato per i giovani ed un completo riconoscimento sociale del ruolo.<\/p>\n<p>La seconda giornata \u00e8 stata caratterizzata dagli adempimenti congressuali integrati dagli interventi di <strong>Gian Luis Del Bello Nava<\/strong> (Dipartimento Informazione e comunicazione), <strong>Andrea Paterlini<\/strong> (Dipartimento formazione e ricerca) e di <strong>Federica Pattini<\/strong> (Coordinamento donne e politiche di parit\u00e0 e di genere) che hanno ricordato l\u2019importanza delle fondamentali sinergie tra le strutture che hanno consentito un lavoro di squadra complementare ed efficace.<\/p>\n<p>Hanno portato il loro contributo per i settori anche <strong>Stefano Grillini (<\/strong>EsoFirst), <strong>Davide Marconi<\/strong> (DirFirst) e <strong>Stefano Nannetti<\/strong> (CooperFirst) oltre ad <strong>Andrea Cortesi<\/strong> e <strong>Tamara Cvetkovic<\/strong> (Iscos Emilia Romagna) che hanno illustrato le attivit\u00e0 dell\u2019ente di cooperazione internazionale sostenuto dalla Cisl.<\/p>\n<p><strong>Filippo Pieri<\/strong> segretario Usr Cisl regionale ha apprezzato il coinvolgimento delle scuole nella tavola rotonda come momento fondamentale di ascolto delle nuove generazioni per progettare un futuro che tenga conto dei protagonisti stessi. Pieri ha poi esortato la platea sindacale a fare rete dentro e fuori la categoria con un approccio confederale ai tanti temi che molto spesso sono trasversali.<\/p>\n<p>Al termine dell\u2019ampio e costruttivo dibattito dei delegati che hanno sottolineato il clima positivo di collaborazione che si respira all\u2019interno della regione, le votazioni hanno definito il rinnovo del consiglio direttivo e l\u2019elezione della nuova segreteria con <strong>Stefano Manzi<\/strong> nel ruolo di Segretario generale, affiancato da <strong>Santa Crisci<\/strong> e <strong>Fabio Bommezzadri<\/strong>.<\/p>\n<p>Concludendo le due giornate congressuali, il neosegretario generale regionale <strong>Stefano Manzi<\/strong> ha sottolineato che \u201c<em>In questo nuovo mandato congressuale raccogliamo la cruciale sfida dell&#8217;innovazione tecnologica nel settore bancario e assicurativo, facendoci trovare pronti ad assistere e rappresentare i lavoratori del settore attraverso la continua formazione delle e dei rappresentanti sindacali ed una contrattazione pi\u00f9 competente ed incisiva sui tavoli negoziali<\/em>.\u201d<\/p>\n<p>Manzi ha poi proseguito sottolineando anche che il sindacato regionale \u201c<em>Intende proseguire il progressivo rinnovo degli organismi e dei quadri sindacali, senza per questo rinunciare all&#8217;esperienza maturata sul campo da parte dei pi\u00f9 anziani che, nel nostro progetto, saranno la guida pi\u00f9 preziosa per le nuove leve, in una visione inclusiva di sindacato, dove ognuno deve dare il meglio di s\u00e9, a prescindere dalla provenienza e dall&#8217;et\u00e0, nell&#8217;interesse dei nostri iscritti.<\/em>\u201d<\/p>\n<p>In conclusione Manzi ha sottolineato la propria soddisfazione per il traguardo raggiunto: \u201c<em>Personalmente, sono onorato e felice dell&#8217;incarico che mi \u00e8 stato conferito, in continuit\u00e0 con il precedente, e metter\u00f2 a disposizione dell&#8217;organizzazione il mio impegno e la mia esperienza, chiedendo per\u00f2 a tutti i sindacalisti First Cisl dell&#8217;Emilia Romagna di partecipare: una partecipazione che si estrinsechi con la critica costruttiva, con l&#8217;apporto di proposte nuove e con la condivisione di idee, programmi, progetti<\/em>.\u201d<\/p>\n<p>&nbsp;<\/p>\n<p>La foto-gallery del 26 marzo 2025<\/p>\n<p>[vc_gallery interval=&#8221;3&#8243; images=&#8221;6579,6562,6563,6564,6565,6566,6567,6568,6569,6570,6571,6572,6573,6574,6575,6576,6577,6578,6580,6581,6582,6583,6584,6600,6585,6586,6587,6588,6589,6590,6591,6601,6592,6593,6596,6594,6595,6597,6598,6599&#8243; img_size=&#8221;large&#8221; css_animation=&#8221;fadeIn&#8221;]<\/p>\n<p>La foto-gallery del 27 marzo 2025<\/p>\n<p>[vc_gallery interval=&#8221;3&#8243; images=&#8221;6651,6650,6649,6648,6647,6646,6645,6644,6643,6642,6641,6640,6639,6638,6637,6636,6635,6634,6633,6632,6631,6630,6629,6628,6627,6626,6625,6624,6623,6622,6621,6620,6619,6618,6617,6616,6615,6614,6613,6612,6611,6610,6609,6608,6607,6606&#8243; img_size=&#8221;large&#8221; css_animation=&#8221;fadeIn&#8221;]<\/p>\n<p>La foto-gallery del Flash mob \u201cAnche questa \u00e8 molestia\u201d<\/p>\n<p>[vc_gallery interval=&#8221;3&#8243; images=&#8221;6652,6653,6654,6655,6656,6657,6658,6659,6660,6661,6662,6663&#8243; img_size=&#8221;large&#8221; css_animation=&#8221;fadeIn&#8221;]<\/p>\n<p>&nbsp;<\/p>\n<div class=\"gsp_post_data\" \r\n\t            data-post_type=\"post\" \r\n\t            data-cat=\"congressi\" \r\n\t            data-modified=\"120\"\r\n\t            data-created=\"1743244742\"\r\n\t            data-title=\"Insieme per il futuro: il 3\u00b0 congresso First Cisl Emilia Romagna elegge Stefano Manzi segretario generale, affiancato da Santa Crisci e Fabio Bommezzadri\" \r\n\t            data-home=\"https:\/\/www.firstcisl.it\/emiliaromagna\"><\/div>","protected":false},"excerpt":{"rendered":"<p>Nelle giornate del 26 e 27 marzo 2025 si \u00e8 svolto a Bologna il 3\u00b0 Congresso First Cisl Emilia Romagna alla presenza di oltre cento tra delegati ed invitati in rappresentanza dei diversi settori e delle strutture territoriali e aziendali della regione. La prima giornata si \u00e8 aperta con la tavola rotonda \u201cInsieme per il [&hellip;]<\/p>\n","protected":false},"author":55,"featured_media":6606,"comment_status":"closed","ping_status":"closed","sticky":false,"template":"","format":"standard","meta":{"footnotes":""},"categories":[58],"tags":[],"class_list":["post-6553","post","type-post","status-publish","format-standard","has-post-thumbnail","hentry","category-congressi"],"_links":{"self":[{"href":"https:\/\/www.firstcisl.it\/emiliaromagna\/wp-json\/wp\/v2\/posts\/6553","targetHints":{"allow":["GET"]}}],"collection":[{"href":"https:\/\/www.firstcisl.it\/emiliaromagna\/wp-json\/wp\/v2\/posts"}],"about":[{"href":"https:\/\/www.firstcisl.it\/emiliaromagna\/wp-json\/wp\/v2\/types\/post"}],"author":[{"embeddable":true,"href":"https:\/\/www.firstcisl.it\/emiliaromagna\/wp-json\/wp\/v2\/users\/55"}],"replies":[{"embeddable":true,"href":"https:\/\/www.firstcisl.it\/emiliaromagna\/wp-json\/wp\/v2\/comments?post=6553"}],"version-history":[{"count":15,"href":"https:\/\/www.firstcisl.it\/emiliaromagna\/wp-json\/wp\/v2\/posts\/6553\/revisions"}],"predecessor-version":[{"id":6672,"href":"https:\/\/www.firstcisl.it\/emiliaromagna\/wp-json\/wp\/v2\/posts\/6553\/revisions\/6672"}],"wp:featuredmedia":[{"embeddable":true,"href":"https:\/\/www.firstcisl.it\/emiliaromagna\/wp-json\/wp\/v2\/media\/6606"}],"wp:attachment":[{"href":"https:\/\/www.firstcisl.it\/emiliaromagna\/wp-json\/wp\/v2\/media?parent=6553"}],"wp:term":[{"taxonomy":"category","embeddable":true,"href":"https:\/\/www.firstcisl.it\/emiliaromagna\/wp-json\/wp\/v2\/categories?post=6553"},{"taxonomy":"post_tag","embeddable":true,"href":"https:\/\/www.firstcisl.it\/emiliaromagna\/wp-json\/wp\/v2\/tags?post=6553"}],"curies":[{"name":"wp","href":"https:\/\/api.w.org\/{rel}","templated":true}]}}