{"id":6185,"date":"2024-11-28T21:28:30","date_gmt":"2024-11-28T20:28:30","guid":{"rendered":"https:\/\/www.firstcisl.it\/emiliaromagna\/?p=6185"},"modified":"2024-11-28T21:28:30","modified_gmt":"2024-11-28T20:28:30","slug":"corso-per-neo-attivisti-sin-dentro-2024","status":"publish","type":"post","link":"https:\/\/www.firstcisl.it\/emiliaromagna\/2024\/11\/28\/corso-per-neo-attivisti-sin-dentro-2024\/","title":{"rendered":"Corso per neo-attivisti Sin-Dentro 2024"},"content":{"rendered":"<p>Anche quest\u2019anno First Cisl Emilia Romagna ha promosso e organizzato <strong>il corso per neo-sindacaliste\/i Sin-Dentro<\/strong>, un evento formativo che si pone da sempre l\u2019obiettivo di preparare le nuove e i nuovi rappresentanti sindacali.<\/p>\n<p>Il corso si \u00e8 tenuto dal 18 novembre 2024 al 20 novembre 2024 a Riccione.<\/p>\n<p><strong>Daniele Bedogni<\/strong>, segretario generale First Cisl Emilia Romagna, e <strong>Stefano Manzi<\/strong>, segretario generale aggiunto First Cisl Emilia Romagna, hanno salutato le discenti e i discenti &#8211; 6 persone della nostra regione e 2 persone provenienti dalla regione Abruzzo &#8211; con interventi appassionati e stimolanti, sottolineando l\u2019importanza del loro impegno e del ruolo centrale che ciascuno di loro ricoprir\u00e0 nel rafforzare la rappresentanza sindacale sul territorio.<\/p>\n<p>A sorpresa \u00e8 intervenuto anche il segretario generale First Cisl <strong>Riccardo Colombani<\/strong> che ha parlato di partecipazione come pilastro fondamentale dell\u2019azione sindacale, evidenziando quanto sia cruciale coinvolgere lavoratrici e lavoratori nei processi decisionali per garantire una rappresentanza autentica e incisiva.<\/p>\n<p>Colombani ha sottolineato che solo attraverso un dialogo costante, la condivisione di obiettivi comuni e l\u2019impegno attivo si possono affrontare con successo le sfide del cambiamento e costruire un futuro lavorativo pi\u00f9 equo e sostenibile. Le sue parole hanno ispirato i presenti, rafforzando il senso di appartenenza e l\u2019importanza di agire come comunit\u00e0 sindacale unita e determinata.<\/p>\n<p>Terminati i saluti, il Dipartimento Formazione e ricerca, diretto dal responsabile <strong>Andrea Paterlini<\/strong>, coadiuvato da <strong>Rosella Amerini<\/strong> e <strong>Elisa de Carolis<\/strong>, ha avviato i lavori formativi<\/p>\n<p>mirati a sviluppare efficaci competenze sindacali e la piena consapevolezza del ruolo strategico della Cisl nel mondo del lavoro.<\/p>\n<p>Questo percorso formativo ha permesso di approfondire non solo gli aspetti organizzativi e operativi, ma anche il valore del dialogo sociale, della partecipazione e della difesa dei diritti, preparando i nuovi quadri sindacali ad affrontare le sfide con professionalit\u00e0 e determinazione.<\/p>\n<p>Il corso, come di consueto, si \u00e8 svolto attraverso poche lezioni frontali e molti lavori individuali e di gruppo; di grande importanza sono stati gli interventi dei due \u201ctestimoni\u201d\u00a0<strong>Lucia Sacco<\/strong>, segretaria First Cisl Emilia Centrale\u00a0e\u00a0<strong>Manuel Gallini<\/strong>, componente della segreteria First Cisl Gruppo Credem, i quali, grazie alla loro diretta esperienza nelle aziende sul territorio hanno saputo trasmettere una visione concreta e autentica delle dinamiche del mondo del lavoro, evidenziando le sfide e le opportunit\u00e0 legate alla rappresentanza sindacale.<\/p>\n<p>Attraverso i loro racconti, frutto di esperienze personali, le partecipanti e i partecipanti hanno potuto comprendere l\u2019importanza del dialogo, della contrattazione e della tutela dei diritti dei lavoratori, arricchendo il corso con prospettive pratiche e spunti utili per il proprio percorso professionale.<\/p>\n<p>Sul tema della comunicazione efficace e degli ostacoli che possono comprometterla si \u00e8 soffermato <strong>Gian Luis Del Bello Nava<\/strong>, responsabile del Dipartimento Informazione e comunicazione di First Cisl Emilia Romagna. Durante il suo intervento, ha evidenziato l\u2019importanza di un linguaggio chiaro e inclusivo, capace di trasmettere messaggi in modo diretto e coinvolgente, soprattutto in un contesto sindacale dove la comprensione e l\u2019empatia sono fondamentali.<\/p>\n<p>Infine, <strong>Federica Pattini<\/strong>, responsabile del Coordinamento donne, politiche di parit\u00e0 e di genere, ha presentato un focus sulle violenze e molestie di genere e sessuali sui luoghi di lavoro e gli strumenti da utilizzare per prevenire, contrastare e supportare le vittime di queste gravi violazioni. Pattini ha sottolineato l\u2019importanza di promuovere una cultura aziendale basata sul rispetto e sull\u2019inclusione, illustrando le normative vigenti e i protocolli operativi che i rappresentanti sindacali possono adottare per intervenire in modo efficace.<\/p>\n<p>Ha inoltre approfondito il ruolo cruciale della formazione e della sensibilizzazione, sia tra i lavoratori che tra i datori di lavoro, come strumenti fondamentali per creare ambienti lavorativi sicuri e dignitosi. Il suo intervento ha stimolato un dialogo profondo tra i partecipanti, rafforzando la consapevolezza dell\u2019impegno necessario per tutelare i diritti delle lavoratrici e dei lavoratori, promuovendo parit\u00e0 e giustizia sul posto di lavoro.<\/p>\n<p>La formazione \u00e8 da sempre un cardine fondamentale dell\u2019azione di First Cisl Emilia Romagna. Senza di essa, verrebbe meno la promessa di assistere le persone in ogni fase della loro vita lavorativa e personale. Al tempo stesso, rappresenta un\u2019occasione preziosa per avviare un confronto vivace sulle tematiche sindacali e per rafforzare il senso di appartenenza a un gruppo di persone unite da valori comuni, come la solidariet\u00e0, la giustizia sociale e la tutela della dignit\u00e0 del lavoro.<\/p>\n<p>\u00c8 attraverso questi momenti di scambio e di approfondimento che si rafforza il senso di comunit\u00e0 e si costruisce una rete di relazioni basata sulla condivisione di esperienze e obiettivi. La formazione, quindi, non \u00e8 solo trasmissione di competenze, ma un percorso di crescita collettiva, capace di ispirare e motivare le sindacaliste e i sindacalisti a svolgere il loro ruolo con passione e responsabilit\u00e0.<\/p>\n<p>Infine, con parole incisive e motivanti, <strong>Bedogni<\/strong> e <strong>Manzi<\/strong> hanno esortato i partecipanti a mettere a frutto le competenze acquisite durante il corso, ricordando loro che la formazione \u00e8 il primo passo verso un\u2019azione sindacale efficace e consapevole. I loro interventi hanno trasmesso entusiasmo e determinazione, ispirando le discenti e i discenti a contribuire attivamente alla costruzione di un sindacato vicino alle persone e capace di affrontare le sfide del futuro.<\/p>\n<p>La segreteria First Cisl Emilia Romagna augura buon lavoro alle discenti e ai discenti che hanno partecipato al corso Sin-Dentro 2024, che si completer\u00e0 nel 2025 con un modulo online sincrono e una giornata conclusiva in presenza.<\/p>\n<p>[vc_gallery interval=&#8221;3&#8243; images=&#8221;6192,6193,6194,6195,6196,6197,6198,6199,6200,6201,6202,6203,6204,6205,6206,6207,6208,6209,6210,6211,6212,6213,6214,6215,6216,6217&#8243; img_size=&#8221;large&#8221; css_animation=&#8221;fadeIn&#8221;]<\/p>\n<div id=\"gtx-trans\" style=\"position: absolute; left: 300px; top: 1343px;\">\n<div class=\"gtx-trans-icon\"><\/div>\n<\/div>\n<div class=\"gsp_post_data\" \r\n\t            data-post_type=\"post\" \r\n\t            data-cat=\"sin-dentro\" \r\n\t            data-modified=\"120\"\r\n\t            data-created=\"1732829310\"\r\n\t            data-title=\"Corso per neo-attivisti Sin-Dentro 2024\" \r\n\t            data-home=\"https:\/\/www.firstcisl.it\/emiliaromagna\"><\/div>","protected":false},"excerpt":{"rendered":"<p>Anche quest\u2019anno First Cisl Emilia Romagna ha promosso e organizzato il corso per neo-sindacaliste\/i Sin-Dentro, un evento formativo che si pone da sempre l\u2019obiettivo di preparare le nuove e i nuovi rappresentanti sindacali. Il corso si \u00e8 tenuto dal 18 novembre 2024 al 20 novembre 2024 a Riccione. Daniele Bedogni, segretario generale First Cisl Emilia [&hellip;]<\/p>\n","protected":false},"author":55,"featured_media":6191,"comment_status":"closed","ping_status":"closed","sticky":false,"template":"","format":"standard","meta":{"footnotes":""},"categories":[46],"tags":[],"class_list":["post-6185","post","type-post","status-publish","format-standard","has-post-thumbnail","hentry","category-sin-dentro"],"_links":{"self":[{"href":"https:\/\/www.firstcisl.it\/emiliaromagna\/wp-json\/wp\/v2\/posts\/6185","targetHints":{"allow":["GET"]}}],"collection":[{"href":"https:\/\/www.firstcisl.it\/emiliaromagna\/wp-json\/wp\/v2\/posts"}],"about":[{"href":"https:\/\/www.firstcisl.it\/emiliaromagna\/wp-json\/wp\/v2\/types\/post"}],"author":[{"embeddable":true,"href":"https:\/\/www.firstcisl.it\/emiliaromagna\/wp-json\/wp\/v2\/users\/55"}],"replies":[{"embeddable":true,"href":"https:\/\/www.firstcisl.it\/emiliaromagna\/wp-json\/wp\/v2\/comments?post=6185"}],"version-history":[{"count":5,"href":"https:\/\/www.firstcisl.it\/emiliaromagna\/wp-json\/wp\/v2\/posts\/6185\/revisions"}],"predecessor-version":[{"id":6219,"href":"https:\/\/www.firstcisl.it\/emiliaromagna\/wp-json\/wp\/v2\/posts\/6185\/revisions\/6219"}],"wp:featuredmedia":[{"embeddable":true,"href":"https:\/\/www.firstcisl.it\/emiliaromagna\/wp-json\/wp\/v2\/media\/6191"}],"wp:attachment":[{"href":"https:\/\/www.firstcisl.it\/emiliaromagna\/wp-json\/wp\/v2\/media?parent=6185"}],"wp:term":[{"taxonomy":"category","embeddable":true,"href":"https:\/\/www.firstcisl.it\/emiliaromagna\/wp-json\/wp\/v2\/categories?post=6185"},{"taxonomy":"post_tag","embeddable":true,"href":"https:\/\/www.firstcisl.it\/emiliaromagna\/wp-json\/wp\/v2\/tags?post=6185"}],"curies":[{"name":"wp","href":"https:\/\/api.w.org\/{rel}","templated":true}]}}