{"id":6099,"date":"2024-08-02T07:30:57","date_gmt":"2024-08-02T05:30:57","guid":{"rendered":"https:\/\/www.firstcisl.it\/emiliaromagna\/?p=6099"},"modified":"2024-08-01T19:14:15","modified_gmt":"2024-08-01T17:14:15","slug":"2-agosto-first-cisl-emilia-romagna-ricorda-le-vittime-e-i-feriti-della-strage","status":"publish","type":"post","link":"https:\/\/www.firstcisl.it\/emiliaromagna\/2024\/08\/02\/2-agosto-first-cisl-emilia-romagna-ricorda-le-vittime-e-i-feriti-della-strage\/","title":{"rendered":"2 agosto,  First Cisl Emilia Romagna ricorda le vittime e i feriti della strage"},"content":{"rendered":"<p>Il\u00a0<strong>2 agosto<\/strong>\u00a0\u00e8 una data significativa per la citt\u00e0 di Bologna, poich\u00e9 commemora la\u00a0<strong>strage <\/strong>avvenuta<strong> alla stazione di Bologna<\/strong> nel\u00a01980.<\/p>\n<p>La\u00a0strage di Bologna\u00a0fu un\u00a0attentato\u00a0di matrice\u00a0neofascista: una bomba, contenuta in una valigetta abbandonata nella sala d&#8217;aspetto della seconda classe, esplose <strong>uccidendo 85 persone e ferendone oltre 200<\/strong>.<\/p>\n<p>L\u2019esplosione caus\u00f2 il crollo dell\u2019intera ala ovest della stazione, invest\u00ec il treno Ancona &#8211; Chiasso in sosta al primo binario e danneggi\u00f2 il parcheggio dei taxi.<\/p>\n<p>I soccorsi furono immediati: passanti, ferrovieri e tassisti prima e sanitari, vigili del fuoco e soldati di leva subito dopo si adoperarono per togliere detriti, liberare la zona, assistere i feriti e scavare sotto le macerie.<\/p>\n<p>La segreteria di First Cisl Emilia Romagna vuole mantenere viva la memoria storica di quanto accaduto, ricordando tutte le 85 vittime e tutti i feriti.<\/p>\n<p>&nbsp;<\/p>\n<hr \/>\n<p>Qui il <strong><a href=\"https:\/\/www.comune.bologna.it\/notizie\/2-agosto-2024\" target=\"_blank\" rel=\"noopener\">programma degli appuntamenti<\/a><\/strong> per commemorare il 44\u00b0 anniversario della strage<\/p>\n<p>Qui il <strong><a href=\"https:\/\/stragi.it\/\" target=\"_blank\" rel=\"noopener\">sito web<\/a><\/strong> dedicato alla strage di Bologna<\/p>\n<p>&nbsp;<\/p>\n<div class=\"gsp_post_data\" \r\n\t            data-post_type=\"post\" \r\n\t            data-cat=\"in-primo-piano\" \r\n\t            data-modified=\"120\"\r\n\t            data-created=\"1722583857\"\r\n\t            data-title=\"2 agosto,  First Cisl Emilia Romagna ricorda le vittime e i feriti della strage\" \r\n\t            data-home=\"https:\/\/www.firstcisl.it\/emiliaromagna\"><\/div>","protected":false},"excerpt":{"rendered":"<p>Il\u00a02 agosto\u00a0\u00e8 una data significativa per la citt\u00e0 di Bologna, poich\u00e9 commemora la\u00a0strage avvenuta alla stazione di Bologna nel\u00a01980. La\u00a0strage di Bologna\u00a0fu un\u00a0attentato\u00a0di matrice\u00a0neofascista: una bomba, contenuta in una valigetta abbandonata nella sala d&#8217;aspetto della seconda classe, esplose uccidendo 85 persone e ferendone oltre 200. L\u2019esplosione caus\u00f2 il crollo dell\u2019intera ala ovest della stazione, invest\u00ec [&hellip;]<\/p>\n","protected":false},"author":55,"featured_media":6102,"comment_status":"closed","ping_status":"closed","sticky":false,"template":"","format":"standard","meta":{"footnotes":""},"categories":[4],"tags":[],"class_list":["post-6099","post","type-post","status-publish","format-standard","has-post-thumbnail","hentry","category-in-primo-piano"],"_links":{"self":[{"href":"https:\/\/www.firstcisl.it\/emiliaromagna\/wp-json\/wp\/v2\/posts\/6099","targetHints":{"allow":["GET"]}}],"collection":[{"href":"https:\/\/www.firstcisl.it\/emiliaromagna\/wp-json\/wp\/v2\/posts"}],"about":[{"href":"https:\/\/www.firstcisl.it\/emiliaromagna\/wp-json\/wp\/v2\/types\/post"}],"author":[{"embeddable":true,"href":"https:\/\/www.firstcisl.it\/emiliaromagna\/wp-json\/wp\/v2\/users\/55"}],"replies":[{"embeddable":true,"href":"https:\/\/www.firstcisl.it\/emiliaromagna\/wp-json\/wp\/v2\/comments?post=6099"}],"version-history":[{"count":1,"href":"https:\/\/www.firstcisl.it\/emiliaromagna\/wp-json\/wp\/v2\/posts\/6099\/revisions"}],"predecessor-version":[{"id":6101,"href":"https:\/\/www.firstcisl.it\/emiliaromagna\/wp-json\/wp\/v2\/posts\/6099\/revisions\/6101"}],"wp:featuredmedia":[{"embeddable":true,"href":"https:\/\/www.firstcisl.it\/emiliaromagna\/wp-json\/wp\/v2\/media\/6102"}],"wp:attachment":[{"href":"https:\/\/www.firstcisl.it\/emiliaromagna\/wp-json\/wp\/v2\/media?parent=6099"}],"wp:term":[{"taxonomy":"category","embeddable":true,"href":"https:\/\/www.firstcisl.it\/emiliaromagna\/wp-json\/wp\/v2\/categories?post=6099"},{"taxonomy":"post_tag","embeddable":true,"href":"https:\/\/www.firstcisl.it\/emiliaromagna\/wp-json\/wp\/v2\/tags?post=6099"}],"curies":[{"name":"wp","href":"https:\/\/api.w.org\/{rel}","templated":true}]}}