{"id":6011,"date":"2024-04-19T14:55:41","date_gmt":"2024-04-19T12:55:41","guid":{"rendered":"https:\/\/www.firstcisl.it\/emiliaromagna\/?p=6011"},"modified":"2024-04-19T14:55:41","modified_gmt":"2024-04-19T12:55:41","slug":"accordo-sul-contratto-integrativo-di-gruppo-iccrea-interessati-oltre-2000-lavoratori-della-nostra-regione","status":"publish","type":"post","link":"https:\/\/www.firstcisl.it\/emiliaromagna\/2024\/04\/19\/accordo-sul-contratto-integrativo-di-gruppo-iccrea-interessati-oltre-2000-lavoratori-della-nostra-regione\/","title":{"rendered":"Accordo sul Contratto integrativo di gruppo Iccrea: interessati oltre 2000 lavoratori della nostra regione"},"content":{"rendered":"<p>First Cisl ha firmato nella notte, insieme agli altri sindacati del credito, il Contratto integrativo con Iccrea. L\u2019accordo \u00e8 il primo nel gruppo dalla riforma del credito cooperativo ed interessa oltre 22mila lavoratrici e lavoratori, <strong>pi\u00f9 di 2mila sul nostro territorio<\/strong>.<\/p>\n<p>Il settore del <strong>credito cooperativo<\/strong> \u00e8 stato fondamentale in questi anni per <strong><a href=\"https:\/\/www.firstcisl.it\/emiliaromagna\/2023\/04\/20\/banche-in-fuga-intervista-a-stefano-manzi-segretario-aggiunto-first-cisl-emilia-romagna\/\" target=\"_blank\" rel=\"noopener\">riempire i vuoti lasciati dalla ritirata nella nostra regione delle grandi banche<\/a><\/strong>, anche <strong>grazie anche al lavoro svolto, alla professionalit\u00e0 e alle competenze delle dipendenti e dei dipendenti<\/strong>.<\/p>\n<p>Era importante per First Cisl, dunque, continuare a svolgere il proprio ruolo di tutela e di rappresentanza anche in fase contrattuale, ponendo attenzione alla specificit\u00e0 che caratterizza questo settore in continuit\u00e0 con i valori e la storia del Credito Cooperativo.<\/p>\n<p>L&#8217;accordo <strong>armonizza i trattamenti delle Banche di Credito Cooperativo<\/strong> (Bcc) all&#8217;interno del gruppo, regolando questioni come i ticket pasto, la mobilit\u00e0 e il welfare. Ci\u00f2 rappresenta il completamento di un percorso iniziato nel maggio 2023 con un accordo sperimentale sulla produttivit\u00e0 aziendale e nel dicembre 2022 con uno sullo smart working. <strong>Le materie non trattate nel contratto integrativo continueranno ad essere regolate dagli accordi aziendali o regionali<\/strong>.<\/p>\n<p>Di seguito, vengono riassunte in sintesi le caratteristiche principali dell&#8217;accordo riguardanti i tre argomenti discussi:<\/p>\n<p><strong>Ticket pasto:<\/strong> vengono definiti importi specifici per le lavoratrici e i lavoratori a tempo pieno e part-time, considerando anche modalit\u00e0 di lavoro agile e permessi genitoriali di legge, permessi per volontariato e telelavoro .<\/p>\n<p><strong>Mobilit\u00e0 territoriale:<\/strong> per le lavoratrici ed i lavoratori che abbiano maturato almeno 3 anni di anzianit\u00e0 nel gruppo si prevede un&#8217;indennit\u00e0 economica per i trasferimenti su iniziativa aziendale a una distanza superiore a 50 km dalla residenza\/domicilio abituale, con criteri specifici di calcolo.<\/p>\n<p><strong>Mobilit\u00e0 infragruppo:<\/strong> la capogruppo si impegna a creare un portale per pubblicizzare le posizioni lavorative libere all&#8217;interno del gruppo bancario, per favorire opportunit\u00e0 professionali.<\/p>\n<p><strong>Misure di welfare:<\/strong> vengono individuati benefici e servizi quali coperture assicurative, Fondo pensione nazionale e programmi di prevenzione e salute.<\/p>\n<p>First Cisl ha giocato un ruolo centrale nella negoziazione, con un impegno costante per garantire la massima tutela dei lavoratori, mantenendo intatti i risultati ottenuti in passato. L&#8217;importanza di questo lavoro \u00e8 sottolineata nel preservare la storia e i valori del Credito Cooperativo.<\/p>\n<p>Ora spetta alle lavoratrici e ai lavoratori esprimere il loro giudizio sull&#8217;accordo, mentre First Cisl si prepara, insieme agli altri sindacati interessati, al rinnovo del Contratto collettivo nazionale dei lavoratori.<\/p>\n<p>&nbsp;<\/p>\n<hr \/>\n<p>Il <strong><a href=\"https:\/\/www.firstcisl.it\/2024\/04\/iccrea-firmato-il-primo-contratto-integrativo-di-gruppo-first-cisl-grande-risultato-per-lavoratrici-e-lavoratori\/\" target=\"_blank\" rel=\"noopener\">comunicato<\/a><\/strong> di First Cisl<\/p>\n<p>Il\u00a0<strong><a href=\"https:\/\/www.firstcisl.it\/creditocooperativo\/wp-content\/uploads\/sites\/18\/2024\/04\/Comunicato_Iccrea_20240419_Conclusione_accordo_Cig.pdf\" target=\"_blank\" rel=\"noopener\">comunicato<\/a><\/strong>\u00a0di First Cisl Gruppo Iccrea<\/p>\n<p>L\u2019<strong><a href=\"https:\/\/www.firstcisl.it\/creditocooperativo\/wp-content\/uploads\/sites\/18\/2024\/04\/Ipotesi_di_accordo_Iccrea_20240419_Cig.pdf\">ipotesi di accordo<\/a><\/strong>\u00a0del Contratto integrativo di Gruppo Bancario Cooperativo Iccrea<\/p>\n<p>&nbsp;<\/p>\n<div class=\"gsp_post_data\" \r\n\t            data-post_type=\"post\" \r\n\t            data-cat=\"in-primo-piano\" \r\n\t            data-modified=\"120\"\r\n\t            data-created=\"1713538541\"\r\n\t            data-title=\"Accordo sul Contratto integrativo di gruppo Iccrea: interessati oltre 2000 lavoratori della nostra regione\" \r\n\t            data-home=\"https:\/\/www.firstcisl.it\/emiliaromagna\"><\/div>","protected":false},"excerpt":{"rendered":"<p>First Cisl ha firmato nella notte, insieme agli altri sindacati del credito, il Contratto integrativo con Iccrea. L\u2019accordo \u00e8 il primo nel gruppo dalla riforma del credito cooperativo ed interessa oltre 22mila lavoratrici e lavoratori, pi\u00f9 di 2mila sul nostro territorio. Il settore del credito cooperativo \u00e8 stato fondamentale in questi anni per riempire i [&hellip;]<\/p>\n","protected":false},"author":55,"featured_media":6015,"comment_status":"closed","ping_status":"closed","sticky":false,"template":"","format":"standard","meta":{"footnotes":""},"categories":[4],"tags":[],"class_list":["post-6011","post","type-post","status-publish","format-standard","has-post-thumbnail","hentry","category-in-primo-piano"],"_links":{"self":[{"href":"https:\/\/www.firstcisl.it\/emiliaromagna\/wp-json\/wp\/v2\/posts\/6011","targetHints":{"allow":["GET"]}}],"collection":[{"href":"https:\/\/www.firstcisl.it\/emiliaromagna\/wp-json\/wp\/v2\/posts"}],"about":[{"href":"https:\/\/www.firstcisl.it\/emiliaromagna\/wp-json\/wp\/v2\/types\/post"}],"author":[{"embeddable":true,"href":"https:\/\/www.firstcisl.it\/emiliaromagna\/wp-json\/wp\/v2\/users\/55"}],"replies":[{"embeddable":true,"href":"https:\/\/www.firstcisl.it\/emiliaromagna\/wp-json\/wp\/v2\/comments?post=6011"}],"version-history":[{"count":4,"href":"https:\/\/www.firstcisl.it\/emiliaromagna\/wp-json\/wp\/v2\/posts\/6011\/revisions"}],"predecessor-version":[{"id":6016,"href":"https:\/\/www.firstcisl.it\/emiliaromagna\/wp-json\/wp\/v2\/posts\/6011\/revisions\/6016"}],"wp:featuredmedia":[{"embeddable":true,"href":"https:\/\/www.firstcisl.it\/emiliaromagna\/wp-json\/wp\/v2\/media\/6015"}],"wp:attachment":[{"href":"https:\/\/www.firstcisl.it\/emiliaromagna\/wp-json\/wp\/v2\/media?parent=6011"}],"wp:term":[{"taxonomy":"category","embeddable":true,"href":"https:\/\/www.firstcisl.it\/emiliaromagna\/wp-json\/wp\/v2\/categories?post=6011"},{"taxonomy":"post_tag","embeddable":true,"href":"https:\/\/www.firstcisl.it\/emiliaromagna\/wp-json\/wp\/v2\/tags?post=6011"}],"curies":[{"name":"wp","href":"https:\/\/api.w.org\/{rel}","templated":true}]}}