{"id":4694,"date":"2023-03-29T12:36:13","date_gmt":"2023-03-29T10:36:13","guid":{"rendered":"https:\/\/www.firstcisl.it\/emiliaromagna\/?p=4694"},"modified":"2023-03-29T12:36:13","modified_gmt":"2023-03-29T10:36:13","slug":"caf-cisl-attenzione-e-assistenza-alle-persone","status":"publish","type":"post","link":"https:\/\/www.firstcisl.it\/emiliaromagna\/2023\/03\/29\/caf-cisl-attenzione-e-assistenza-alle-persone\/","title":{"rendered":"Caf Cisl: attenzione e assistenza alle persone"},"content":{"rendered":"<p><span style=\"font-size: 10pt\">Nato nel 1993, il\u00a0<span style=\"text-decoration: underline\"><strong><a href=\"https:\/\/www.cafcisl.it\/\" target=\"_blank\" rel=\"noopener\">Caf Cisl<\/a><\/strong><\/span>\u00a0si \u00e8 rapidamente consolidato sul territorio nazionale con oltre 2000 sedi che\u00a0<strong>forniscono ogni anno supporto ad oltre tre milioni di persone<\/strong>\u00a0a fronte di dubbi ed esigenze di carattere fiscale e di prestazioni sociali.<\/span><\/p>\n<p><span style=\"font-size: 13.3333px\">Il<\/span><strong style=\"font-size: 13.3333px\">\u00a0Caf Cisl<\/strong><span style=\"font-size: 13.3333px\">\u00a0vuole essere un\u00a0<\/span><strong style=\"font-size: 13.3333px\">ponte di collegamento<\/strong><span style=\"font-size: 13.3333px\">\u00a0per la tutela e l\u2019assistenza di lavoratori e pensionati anche al di fuori dei luoghi di lavoro, affinch\u00e9 bisogni propri e dei propri familiari possano trovare risposta e soluzione.<\/span><\/p>\n<p><a href=\"https:\/\/www.firstcisl.it\/emiliaromagna\/wp-content\/uploads\/sites\/17\/2023\/03\/WhatsApp-Image-2023-03-28-at-18.27.51.jpeg\" target=\"_blank\" rel=\"noopener\"><img loading=\"lazy\" decoding=\"async\" class=\"alignleft wp-image-4697 size-medium\" src=\"https:\/\/www.firstcisl.it\/emiliaromagna\/wp-content\/uploads\/sites\/17\/2023\/03\/WhatsApp-Image-2023-03-28-at-18.27.51-211x300.jpeg\" alt=\"\" width=\"211\" height=\"300\" srcset=\"https:\/\/www.firstcisl.it\/emiliaromagna\/wp-content\/uploads\/sites\/17\/2023\/03\/WhatsApp-Image-2023-03-28-at-18.27.51-211x300.jpeg 211w, https:\/\/www.firstcisl.it\/emiliaromagna\/wp-content\/uploads\/sites\/17\/2023\/03\/WhatsApp-Image-2023-03-28-at-18.27.51-719x1024.jpeg 719w, https:\/\/www.firstcisl.it\/emiliaromagna\/wp-content\/uploads\/sites\/17\/2023\/03\/WhatsApp-Image-2023-03-28-at-18.27.51-768x1094.jpeg 768w, https:\/\/www.firstcisl.it\/emiliaromagna\/wp-content\/uploads\/sites\/17\/2023\/03\/WhatsApp-Image-2023-03-28-at-18.27.51-1078x1536.jpeg 1078w, https:\/\/www.firstcisl.it\/emiliaromagna\/wp-content\/uploads\/sites\/17\/2023\/03\/WhatsApp-Image-2023-03-28-at-18.27.51.jpeg 1123w\" sizes=\"auto, (max-width: 211px) 100vw, 211px\" \/><\/a><a href=\"https:\/\/www.firstcisl.it\/emiliaromagna\/wp-content\/uploads\/sites\/17\/2023\/03\/WhatsApp-Image-2023-03-28-at-18.29.14.jpeg\" target=\"_blank\" rel=\"noopener\"><img loading=\"lazy\" decoding=\"async\" class=\"alignleft wp-image-4699 size-medium\" src=\"https:\/\/www.firstcisl.it\/emiliaromagna\/wp-content\/uploads\/sites\/17\/2023\/03\/WhatsApp-Image-2023-03-28-at-18.29.14-240x300.jpeg\" alt=\"\" width=\"240\" height=\"300\" srcset=\"https:\/\/www.firstcisl.it\/emiliaromagna\/wp-content\/uploads\/sites\/17\/2023\/03\/WhatsApp-Image-2023-03-28-at-18.29.14-240x300.jpeg 240w, https:\/\/www.firstcisl.it\/emiliaromagna\/wp-content\/uploads\/sites\/17\/2023\/03\/WhatsApp-Image-2023-03-28-at-18.29.14-819x1024.jpeg 819w, https:\/\/www.firstcisl.it\/emiliaromagna\/wp-content\/uploads\/sites\/17\/2023\/03\/WhatsApp-Image-2023-03-28-at-18.29.14-768x960.jpeg 768w, https:\/\/www.firstcisl.it\/emiliaromagna\/wp-content\/uploads\/sites\/17\/2023\/03\/WhatsApp-Image-2023-03-28-at-18.29.14.jpeg 1080w\" sizes=\"auto, (max-width: 240px) 100vw, 240px\" \/><\/a><\/p>\n<p><span style=\"font-size: 10pt\">La centralit\u00e0 della persona \u00e8 il valore di riferimento dell&#8217;azione sindacale della CISL: rivolgendoti al Caf Cisl troverai professionalit\u00e0 e competenza garantite grazie alla formazione continua e all\u2019innovazione tecnologica.<\/span><\/p>\n<p><span style=\"font-size: 10pt\">Ma non solo. Al Caf Cisl troverai soprattutto\u00a0<strong>persone attente e pronte ad assistere altre persone<\/strong>. Una rete di servizi al tuo servizio.<\/span><\/p>\n<p><span style=\"font-size: 10pt\">Oltre che in sede, il Caf Cisl \u00e8 a disposizione degli utenti anche attraverso la\u00a0<strong><a href=\"https:\/\/www.cafcisl.it\/schede-10-contatti\" target=\"_blank\" rel=\"noopener\">sezione contatti del sito web<\/a><\/strong>, sui canali social, la sezione <\/span><a href=\"https:\/\/www.cafcisl.it\/schede-11-prenota_appuntamento\" target=\"_blank\" rel=\"noopener\"><strong><span style=\"font-size: 13.3333px\">prenota un appuntamento del sito web<\/span><\/strong><\/a><span style=\"font-size: 10pt\">\u00a0e attraverso due numeri verdi gratuiti: il <\/span><strong style=\"font-size: 10pt\">numero verde Cisl 800249307<\/strong><span style=\"font-size: 10pt\">\u00a0che fornisce tutte le informazioni sui recapiti e i servizi Caf Cisl e il\u00a0<\/span><strong style=\"font-size: 10pt\">numero 800800730<\/strong><span style=\"font-size: 10pt\">\u00a0dedicato alla prenotazione degli appuntamenti in tutte le sedi Caf Cisl sul territorio nazionale.<\/span><\/p>\n<p>&nbsp;<\/p>\n<p>&nbsp;<\/p>\n<div class=\"gsp_post_data\" \r\n\t            data-post_type=\"post\" \r\n\t            data-cat=\"in-primo-piano\" \r\n\t            data-modified=\"120\"\r\n\t            data-created=\"1680093373\"\r\n\t            data-title=\"Caf Cisl: attenzione e assistenza alle persone\" \r\n\t            data-home=\"https:\/\/www.firstcisl.it\/emiliaromagna\"><\/div>","protected":false},"excerpt":{"rendered":"<p>Nato nel 1993, il\u00a0Caf Cisl\u00a0si \u00e8 rapidamente consolidato sul territorio nazionale con oltre 2000 sedi che\u00a0forniscono ogni anno supporto ad oltre tre milioni di persone\u00a0a fronte di dubbi ed esigenze di carattere fiscale e di prestazioni sociali. Il\u00a0Caf Cisl\u00a0vuole essere un\u00a0ponte di collegamento\u00a0per la tutela e l\u2019assistenza di lavoratori e pensionati anche al di fuori [&hellip;]<\/p>\n","protected":false},"author":55,"featured_media":4695,"comment_status":"closed","ping_status":"closed","sticky":false,"template":"","format":"standard","meta":{"footnotes":""},"categories":[4],"tags":[],"class_list":["post-4694","post","type-post","status-publish","format-standard","has-post-thumbnail","hentry","category-in-primo-piano"],"_links":{"self":[{"href":"https:\/\/www.firstcisl.it\/emiliaromagna\/wp-json\/wp\/v2\/posts\/4694","targetHints":{"allow":["GET"]}}],"collection":[{"href":"https:\/\/www.firstcisl.it\/emiliaromagna\/wp-json\/wp\/v2\/posts"}],"about":[{"href":"https:\/\/www.firstcisl.it\/emiliaromagna\/wp-json\/wp\/v2\/types\/post"}],"author":[{"embeddable":true,"href":"https:\/\/www.firstcisl.it\/emiliaromagna\/wp-json\/wp\/v2\/users\/55"}],"replies":[{"embeddable":true,"href":"https:\/\/www.firstcisl.it\/emiliaromagna\/wp-json\/wp\/v2\/comments?post=4694"}],"version-history":[{"count":11,"href":"https:\/\/www.firstcisl.it\/emiliaromagna\/wp-json\/wp\/v2\/posts\/4694\/revisions"}],"predecessor-version":[{"id":4708,"href":"https:\/\/www.firstcisl.it\/emiliaromagna\/wp-json\/wp\/v2\/posts\/4694\/revisions\/4708"}],"wp:featuredmedia":[{"embeddable":true,"href":"https:\/\/www.firstcisl.it\/emiliaromagna\/wp-json\/wp\/v2\/media\/4695"}],"wp:attachment":[{"href":"https:\/\/www.firstcisl.it\/emiliaromagna\/wp-json\/wp\/v2\/media?parent=4694"}],"wp:term":[{"taxonomy":"category","embeddable":true,"href":"https:\/\/www.firstcisl.it\/emiliaromagna\/wp-json\/wp\/v2\/categories?post=4694"},{"taxonomy":"post_tag","embeddable":true,"href":"https:\/\/www.firstcisl.it\/emiliaromagna\/wp-json\/wp\/v2\/tags?post=4694"}],"curies":[{"name":"wp","href":"https:\/\/api.w.org\/{rel}","templated":true}]}}