{"id":4593,"date":"2022-12-01T03:00:00","date_gmt":"2022-12-01T02:00:00","guid":{"rendered":"https:\/\/www.firstcisl.it\/emiliaromagna\/?p=4593"},"modified":"2022-12-01T13:17:12","modified_gmt":"2022-12-01T12:17:12","slug":"tra-esodo-e-continuita-il-senso-del-dovere-di-daniele-bedogni","status":"publish","type":"post","link":"https:\/\/www.firstcisl.it\/emiliaromagna\/2022\/12\/01\/tra-esodo-e-continuita-il-senso-del-dovere-di-daniele-bedogni\/","title":{"rendered":"Tra esodo e continuit\u00e0: il senso del dovere di Daniele Bedogni"},"content":{"rendered":"<p style=\"text-align: justify\"><span style=\"font-size: 10pt\">Oggi il nostro\u00a0<strong>Segretario Responsabile Daniele Bedogni<\/strong>\u00a0entra ufficialmente in esodo, ma il suo mandato professionale con First Cisl Emilia Romagna non si esaurisce, anzi\u2026<\/span><\/p>\n<p style=\"text-align: justify\"><span style=\"font-size: 10pt\">Daniele inizia la sua attivit\u00e0 sindacale nel 1995. Accade tutto durante un\u2019assemblea, oceanica e infuocata, dei lavoratori della ex Cassa di Risparmio a Reggio Emilia, partecipata da circa 1000 persone e mancante solo del presidente, del direttore e un paio di altri soggetti.<\/span><\/p>\n<p style=\"text-align: justify\"><span style=\"font-size: 10pt\">L\u2019allora neo-responsabile della sas Fiba, Alessandro Spaggiari, teneva l\u2019incontro e dal palco parlava ai dipendenti della banca cercando di moderare gli animi e di calmare i presenti.<\/span><\/p>\n<p style=\"text-align: justify\"><span style=\"font-size: 10pt\">Al termine, Daniele gli si avvicina chiedendo \u201cma chi te lo fa fare?\u201d, ma Spaggiari risponde \u201c<strong>abbiamo bisogno di persone come te<\/strong>,\u00a0<strong>domani ne parliamo<\/strong>\u201d. Inizia cos\u00ec il lungo percorso di Daniele arrivato ad oggi, alle soglie del prepensionamento.<\/span><\/p>\n<p style=\"text-align: justify\"><span style=\"font-size: 10pt\">Dal 1999 al 2010 Daniele diviene Segretario territoriale della Fiba di Reggio Emilia, partecipando a tutte le trattative di fusione che portano la Cassa prima in Bipop, poi in Capitalia ed infine in Unicredit.<\/span><\/p>\n<p style=\"text-align: justify\"><span style=\"font-size: 10pt\">Dal 2010 al 2012 entra a far parte della Segreteria confederale della Cisl Reggio Emilia, incarico che lascia per entrare nello staff di First Cisl Emilia Romagna. Nel 2015 riceve la nomina di Segretario organizzativo della Segreteria First Cisl Emilia Romagna a seguito della nomina di Segretaria Responsabile della nostra carissima amica Sabrina Nanni.<\/span><\/p>\n<p style=\"text-align: justify\"><span style=\"font-size: 10pt\">Sabrina lascia la Segreteria alla fine del proprio mandato per rilevare altri incarichi della nostra organizzazione ed \u00e8 proprio Daniele a sostituirla a seguito dell\u2019elezione ricevuta durante il Congresso Regionale First Cisl Emilia Romagna denominato\u00a0<span style=\"text-decoration: underline\"><strong><a href=\"https:\/\/www.firstcisl.it\/emiliaromagna\/2022\/01\/21\/eletta-la-nuova-segreteria-first-cisl-emilia-romagna\/\" target=\"_blank\" rel=\"noopener\">Verso quale futuro<\/a><\/strong><\/span>\u00a0dello scorso gennaio.<\/span><\/p>\n<p style=\"text-align: justify\"><span style=\"font-size: 10pt\">Daniele ama la montagna come pochi e per lui i sassi non sono tutti uguali. Ha avuto l\u2019ardire di proporre un percorso formativo sull\u2019ascolto profondo ai frati francescani, destabilizzandoli, ma ha anche macchiato il proprio percorso, e lui lo sa, avendo promesso ad un amico, per ragioni qui non confessabili, che avrebbe realizzato una fontana nel retro del giardino e non lo ha mai fatto.<\/span><\/p>\n<p style=\"text-align: justify\"><span style=\"font-size: 10pt\">Insomma, un po\u2019 spiccio (qualcuno dice rude) forse s\u00ec, ma tanta sostanza.<\/span><\/p>\n<p style=\"text-align: justify\"><span style=\"font-size: 10pt\">Persona molto concreta e operativa, viene spesso accusato di difettare di stile, sensibilit\u00e0 e gusto, ma non \u00e8 vero: capita che al ristorante ordini la saut\u00e9 mista con due fanta (perch\u00e9 non si sa mai che terminino), pertanto l\u2019abbinamento pesce e fanta \u00e8 indice di un gusto chiaro. Il suo ex collega di Bipop-carire, Lorenzo Festa, sosteneva che utilizzasse un metodo preciso per estrarre gli abiti dall\u2019armadio la mattina e vestirsi: il sorteggio e la maggiore prossimit\u00e0 al braccio.<\/span><\/p>\n<p style=\"text-align: justify\"><span style=\"font-size: 10pt\">Anche in questo caso frutto di una metodologia non casuale.<\/span><\/p>\n<p style=\"text-align: justify\"><span style=\"font-size: 10pt\">Daniele non \u00e8 tutto qui, ovviamente, \u00e8 tanto di pi\u00f9. \u00c8 sempre stato ad esempio un vanitoso: si vantava quando lo divent\u00f2, di essere il peggior segretario territoriale d\u2019Italia. Insomma, non proprio un uomo convenzionale, ma di lungo corso.<\/span><\/p>\n<p style=\"text-align: justify\"><span style=\"font-size: 10pt\">Daniele \u00e8 per\u00f2 sicuramente una persona molto competente e preparata che, proseguendo l\u2019egregio lavoro avviato da Sabrina, ci sta guidando con responsabilit\u00e0\u00a0<strong>per prepararci al futuro che ci aspetta<\/strong>, mantenendo pertanto fede al messaggio lanciato durante il citato Congresso.<\/span><\/p>\n<p style=\"text-align: justify\"><span style=\"font-size: 10pt\">La parola chiave del suo mandato \u00e8\u00a0<strong>la\u00a0formazione<\/strong>, strumento fondamentale per aggiornarci, fare rete e arricchirci di nuovi attrezzi per la nostra cassetta; inoltre, \u00e8 costante\u00a0<strong>il supporto<\/strong>\u00a0fornito ai settori, ai dipartimenti ed ai territori, affinch\u00e9 non venga mai meno il nostro impegno nei confronti dei lavoratori della nostra categoria.<\/span><\/p>\n<p style=\"text-align: justify\"><span style=\"font-size: 10pt\">Oggi Daniele \u00e8 una persona contenta della propria esperienza sindacale ed entra in esodo sapendo di aver contribuito al meglio alla costruzione di una organizzazione che si permea dei\u00a0<strong>principi fondanti di Cisl<\/strong>.<\/span><\/p>\n<p style=\"text-align: justify\"><span style=\"font-size: 10pt\">Come per ogni lavoratore, anche per Daniele l\u2019esodo lavorativo \u00e8 un periodo particolare della sua vita: <strong>ma cosa significa andare in esodo?<\/strong><\/span><\/p>\n<p style=\"text-align: justify\"><span style=\"font-size: 10pt\">Il Fondo di Solidariet\u00e0 per la Riconversione e Riqualificazione Professionale per il Sostegno dell\u2019Occupazione e del Reddito del Personale del Credito e delle Assicurazioni, \u00e8 uno strumento istituito alla fine degli anni novanta con lo scopo di individuare\u00a0<strong>politiche attive di sostegno<\/strong>\u00a0<strong>al reddito<\/strong>\u00a0che ha consentito di fronteggiare, in completa autonomia gestionale, patrimoniale e finanziaria, le tensioni occupazionali nel sistema, mitigando l&#8217;impatto sociale derivante dai processi di riorganizzazione, riconversione e riposizionamento strategico delle aziende del settore, evitando quindi il rischio di ricorrere a licenziamenti collettivi, o ad altri strumenti di intervento.<\/span><\/p>\n<p style=\"text-align: justify\"><span style=\"font-size: 10pt\">Dalla sua istituzione l\u2019attivit\u00e0 del Fondo \u00e8 distinta in ordinaria, straordinaria ed emergenziale ma fino ad oggi la prestazione utilizzata, pressoch\u00e9 in via prevalente nel settore creditizio, \u00e8 quella Straordinaria, pi\u00f9 nota come\u00a0<strong>Fondo Esuberi<\/strong>.<\/span><\/p>\n<p style=\"text-align: justify\"><span style=\"font-size: 10pt\">Il Fondo \u00e8 alimentato da contributi base a carico sia dai lavoratori in servizio che degli istituti finanziari, oltre a contribuzioni aggiuntive corrisposte da questi ultimi.<\/span><\/p>\n<p style=\"text-align: justify\"><span style=\"font-size: 10pt\">Cessare il rapporto di lavoro ed entrare nel Fondo Esuberi significa quindi percepire un assegno di sostegno al reddito fino al momento della pensione la cui contribuzione \u00e8 calcolata sulla situazione retributiva individuale e non beneficia della perequazione automatica e non costituisce reddito fiscale.<\/span><\/p>\n<p style=\"text-align: justify\"><span style=\"font-size: 10pt\">Va da s\u00e9 che per Daniele l\u2019incarico sindacale costituisce passione, impegno e dedizione autentiche e coerenti con lo spirito di partecipazione ed inclusivit\u00e0 che hanno sempre contraddistinto e permeato il suo carattere e le sue scelte politiche e organizzative.<\/span><\/p>\n<p style=\"text-align: justify\"><span style=\"font-size: 10pt\">Possiamo quindi affermare, sinceramente e senza opportunismo, che \u00e8 un piacere lavorare con Daniele e per questo siamo pi\u00f9 che contenti della scelta da lui fatta:\u00a0<strong>continuare a prepararci e a seguirci<\/strong>\u00a0nel nostro lavoro di cura e assistenza degli iscritti bancari, assicurativi e delle riscossioni.<\/span><\/p>\n<p style=\"text-align: justify\"><span style=\"font-size: 10pt\">Con stima e affetto, la Segreteria First Cisl Emilia Romagna, i dipartimenti ed i settori di First Cisl Emilia Romagna, la Segreteria di First Cisl Romagna, la Segreteria di First Cisl Emilia Centrale, la Segreteria di First Cisl Area Metropolitana Bolognese e Ferrara e la Segreteria di First Cisl Parma e Piacenza.<\/span><\/p>\n<p>&nbsp;<\/p>\n<p><span style=\"font-size: 10pt\">Per approfondimenti sui Fondi di solidariet\u00e0 leggi\u00a0<span style=\"text-decoration: underline\"><strong><a href=\"https:\/\/www.firstcisl.it\/wp-content\/uploads\/2022\/09\/Guida-ai-Fondi-di-Solidarieta-edizione-MARZO2022-AGG2.pdf\" target=\"_blank\" rel=\"noopener\">la guida<\/a><\/strong><\/span>\u00a0preparata da First Cisl EsoFirst.<\/span><\/p>\n<p>&nbsp;<\/p>\n<p>&nbsp;<\/p>\n<div class=\"gsp_post_data\" \r\n\t            data-post_type=\"post\" \r\n\t            data-cat=\"in-primo-piano\" \r\n\t            data-modified=\"120\"\r\n\t            data-created=\"1669863600\"\r\n\t            data-title=\"Tra esodo e continuit\u00e0: il senso del dovere di Daniele Bedogni\" \r\n\t            data-home=\"https:\/\/www.firstcisl.it\/emiliaromagna\"><\/div>","protected":false},"excerpt":{"rendered":"<p>Oggi il nostro\u00a0Segretario Responsabile Daniele Bedogni\u00a0entra ufficialmente in esodo, ma il suo mandato professionale con First Cisl Emilia Romagna non si esaurisce, anzi\u2026 Daniele inizia la sua attivit\u00e0 sindacale nel 1995. Accade tutto durante un\u2019assemblea, oceanica e infuocata, dei lavoratori della ex Cassa di Risparmio a Reggio Emilia, partecipata da circa 1000 persone e mancante [&hellip;]<\/p>\n","protected":false},"author":55,"featured_media":4594,"comment_status":"closed","ping_status":"closed","sticky":false,"template":"","format":"standard","meta":{"footnotes":""},"categories":[4],"tags":[],"class_list":["post-4593","post","type-post","status-publish","format-standard","has-post-thumbnail","hentry","category-in-primo-piano"],"_links":{"self":[{"href":"https:\/\/www.firstcisl.it\/emiliaromagna\/wp-json\/wp\/v2\/posts\/4593","targetHints":{"allow":["GET"]}}],"collection":[{"href":"https:\/\/www.firstcisl.it\/emiliaromagna\/wp-json\/wp\/v2\/posts"}],"about":[{"href":"https:\/\/www.firstcisl.it\/emiliaromagna\/wp-json\/wp\/v2\/types\/post"}],"author":[{"embeddable":true,"href":"https:\/\/www.firstcisl.it\/emiliaromagna\/wp-json\/wp\/v2\/users\/55"}],"replies":[{"embeddable":true,"href":"https:\/\/www.firstcisl.it\/emiliaromagna\/wp-json\/wp\/v2\/comments?post=4593"}],"version-history":[{"count":5,"href":"https:\/\/www.firstcisl.it\/emiliaromagna\/wp-json\/wp\/v2\/posts\/4593\/revisions"}],"predecessor-version":[{"id":4599,"href":"https:\/\/www.firstcisl.it\/emiliaromagna\/wp-json\/wp\/v2\/posts\/4593\/revisions\/4599"}],"wp:featuredmedia":[{"embeddable":true,"href":"https:\/\/www.firstcisl.it\/emiliaromagna\/wp-json\/wp\/v2\/media\/4594"}],"wp:attachment":[{"href":"https:\/\/www.firstcisl.it\/emiliaromagna\/wp-json\/wp\/v2\/media?parent=4593"}],"wp:term":[{"taxonomy":"category","embeddable":true,"href":"https:\/\/www.firstcisl.it\/emiliaromagna\/wp-json\/wp\/v2\/categories?post=4593"},{"taxonomy":"post_tag","embeddable":true,"href":"https:\/\/www.firstcisl.it\/emiliaromagna\/wp-json\/wp\/v2\/tags?post=4593"}],"curies":[{"name":"wp","href":"https:\/\/api.w.org\/{rel}","templated":true}]}}