{"id":4353,"date":"2022-05-30T10:11:37","date_gmt":"2022-05-30T08:11:37","guid":{"rendered":"https:\/\/www.firstcisl.it\/emiliaromagna\/?p=4353"},"modified":"2022-05-30T10:11:37","modified_gmt":"2022-05-30T08:11:37","slug":"first-cisl-celebra-la-giornata-mondiale-dei-genitori","status":"publish","type":"post","link":"https:\/\/www.firstcisl.it\/emiliaromagna\/2022\/05\/30\/first-cisl-celebra-la-giornata-mondiale-dei-genitori\/","title":{"rendered":"First Cisl celebra la Giornata mondiale dei genitori"},"content":{"rendered":"<p style=\"text-align: justify\"><span style=\"font-size: 10pt\">Il primo giugno si celebra la\u00a0<strong>Giornata mondiale dei genitori<\/strong>, una ricorrenza\u00a0<span style=\"text-decoration: underline\"><strong><a href=\"https:\/\/bit.ly\/3a6yGOc\" target=\"_blank\" rel=\"noopener noreferrer\">istituita dall\u2019ONU<\/a><\/strong><\/span>\u00a0per riconoscere e sottolineare il ruolo fondamentale dei genitori nella cura, protezione ed educazione dei figli.<\/span><\/p>\n<p style=\"text-align: justify\"><span style=\"font-size: 10pt\">Anche First Cisl celebra questo evento attraverso <span style=\"text-decoration: underline\"><strong><a href=\"https:\/\/bit.ly\/3c5BwkF\" target=\"_blank\" rel=\"noopener noreferrer\">un manifesto<\/a><\/strong><\/span>\u00a0per evidenziare che \u201cEssere genitori non \u00e8 sempre facile\u2026 tutti i giorni si affrontano ostacoli enormi per rinnovare la fragile, complessa e meravigliosa esperienza della vita!\u201d.<\/span><\/p>\n<p style=\"text-align: justify\"><span style=\"font-size: 10pt\">Inoltre, la\u00a0<strong>Struttura Donne e politiche di parit\u00e0 e di genere<\/strong>\u00a0ha annunciato l\u2019uscita dell\u2019aggiornamento della pubblicazione\u00a0<strong>Fattore Tempo<\/strong>, disponibile dal primo giugno, che includer\u00e0 due nuovi capitoli dedicati alla maternit\u00e0 e paternit\u00e0 e alla disabilit\u00e0.<\/span><\/p>\n<p style=\"text-align: justify\"><span style=\"font-size: 10pt\">Scarica\u00a0<span style=\"text-decoration: underline\"><strong><a href=\"https:\/\/bit.ly\/3c5BwkF\" target=\"_blank\" rel=\"noopener noreferrer\">la locandina<\/a><\/strong><\/span><\/span><br \/>\n<span style=\"font-size: 10pt\">Leggi l\u2019<span style=\"text-decoration: underline\"><strong><a href=\"https:\/\/bit.ly\/3fV3PU5\" target=\"_blank\" rel=\"noopener noreferrer\">articolo<\/a><\/strong><\/span>\u00a0di First Cisl<\/span><\/p>\n<p>&nbsp;<\/p>\n<p>&nbsp;<\/p>\n<div class=\"gsp_post_data\" \r\n\t            data-post_type=\"post\" \r\n\t            data-cat=\"in-primo-piano\" \r\n\t            data-modified=\"120\"\r\n\t            data-created=\"1653905497\"\r\n\t            data-title=\"First Cisl celebra la Giornata mondiale dei genitori\" \r\n\t            data-home=\"https:\/\/www.firstcisl.it\/emiliaromagna\"><\/div>","protected":false},"excerpt":{"rendered":"<p>Il primo giugno si celebra la\u00a0Giornata mondiale dei genitori, una ricorrenza\u00a0istituita dall\u2019ONU\u00a0per riconoscere e sottolineare il ruolo fondamentale dei genitori nella cura, protezione ed educazione dei figli. Anche First Cisl celebra questo evento attraverso un manifesto\u00a0per evidenziare che \u201cEssere genitori non \u00e8 sempre facile\u2026 tutti i giorni si affrontano ostacoli enormi per rinnovare la fragile, [&hellip;]<\/p>\n","protected":false},"author":55,"featured_media":4354,"comment_status":"closed","ping_status":"closed","sticky":false,"template":"","format":"standard","meta":{"footnotes":""},"categories":[4],"tags":[],"class_list":["post-4353","post","type-post","status-publish","format-standard","has-post-thumbnail","hentry","category-in-primo-piano"],"_links":{"self":[{"href":"https:\/\/www.firstcisl.it\/emiliaromagna\/wp-json\/wp\/v2\/posts\/4353","targetHints":{"allow":["GET"]}}],"collection":[{"href":"https:\/\/www.firstcisl.it\/emiliaromagna\/wp-json\/wp\/v2\/posts"}],"about":[{"href":"https:\/\/www.firstcisl.it\/emiliaromagna\/wp-json\/wp\/v2\/types\/post"}],"author":[{"embeddable":true,"href":"https:\/\/www.firstcisl.it\/emiliaromagna\/wp-json\/wp\/v2\/users\/55"}],"replies":[{"embeddable":true,"href":"https:\/\/www.firstcisl.it\/emiliaromagna\/wp-json\/wp\/v2\/comments?post=4353"}],"version-history":[{"count":1,"href":"https:\/\/www.firstcisl.it\/emiliaromagna\/wp-json\/wp\/v2\/posts\/4353\/revisions"}],"predecessor-version":[{"id":4355,"href":"https:\/\/www.firstcisl.it\/emiliaromagna\/wp-json\/wp\/v2\/posts\/4353\/revisions\/4355"}],"wp:featuredmedia":[{"embeddable":true,"href":"https:\/\/www.firstcisl.it\/emiliaromagna\/wp-json\/wp\/v2\/media\/4354"}],"wp:attachment":[{"href":"https:\/\/www.firstcisl.it\/emiliaromagna\/wp-json\/wp\/v2\/media?parent=4353"}],"wp:term":[{"taxonomy":"category","embeddable":true,"href":"https:\/\/www.firstcisl.it\/emiliaromagna\/wp-json\/wp\/v2\/categories?post=4353"},{"taxonomy":"post_tag","embeddable":true,"href":"https:\/\/www.firstcisl.it\/emiliaromagna\/wp-json\/wp\/v2\/tags?post=4353"}],"curies":[{"name":"wp","href":"https:\/\/api.w.org\/{rel}","templated":true}]}}